{"id":210963,"date":"2025-10-31T14:50:09","date_gmt":"2025-10-31T14:50:09","guid":{"rendered":"https:\/\/www.europesays.com\/es\/210963\/"},"modified":"2025-10-31T14:50:09","modified_gmt":"2025-10-31T14:50:09","slug":"espana-participa-en-la-investigacion-del-cometa-interestelar-3i-atlas","status":"publish","type":"post","link":"https:\/\/www.europesays.com\/es\/210963\/","title":{"rendered":"Espa\u00f1a participa en la investigaci\u00f3n del cometa interestelar 3I\/ATLAS"},"content":{"rendered":"<p>Espa\u00f1a se encuentra entre los pa\u00edses que participan activamente en el estudio del cometa interestelar 3I\/ATLAS (C\/2025 N1), un fen\u00f3meno astron\u00f3mico excepcional que ofrece una oportunidad \u00fanica para explorar materiales formados fuera del sistema solar. El proyecto, enmarcado en una colaboraci\u00f3n internacional de alto nivel, sit\u00faa nuevamente a la ciencia espa\u00f1ola en una posici\u00f3n destacada dentro de la investigaci\u00f3n astron\u00f3mica global.<\/p>\n<p><strong>El 3I\/ATLAS fue descubierto el 1 de julio de 2025<\/strong> por la red ATLAS (Asteroid Terrestrial-impact Last Alert System), en Chile. Se trata del tercer objeto confirmado proveniente del espacio interestelar, tras los casos de \u02bbOumuamua (2017) y 2I\/Borisov (2019). Su \u00f3rbita hiperb\u00f3lica demuestra que no pertenece al Sistema Solar y que, tras su paso, volver\u00e1 al espacio interestelar, donde continuar\u00e1 su trayectoria m\u00e1s all\u00e1 de nuestro alcance.<\/p>\n<p><strong>El cometa alcanz\u00f3 su punto m\u00e1s cercano a la Tierra el 30 de octubre<\/strong>, a unos 270 millones de kil\u00f3metros, una distancia que garantiza ausencia total de riesgo para nuestro planeta. Ahora, ha continuado su viaje hacia el exterior del sistema solar. Su perihelio \u2014el punto m\u00e1s pr\u00f3ximo al Sol\u2014 se producir\u00e1 cuando pase a 210 millones de kil\u00f3metros, cerca de la \u00f3rbita de Marte. En ese momento, mostrar\u00e1 su mayor actividad y brillo, siendo visible \u00fanicamente con telescopios profesionales.<\/p>\n<p>Con un n\u00facleo estimado entre 10 y 30 kil\u00f3metros de di\u00e1metro y una velocidad superior a 68 km\/s (unos 245.000 km\/h), el cometa constituye un objeto de gran inter\u00e9s para la comunidad cient\u00edfica por la posibilidad de analizar material originado en otro sistema estelar.<\/p>\n<p><strong>Colaboraci\u00f3n internacional<\/strong><\/p>\n<p>El estudio del cometa forma parte de una campa\u00f1a coordinada por la Red Internacional de Alerta de Asteroides (IAWN), bajo el paraguas de Naciones Unidas, con la participaci\u00f3n de la Agencia Espacial Europea (ESA) y la Nasa. <strong>La campa\u00f1a de observaci\u00f3n se desarrollar\u00e1 entre el 25 de noviembre de 2025 y el 27 de enero de 2026,<\/strong> y cuenta con una importante contribuci\u00f3n espa\u00f1ola.<\/p>\n<p>En Espa\u00f1a, participan de manera directa la Agencia Espacial Espa\u00f1ola (AEE) y varios observatorios e instituciones cient\u00edficas, entre ellos:\u00a0Instituto de Astrof\u00edsica de Canarias (IAC),\u00a0Parque Astron\u00f3mico del Montsec,\u00a0Observatorio La Ca\u00f1ada,\u00a0Observatorio Paus y\u00a0Light Bridges.<\/p>\n<p><strong>El IAC desempe\u00f1a un papel protagonista en el seguimiento del cometa.<\/strong> Desde los observatorios del Teide y Roque de los Muchachos, los equipos cient\u00edficos emplean instrumentos como ATLAS-Teide, TST, TTT y el Gran Telescopio Canarias (GTC) para confirmar la \u00f3rbita del cometa, analizar su composici\u00f3n y medir su actividad. Adem\u00e1s, colabora con la Universidad Complutense de Madrid (UCM) en la interpretaci\u00f3n de los datos espectrales obtenidos.<\/p>\n<p>Estos trabajos permitir\u00e1n determinar la edad, composici\u00f3n qu\u00edmica y posible origen gal\u00e1ctico del 3I\/ATLAS. <strong>Las primeras estimaciones apuntan a que podr\u00eda proceder de un sistema estelar formado miles de millones de a\u00f1os antes que el nuestro.<\/strong><\/p>\n<p>El inter\u00e9s cient\u00edfico del 3I\/ATLAS radica en que <strong>sus materiales no se han visto alterados por los procesos que han modificado los cuerpos del Sistema Solar<\/strong> a lo largo del tiempo. Estudiarlo permitir\u00e1 acceder a informaci\u00f3n sobre las condiciones f\u00edsicas y qu\u00edmicas en las que se formaron otros sistemas estelares.<\/p>\n<p><strong>Analizar su espectro y din\u00e1mica podr\u00eda revelar c\u00f3mo nacen los planetas y las estrellas<\/strong> en distintas regiones de la galaxia y ayudar a comprender la diversidad del cosmos. Este tipo de investigaciones ofrecen una ventana hacia los procesos que dieron origen a los sistemas planetarios, aportando informaci\u00f3n complementaria a la obtenida por misiones espaciales y telescopios de nueva generaci\u00f3n.<\/p>\n","protected":false},"excerpt":{"rendered":"Espa\u00f1a se encuentra entre los pa\u00edses que participan activamente en el estudio del cometa interestelar 3I\/ATLAS (C\/2025 N1),&hellip;\n","protected":false},"author":2,"featured_media":210964,"comment_status":"","ping_status":"","sticky":false,"template":"","format":"standard","meta":{"footnotes":""},"categories":[81],"tags":[119,123,124,25,24,117,121,122,23,118,120],"class_list":{"0":"post-210963","1":"post","2":"type-post","3":"status-publish","4":"format-standard","5":"has-post-thumbnail","7":"category-ciencia-y-tecnologia","8":"tag-ciencia","9":"tag-ciencia-y-tecnologia","10":"tag-cienciaytecnologia","11":"tag-es","12":"tag-espana","13":"tag-science","14":"tag-science-and-technology","15":"tag-scienceandtechnology","16":"tag-spain","17":"tag-technology","18":"tag-tecnologia"},"share_on_mastodon":{"url":"https:\/\/pubeurope.com\/@es\/115469342227202915","error":""},"_links":{"self":[{"href":"https:\/\/www.europesays.com\/es\/wp-json\/wp\/v2\/posts\/210963","targetHints":{"allow":["GET"]}}],"collection":[{"href":"https:\/\/www.europesays.com\/es\/wp-json\/wp\/v2\/posts"}],"about":[{"href":"https:\/\/www.europesays.com\/es\/wp-json\/wp\/v2\/types\/post"}],"author":[{"embeddable":true,"href":"https:\/\/www.europesays.com\/es\/wp-json\/wp\/v2\/users\/2"}],"replies":[{"embeddable":true,"href":"https:\/\/www.europesays.com\/es\/wp-json\/wp\/v2\/comments?post=210963"}],"version-history":[{"count":0,"href":"https:\/\/www.europesays.com\/es\/wp-json\/wp\/v2\/posts\/210963\/revisions"}],"wp:featuredmedia":[{"embeddable":true,"href":"https:\/\/www.europesays.com\/es\/wp-json\/wp\/v2\/media\/210964"}],"wp:attachment":[{"href":"https:\/\/www.europesays.com\/es\/wp-json\/wp\/v2\/media?parent=210963"}],"wp:term":[{"taxonomy":"category","embeddable":true,"href":"https:\/\/www.europesays.com\/es\/wp-json\/wp\/v2\/categories?post=210963"},{"taxonomy":"post_tag","embeddable":true,"href":"https:\/\/www.europesays.com\/es\/wp-json\/wp\/v2\/tags?post=210963"}],"curies":[{"name":"wp","href":"https:\/\/api.w.org\/{rel}","templated":true}]}}