{"id":210966,"date":"2025-10-31T14:52:09","date_gmt":"2025-10-31T14:52:09","guid":{"rendered":"https:\/\/www.europesays.com\/es\/210966\/"},"modified":"2025-10-31T14:52:09","modified_gmt":"2025-10-31T14:52:09","slug":"cesan-a-la-fiscal-militar-de-israel-por-la-filtracion-de-un-video-de-una-violacion-a-un-preso-palestino","status":"publish","type":"post","link":"https:\/\/www.europesays.com\/es\/210966\/","title":{"rendered":"Cesan a la fiscal militar de Israel por la filtraci\u00f3n de un v\u00eddeo de una violaci\u00f3n a un preso palestino"},"content":{"rendered":"<p style=\"\">El ministro de Defensa <a href=\"https:\/\/www.abc.es\/noticias\/israel\/\" title=\"www.abc.es\" data-voc-vtm-id=\"in-text-traffic\" data-mrf-link=\"www.abc.es\" rel=\"nofollow noopener\" target=\"_blank\">israel\u00ed<\/a>, Israel Katz, ha informado este viernes de que ha decidido cesar a la jefa de la Fiscal\u00eda militar del pa\u00eds, Yifat Tomer Yerushalmi, por su supuesta implicaci\u00f3n en la filtraci\u00f3n de un v\u00eddeo en el que se mostraba a  &#8230; <strong>varios soldados violando a un preso palestino en una c\u00e1rcel del pa\u00eds.<\/strong><\/p>\n<p class=\"voc-p\" style=\"\">El caso, que ha hecho saltar las alarmas y ha provocado cr\u00edticas por parte de la c\u00fapula militar ante lo que consideran un documento que hace peligrar a las Fuerzas Armadas, ha llevado a Katz a anunciar que <strong>la fiscal \u00abno volver\u00e1 a ocupar su cargo\u00bb<\/strong>. En este sentido, ha asegurado que garantizar\u00e1 que se hace justicia contra \u00abcualquiera que tome medidas contra los soldados del Ej\u00e9rcito de Israel\u00bb.<\/p>\n<p class=\"voc-p\" style=\"\">\u00abDada la gravedad de las sospechas (sobre la filtraci\u00f3n) y lo delicado del cargo que ocupa para hacer cumplir la ley, no hay motivos para que regrese al cargo\u00bb, ha aseverado el ministro en un comunicado en el que ha indicado que pronto se le requerir\u00e1 \u00abdejar su puesto\u00bb.<\/p>\n<p class=\"voc-p\" style=\"\">As\u00ed, ha afirmado que \u00abtiene previsto iniciar cuanto antes el proceso para <strong>elegir al nuevo fiscal militar<\/strong>\u00ab, que debe ser nombrado por el ministro de Defensa del pa\u00eds siguiendo las recomendaciones del jefe de las Fuerzas Armadas.<\/p>\n<p>\nInvestigaci\u00f3n sobre la filtraci\u00f3n del v\u00eddeo\n<\/p>\n<p class=\"voc-p\" style=\"\">La medida llega tan solo dos d\u00edas despu\u00e9s de que las fuerzas de seguridad anunciaran la apertura de una investigaci\u00f3n por la filtraci\u00f3n del v\u00eddeo, en el que se muestra c\u00f3mo<strong> los soldados eligen a un hombre que se encuentra tumbado desnudo <\/strong>sobre el suelo en la base de Sde Teiman. Posteriormente, los implicados lo colocan junto a una pared y lo violan mientras se cubren con escudos para ocultar su identidad.<\/p>\n<p class=\"voc-p\" style=\"\">Informaciones preliminares apuntan a que el documento gr\u00e1fico habr\u00eda sido filtrado por personas cercanas a la Jefatura de Polic\u00eda despu\u00e9s de que este fuera emitido en la cadena de televisi\u00f3n Channel 12 en agosto de 2024. Las pesquisas se encargan, adem\u00e1s, de abordar <strong>si Tomer Yerushalmi estaba al tanto y si lleg\u00f3 incluso a ordenar la filtraci\u00f3n del v\u00eddeo<\/strong>.<\/p>\n","protected":false},"excerpt":{"rendered":"El ministro de Defensa israel\u00ed, Israel Katz, ha informado este viernes de que ha decidido cesar a la&hellip;\n","protected":false},"author":2,"featured_media":210967,"comment_status":"","ping_status":"","sticky":false,"template":"","format":"standard","meta":{"footnotes":""},"categories":[42],"tags":[17,18,57043,13,14,19406,6987,11,61,62,63,64,74,19,20,6363,9,10,15,16,695,12470,12,21,22,2338,3033,65,66,67],"class_list":{"0":"post-210966","1":"post","2":"type-post","3":"status-publish","4":"format-standard","5":"has-post-thumbnail","7":"category-internacional","8":"tag-breaking-news","9":"tag-breakingnews","10":"tag-cesan","11":"tag-featured-news","12":"tag-featurednews","13":"tag-filtracion","14":"tag-fiscal","15":"tag-headlines","16":"tag-internacional","17":"tag-international","18":"tag-international-news","19":"tag-internationalnews","20":"tag-israel","21":"tag-latest-news","22":"tag-latestnews","23":"tag-militar","24":"tag-news","25":"tag-noticias","26":"tag-noticias-destacadas","27":"tag-noticiasdestacadas","28":"tag-palestino","29":"tag-preso","30":"tag-titulares","31":"tag-ultimas-noticias","32":"tag-ultimasnoticias","33":"tag-video","34":"tag-violacion","35":"tag-world","36":"tag-world-news","37":"tag-worldnews"},"share_on_mastodon":{"url":"","error":""},"_links":{"self":[{"href":"https:\/\/www.europesays.com\/es\/wp-json\/wp\/v2\/posts\/210966","targetHints":{"allow":["GET"]}}],"collection":[{"href":"https:\/\/www.europesays.com\/es\/wp-json\/wp\/v2\/posts"}],"about":[{"href":"https:\/\/www.europesays.com\/es\/wp-json\/wp\/v2\/types\/post"}],"author":[{"embeddable":true,"href":"https:\/\/www.europesays.com\/es\/wp-json\/wp\/v2\/users\/2"}],"replies":[{"embeddable":true,"href":"https:\/\/www.europesays.com\/es\/wp-json\/wp\/v2\/comments?post=210966"}],"version-history":[{"count":0,"href":"https:\/\/www.europesays.com\/es\/wp-json\/wp\/v2\/posts\/210966\/revisions"}],"wp:featuredmedia":[{"embeddable":true,"href":"https:\/\/www.europesays.com\/es\/wp-json\/wp\/v2\/media\/210967"}],"wp:attachment":[{"href":"https:\/\/www.europesays.com\/es\/wp-json\/wp\/v2\/media?parent=210966"}],"wp:term":[{"taxonomy":"category","embeddable":true,"href":"https:\/\/www.europesays.com\/es\/wp-json\/wp\/v2\/categories?post=210966"},{"taxonomy":"post_tag","embeddable":true,"href":"https:\/\/www.europesays.com\/es\/wp-json\/wp\/v2\/tags?post=210966"}],"curies":[{"name":"wp","href":"https:\/\/api.w.org\/{rel}","templated":true}]}}