{"id":210991,"date":"2025-10-31T15:11:11","date_gmt":"2025-10-31T15:11:11","guid":{"rendered":"https:\/\/www.europesays.com\/es\/210991\/"},"modified":"2025-10-31T15:11:11","modified_gmt":"2025-10-31T15:11:11","slug":"se-reducen-las-hospitalizaciones-por-gripe-en-euskadi-tras-aumentar-la-vacunacion","status":"publish","type":"post","link":"https:\/\/www.europesays.com\/es\/210991\/","title":{"rendered":"Se reducen las hospitalizaciones por gripe en Euskadi, tras aumentar la vacunaci\u00f3n"},"content":{"rendered":"<p>Las hospitalizaciones por gripe se han reducido en Araba, Bizkaia y Gipuzkoa a lo largo de esta semana. Se han registrado 34 ingresos en los centros vascos, la mitad de los que se contabilizaron la semana anterior.\u00a0<\/p>\n<p>En total, desde el inicio de la campa\u00f1a de este a\u00f1o, se han registrado 243 ingresos hospitalarios y 2346 casos de gripe, con una incidencia del 160,78 % en Bizkaia, del 57,8 % en Gipuzkoa, y del 23,57 % en \u00c1lava.<\/p>\n<p>Seg\u00fan ha informado Osakidetza, la bajada en los ingresos podr\u00eda deberse al aumento de las inmunizaciones tras el refuerzo de la campa\u00f1a de vacunaci\u00f3n, dentro de la cual destaca la <a href=\"https:\/\/orain.eus\/es\/actualidad\/sociedad\/2025\/10\/24\/bilbao-abre-este-viernes-el-vacunodromo-contra-la-gripe-en-pleno-aumento-casos\/\" rel=\"nofollow noopener\" target=\"_blank\">apertura del vacun\u00f3dromo en el pabell\u00f3n de La Casilla en Bilbao<\/a>. De hecho, en este pabell\u00f3n se han vacunado este a\u00f1o 10 124 personas, de las que el 31,4 % lo han hecho por primera vez.<\/p>\n<p>El total de dosis administradas en todos los centros habilitados de la campa\u00f1a ha sido de 383 148; es decir, una cobertura del 16,7 % de la poblaci\u00f3n. Esta cobertura sube hasta el 43 % en mayores de 60 a\u00f1os, y baja hasta el 5 % entre los menores de esa edad. Osakidetza ha invitado a estos \u00faltimos a vacunarse.<\/p>\n<p>\u00a0<\/p>\n","protected":false},"excerpt":{"rendered":"Las hospitalizaciones por gripe se han reducido en Araba, Bizkaia y Gipuzkoa a lo largo de esta semana.&hellip;\n","protected":false},"author":2,"featured_media":210992,"comment_status":"","ping_status":"","sticky":false,"template":"","format":"standard","meta":{"footnotes":""},"categories":[92],"tags":[40176,4144,25,24,6927,12296,165,6115,166,492,23],"class_list":{"0":"post-210991","1":"post","2":"type-post","3":"status-publish","4":"format-standard","5":"has-post-thumbnail","7":"category-salud","8":"tag-araba-alava","9":"tag-bizkaia","10":"tag-es","11":"tag-espana","12":"tag-gipuzkoa","13":"tag-gobierno-vasco","14":"tag-health","15":"tag-osakidetza","16":"tag-salud","17":"tag-sociedad","18":"tag-spain"},"share_on_mastodon":{"url":"https:\/\/pubeurope.com\/@es\/115469424148049441","error":""},"_links":{"self":[{"href":"https:\/\/www.europesays.com\/es\/wp-json\/wp\/v2\/posts\/210991","targetHints":{"allow":["GET"]}}],"collection":[{"href":"https:\/\/www.europesays.com\/es\/wp-json\/wp\/v2\/posts"}],"about":[{"href":"https:\/\/www.europesays.com\/es\/wp-json\/wp\/v2\/types\/post"}],"author":[{"embeddable":true,"href":"https:\/\/www.europesays.com\/es\/wp-json\/wp\/v2\/users\/2"}],"replies":[{"embeddable":true,"href":"https:\/\/www.europesays.com\/es\/wp-json\/wp\/v2\/comments?post=210991"}],"version-history":[{"count":0,"href":"https:\/\/www.europesays.com\/es\/wp-json\/wp\/v2\/posts\/210991\/revisions"}],"wp:featuredmedia":[{"embeddable":true,"href":"https:\/\/www.europesays.com\/es\/wp-json\/wp\/v2\/media\/210992"}],"wp:attachment":[{"href":"https:\/\/www.europesays.com\/es\/wp-json\/wp\/v2\/media?parent=210991"}],"wp:term":[{"taxonomy":"category","embeddable":true,"href":"https:\/\/www.europesays.com\/es\/wp-json\/wp\/v2\/categories?post=210991"},{"taxonomy":"post_tag","embeddable":true,"href":"https:\/\/www.europesays.com\/es\/wp-json\/wp\/v2\/tags?post=210991"}],"curies":[{"name":"wp","href":"https:\/\/api.w.org\/{rel}","templated":true}]}}