{"id":210999,"date":"2025-10-31T15:15:08","date_gmt":"2025-10-31T15:15:08","guid":{"rendered":"https:\/\/www.europesays.com\/es\/210999\/"},"modified":"2025-10-31T15:15:08","modified_gmt":"2025-10-31T15:15:08","slug":"el-escrutinio-da-la-victoria-a-los-liberales-progresistas-en-las-elecciones-de-paises-bajos-internacional","status":"publish","type":"post","link":"https:\/\/www.europesays.com\/es\/210999\/","title":{"rendered":"El escrutinio da la victoria a los liberales progresistas en las elecciones de Pa\u00edses Bajos | Internacional"},"content":{"rendered":"<p class=\"\">Tras un escrutinio ajustad\u00edsimo que ha durado casi dos d\u00edas, el partido liberal, progresista y europe\u00edsta neerland\u00e9s D66 ha ganado las elecciones en Pa\u00edses Bajos, seg\u00fan la agencia nacional de noticias ANP. El D66, con su candidato Rob Jetten, estaba <a href=\"https:\/\/elpais.com\/internacional\/2025-10-31\/geert-wilders-el-derrotado-lider-de-extrema-derecha-neerlandesa-que-quiere-seguir-hasta-los-80-anos.html\" rel=\"nofollow noopener\" target=\"_blank\">empatado a 26 esca\u00f1os con el Partido por la Libertad (PVV) del l\u00edder ultra Geert Wilders<\/a>. Pero finalmente Jetten ha ganado el pulso y, seg\u00fan el servicio electoral de la agencia, el PVV ya no podr\u00e1 alcanzar a su rival. Aunque falta a\u00fan el conteo de los votos por correo, ANP sostiene que el triunfo del D66 es definitivo. La diferencia de papeletas a su favor ronda las 15.155. <\/p>\n<p class=\"\">Es <a href=\"https:\/\/elpais.com\/internacional\/2025-10-29\/los-partidos-de-centro-e-izquierda-endurecen-su-discurso-migratorio-en-paises-bajos-ante-el-empuje-de-los-ultras-en-las-elecciones-de-este-miercoles.html\" rel=\"nofollow noopener\" target=\"_blank\">la primera vez que un escrutinio electoral en Pa\u00edses Bajos es tan igualado.<\/a> De confirmarse oficialmente la victoria, Jetten, de 38 a\u00f1os, ser\u00eda el primer ministro m\u00e1s joven de la historia del pa\u00eds. Tanto el democristiano Ruud Lubbers como el liberal de derecha Mark Rutte ten\u00edan 43 a\u00f1os cuando accedieron al cargo, en 1982 y en 2010, respectivamente. Rutte es hoy secretario general de la OTAN.<\/p>\n<p class=\"\">El D66 ha sido tambi\u00e9n el grupo m\u00e1s votado en el Caribe neerland\u00e9s, las antiguas colonias de Bonaire, Saba y San Eustaquio, que son municipios especiales de Pa\u00edses Bajos desde 2010.<\/p>\n<p class=\"\">Jetten ha sido <a href=\"https:\/\/elpais.com\/internacional\/2025-10-30\/un-partido-de-centro-y-europeista-frena-a-la-ultraderecha-de-wilders-en-las-elecciones-en-paises-bajos.html\" rel=\"nofollow noopener\" target=\"_blank\">en cierto modo un candidato tapado en estas elecciones.<\/a> Part\u00eda de 9 esca\u00f1os y, aunque hab\u00eda ido escalando en los sondeos, los 26 que ha conseguido son una absoluta sorpresa. Le ha beneficiado la constancia y seguridad mostradas durante la campa\u00f1a, y que aprovechara a fondo el primer debate electoral, al que no acudi\u00f3 Wilders. Se ausent\u00f3 porque hab\u00eda una amenaza de ataque terrorista contra \u00e9l, y Jetten hizo suya aquella cita televisada.<\/p>\n<p class=\"\">De los 135.000 ciudadanos que solicitaron votar por correo, se espera que al menos 90.000 personas lo hayan hecho efectivo. La previsi\u00f3n es que este escrutinio est\u00e9 completado el pr\u00f3ximo lunes. Al d\u00eda siguiente, el presidente del Congreso recibir\u00e1 a los l\u00edderes de los partidos, ya con los resultados en la mano. En ese momento, el vencedor podr\u00e1 proponer el nombramiento de un \u201cexplorador\u201d para que eval\u00fae el tipo de coalici\u00f3n que puede formarse con garant\u00edas de \u00e9xito.<\/p>\n<p class=\"\">Las formaciones deben comunicar a esa persona con qui\u00e9n quieren colaborar y a qui\u00e9n rechazan, siempre con la vista puesta en los 76 esca\u00f1os necesarios para alcanzar las mayor\u00eda en un Parlamento de 150. Poco despu\u00e9s, el actual Congreso se disolver\u00e1, y tomar\u00e1n posesi\u00f3n los nuevos diputados. A continuaci\u00f3n entrar\u00e1 en escena el \u201cinformador\u201d, para que puedan comenzar las negociaciones entre los partidos. Esta fase puede durar meses, hasta que un \u201cformador\u201d \u2014generalmente, el nuevo primer ministro, en este caso Jetten\u2014 se siente a armonizar el retrato final \u2014el reparto de cargos\u2014 del pr\u00f3ximo Ejecutivo.<\/p>\n","protected":false},"excerpt":{"rendered":"Tras un escrutinio ajustad\u00edsimo que ha durado casi dos d\u00edas, el partido liberal, progresista y europe\u00edsta neerland\u00e9s D66&hellip;\n","protected":false},"author":2,"featured_media":211000,"comment_status":"","ping_status":"","sticky":false,"template":"","format":"standard","meta":{"footnotes":""},"categories":[42],"tags":[17,18,4374,700,2287,13,14,56369,11,26681,61,62,63,64,19,20,9,10,15,16,29232,12,21,22,4247,1617,65,66,67],"class_list":{"0":"post-210999","1":"post","2":"type-post","3":"status-publish","4":"format-standard","5":"has-post-thumbnail","7":"category-internacional","8":"tag-breaking-news","9":"tag-breakingnews","10":"tag-elecciones","11":"tag-europa","12":"tag-extrema-derecha","13":"tag-featured-news","14":"tag-featurednews","15":"tag-geert-wilders","16":"tag-headlines","17":"tag-holanda","18":"tag-internacional","19":"tag-international","20":"tag-international-news","21":"tag-internationalnews","22":"tag-latest-news","23":"tag-latestnews","24":"tag-news","25":"tag-noticias","26":"tag-noticias-destacadas","27":"tag-noticiasdestacadas","28":"tag-populismo","29":"tag-titulares","30":"tag-ultimas-noticias","31":"tag-ultimasnoticias","32":"tag-ultraderecha","33":"tag-union-europea","34":"tag-world","35":"tag-world-news","36":"tag-worldnews"},"share_on_mastodon":{"url":"","error":""},"_links":{"self":[{"href":"https:\/\/www.europesays.com\/es\/wp-json\/wp\/v2\/posts\/210999","targetHints":{"allow":["GET"]}}],"collection":[{"href":"https:\/\/www.europesays.com\/es\/wp-json\/wp\/v2\/posts"}],"about":[{"href":"https:\/\/www.europesays.com\/es\/wp-json\/wp\/v2\/types\/post"}],"author":[{"embeddable":true,"href":"https:\/\/www.europesays.com\/es\/wp-json\/wp\/v2\/users\/2"}],"replies":[{"embeddable":true,"href":"https:\/\/www.europesays.com\/es\/wp-json\/wp\/v2\/comments?post=210999"}],"version-history":[{"count":0,"href":"https:\/\/www.europesays.com\/es\/wp-json\/wp\/v2\/posts\/210999\/revisions"}],"wp:featuredmedia":[{"embeddable":true,"href":"https:\/\/www.europesays.com\/es\/wp-json\/wp\/v2\/media\/211000"}],"wp:attachment":[{"href":"https:\/\/www.europesays.com\/es\/wp-json\/wp\/v2\/media?parent=210999"}],"wp:term":[{"taxonomy":"category","embeddable":true,"href":"https:\/\/www.europesays.com\/es\/wp-json\/wp\/v2\/categories?post=210999"},{"taxonomy":"post_tag","embeddable":true,"href":"https:\/\/www.europesays.com\/es\/wp-json\/wp\/v2\/tags?post=210999"}],"curies":[{"name":"wp","href":"https:\/\/api.w.org\/{rel}","templated":true}]}}