{"id":211011,"date":"2025-10-31T15:27:11","date_gmt":"2025-10-31T15:27:11","guid":{"rendered":"https:\/\/www.europesays.com\/es\/211011\/"},"modified":"2025-10-31T15:27:11","modified_gmt":"2025-10-31T15:27:11","slug":"el-bonito-detalle-de-johnny-depp-con-una-escuela-de-musica-valenciana-afectada-por-la-dana","status":"publish","type":"post","link":"https:\/\/www.europesays.com\/es\/211011\/","title":{"rendered":"El bonito detalle de Johnny Depp con una escuela de m\u00fasica valenciana afectada por la DANA"},"content":{"rendered":"<p>\n        El actor <a href=\"https:\/\/www.deia.eus\/tags\/johnny-depp\/\" title=\"Johnny Depp,\" rel=\"nofollow noopener\" target=\"_blank\" class=\"link copy\">Johnny Depp,<\/a> conocido por su papel de <strong>Jack Sparrow<\/strong> en Piratas del Caribe, ha tenido un <strong>gesto solidario con la Comunidad Valenciana<\/strong> al donar <strong>65.000 euros<\/strong> al <strong>Centre Instructiu i Musical (CIM) de Massanassa<\/strong>, una escuela que sufri\u00f3 graves da\u00f1os durante la <strong>DANA que azot\u00f3 la regi\u00f3n en octubre de 2024<\/strong>.\n<\/p>\n<p class=\"article-body__text \">\n        La contribuci\u00f3n, realizada a trav\u00e9s de la <strong>organizaci\u00f3n filantr\u00f3pica que dirige el int\u00e9rprete<\/strong>, coincide con el <strong>primer aniversario del desastre<\/strong>, que oblig\u00f3 al centro a abandonar sus instalaciones originales tras quedar completamente inutilizadas. El dinero se destinar\u00e1 a <strong>reparar la planta baja del nuevo edificio<\/strong>, adquirido despu\u00e9s de las inundaciones para continuar su labor educativa y cultural.\n<\/p>\n<p class=\"article-body__text \">\n        El v\u00ednculo entre el actor y el centro valenciano se produjo gracias al empresario <strong>Juan Luis Hortelano<\/strong>, quien actu\u00f3 como intermediario para que la <strong>fundaci\u00f3n de Depp conociera la situaci\u00f3n del CIM de Massanassa<\/strong>. Tras valorar los da\u00f1os y las dificultades econ\u00f3micas derivadas de la <a href=\"https:\/\/www.deia.eus\/actualidad\/sociedad\/2025\/10\/29\/mazon-desoye-victimas-dana-acude-10281594.html\" title=\"DANA\" target=\"_blank\" class=\"link copy\" rel=\"nofollow noopener\">DANA<\/a>, la organizaci\u00f3n decidi\u00f3 ofrecer su apoyo con una <strong>aportaci\u00f3n directa para las obras de rehabilitaci\u00f3n<\/strong>.\n<\/p>\n<p class=\"article-body__text \">\n        Esta donaci\u00f3n permitir\u00e1 acelerar la recuperaci\u00f3n del espacio y facilitar la reanudaci\u00f3n de las actividades musicales y formativas que el centro desarrolla desde hace d\u00e9cadas.\n<\/p>\n<p>  <strong>Compromiso cultural y filantr\u00f3pico<\/strong><\/p>\n<p class=\"article-body__text \">\n        A lo largo de su carrera, <strong>Johnny Depp<\/strong> ha mostrado un <strong>firme compromiso con proyectos art\u00edsticos y educativos<\/strong>, participando en distintas iniciativas internacionales de apoyo a la m\u00fasica y la cultura. Con esta acci\u00f3n, el actor refuerza su faceta m\u00e1s solidaria y contribuye a la <strong>recuperaci\u00f3n de una instituci\u00f3n clave para la vida cultural local<\/strong> en la provincia de Valencia. Adem\u00e1s, es conocida la faceta del actor tambi\u00e9n en hospitales infantiles, tal y como muestra cada a\u00f1o en el Hospital de Donostia.\n<\/p>\n<p class=\"article-photo__footer\">\n            Johnny Depp visita el Hospital Donostia            Irekia        <\/p>\n<p class=\"article-body__text \">\n        El gesto del int\u00e9rprete ha sido recibido como una muestra de <strong>solidaridad y sensibilidad hacia la comunidad<\/strong>, que contin\u00faa reconstruy\u00e9ndose tras los estragos provocados por la DANA.\n<\/p>\n<p>  \u00bfQui\u00e9n es Johnny Depp?<\/p>\n<p class=\"article-body__text \">\n        <strong>Johnny Depp<\/strong> es uno de los actores m\u00e1s vers\u00e1tiles y carism\u00e1ticos de Hollywood, con una carrera que abarca m\u00e1s de tres d\u00e9cadas y una filmograf\u00eda que combina \u00e9xitos comerciales, papeles de culto y colaboraciones memorables con algunos de los directores m\u00e1s influyentes del cine contempor\u00e1neo. Nacido en Owensboro, Kentucky, en 1963, debut\u00f3 en la gran pantalla con Pesadilla en Elm Street (1984), pero alcanz\u00f3 la fama mundial gracias a la serie 21 Jump Street. Su carrera dio un giro decisivo al asociarse con <a href=\"https:\/\/www.deia.eus\/tags\/tim-burton\/\" title=\"Tim Burton,\" rel=\"nofollow noopener\" target=\"_blank\" class=\"link copy\">Tim Burton,<\/a> con quien construy\u00f3 una de las alianzas m\u00e1s ic\u00f3nicas del cine moderno en t\u00edtulos como Eduardo Manostijeras, Sleepy Hollow o Charlie y la f\u00e1brica de chocolate. Sin embargo, su consagraci\u00f3n definitiva lleg\u00f3 con el personaje de <strong>Jack Sparrow<\/strong> en la saga Piratas del Caribe, que lo convirti\u00f3 en una estrella internacional y le vali\u00f3 una nominaci\u00f3n al Oscar.\n<\/p>\n<p class=\"article-body__text \">\n        A lo largo de su trayectoria ha interpretado personajes complejos y exc\u00e9ntricos, desde Donnie Brasco y Sweeney Todd hasta Enemigos p\u00fablicos o Minamata, demostrando una capacidad camale\u00f3nica \u00fanica. Adem\u00e1s de su faceta como actor, <strong>Depp ha trabajado como productor y m\u00fasico<\/strong>, colaborando con figuras como Alice Cooper y Jeff Beck. Su carrera, marcada por la creatividad y la rebeld\u00eda, lo ha consolidado como <strong>uno de los int\u00e9rpretes m\u00e1s singulares y reconocibles de su generaci\u00f3n<\/strong>.<\/p>\n","protected":false},"excerpt":{"rendered":"El actor Johnny Depp, conocido por su papel de Jack Sparrow en Piratas del Caribe, ha tenido un&hellip;\n","protected":false},"author":2,"featured_media":211012,"comment_status":"","ping_status":"","sticky":false,"template":"","format":"standard","meta":{"footnotes":""},"categories":[174],"tags":[25689,5036,255,1681,9131,24886,146,147,25,9076,24,256,9130,23],"class_list":{"0":"post-211011","1":"post","2":"type-post","3":"status-publish","4":"format-standard","5":"has-post-thumbnail","7":"category-famosos","8":"tag-afectada","9":"tag-bonito","10":"tag-celebrities","11":"tag-dana","12":"tag-depp","13":"tag-detalle","14":"tag-entertainment","15":"tag-entretenimiento","16":"tag-es","17":"tag-escuela","18":"tag-espana","19":"tag-famosos","20":"tag-johnny","21":"tag-spain"},"share_on_mastodon":{"url":"https:\/\/pubeurope.com\/@es\/115469487114579426","error":""},"_links":{"self":[{"href":"https:\/\/www.europesays.com\/es\/wp-json\/wp\/v2\/posts\/211011","targetHints":{"allow":["GET"]}}],"collection":[{"href":"https:\/\/www.europesays.com\/es\/wp-json\/wp\/v2\/posts"}],"about":[{"href":"https:\/\/www.europesays.com\/es\/wp-json\/wp\/v2\/types\/post"}],"author":[{"embeddable":true,"href":"https:\/\/www.europesays.com\/es\/wp-json\/wp\/v2\/users\/2"}],"replies":[{"embeddable":true,"href":"https:\/\/www.europesays.com\/es\/wp-json\/wp\/v2\/comments?post=211011"}],"version-history":[{"count":0,"href":"https:\/\/www.europesays.com\/es\/wp-json\/wp\/v2\/posts\/211011\/revisions"}],"wp:featuredmedia":[{"embeddable":true,"href":"https:\/\/www.europesays.com\/es\/wp-json\/wp\/v2\/media\/211012"}],"wp:attachment":[{"href":"https:\/\/www.europesays.com\/es\/wp-json\/wp\/v2\/media?parent=211011"}],"wp:term":[{"taxonomy":"category","embeddable":true,"href":"https:\/\/www.europesays.com\/es\/wp-json\/wp\/v2\/categories?post=211011"},{"taxonomy":"post_tag","embeddable":true,"href":"https:\/\/www.europesays.com\/es\/wp-json\/wp\/v2\/tags?post=211011"}],"curies":[{"name":"wp","href":"https:\/\/api.w.org\/{rel}","templated":true}]}}