{"id":211023,"date":"2025-10-31T15:34:08","date_gmt":"2025-10-31T15:34:08","guid":{"rendered":"https:\/\/www.europesays.com\/es\/211023\/"},"modified":"2025-10-31T15:34:08","modified_gmt":"2025-10-31T15:34:08","slug":"nuevas-estrategias-frente-a-enfermedades-neurodegenerativasinfoperiodistas","status":"publish","type":"post","link":"https:\/\/www.europesays.com\/es\/211023\/","title":{"rendered":"Nuevas estrategias frente a enfermedades neurodegenerativasINFOPERIODISTAS"},"content":{"rendered":"<p>        El Ministerio de Sanidad presenta nuevas estrategias\u00a0para mejorar la atenci\u00f3n frente a las enfermedades neurodegenerativas.<br \/>\nEva Marabotto<\/p>\n<p>El <strong>Ministerio de Sanidad<\/strong> ha celebrado una jornada dedicada a<strong> nuevas estrategias frente a las enfermedades neurodegenerativas<\/strong>. Este encuentro, inaugurado por la ministra <strong>M\u00f3nica Garc\u00eda<\/strong>, destac\u00f3 la necesidad de respuestas eficaces, coordinadas y dignas para las personas afectadas por patolog\u00edas como l<strong>a Esclerosis M\u00faltiple, la Enfermedad de Huntington y el Alzheimer<\/strong>.<\/p>\n<p>Estas enfermedades representan uno de los grandes desaf\u00edos sanitarios y sociales del siglo XXI. En ese sentido, por su car\u00e1cter progresivo y su impacto f\u00edsico y cognitivo, generan discapacidad y dependencia. As\u00ed, Garc\u00eda reconoci\u00f3 la labor de las asociaciones y subray\u00f3 el compromiso institucional con un sistema m\u00e1s justo y centrado en la persona.<\/p>\n<p>Avances en Esclerosis M\u00faltiple y coordinaci\u00f3n asistencial<\/p>\n<p>Durante la jornada se presentaron los documentos actualizados sobre <strong>Esclerosis M\u00faltiple y la Enfermedad de Huntington<\/strong>, que forman parte de las nuevas estrategias frente a las enfermedades neurodegenerativas. El objetivo es mejorar la coordinaci\u00f3n y la calidad asistencial en todo el pa\u00eds.<\/p>\n<p>Concretamente, en Espa\u00f1a hay m\u00e1s de <strong>58.000 personas diagnosticadas con Esclerosis M\u00faltiple<\/strong>. La mayor\u00eda son mujeres j\u00f3venes, con una edad media de inicio en los 32 a\u00f1os. El documento presentado propon<strong>e criterios comunes y una visi\u00f3n integral para garantizar la atenci\u00f3n equitativa<\/strong> en las distintas comunidades aut\u00f3nomas.<\/p>\n<p>Por eso, el Ministerio mantiene una <strong>financiaci\u00f3n continuada<\/strong> para fortalecer las unidades de referencia, siguiendo el modelo iniciado con la Esclerosis Lateral Amiotr\u00f3fica. Con estas acciones, se busca avanzar hacia un sistema m\u00e1s integrado, equitativo y centrado en la persona.<\/p>\n<p>Huntington y Alzheimer: nuevas miradas cl\u00ednicas y sociales<\/p>\n<p>El nuevo marco de actuaci\u00f3n frente a la Enfermedad de Huntington supone un paso decisivo en la atenci\u00f3n de esta patolog\u00eda poco frecuente. As\u00ed, en Espa\u00f1a, unas <strong>2.400 personas conviven con la enfermedad<\/strong> y m\u00e1s de 10.000 est\u00e1n en riesgo gen\u00e9tico. Su evoluci\u00f3n afecta profundamente a las familias y demanda una atenci\u00f3n sanitaria y social coordinada.<\/p>\n<p>El tercer bloque de la jornada abord\u00f3 los <strong>avances terap\u00e9uticos en Alzheimer<\/strong>. La llegada de anticuerpos monoclonales abre una etapa in\u00e9dita, que obliga a replantear la organizaci\u00f3n asistencial y la evaluaci\u00f3n de la eficacia. \u201cCada peque\u00f1o avance significa tiempo ganado\u201d, se\u00f1al\u00f3 la ministra.<\/p>\n<p>Concretamente, estas nuevas estrategias frente a las enfermedades neurodegenerativas marcan un <strong>rumbo m\u00e1s humano y sostenible.<\/strong> El Ministerio reafirma as\u00ed su compromiso con la investigaci\u00f3n, la coordinaci\u00f3n y la dignidad de los pacientes y sus familias.<\/p>\n<p><strong>Noticias relacionadas:\u00a0<\/strong><\/p>\n<blockquote class=\"wp-embedded-content\" data-secret=\"yMWUqNtpHp\">\n<p><a href=\"https:\/\/diario.infoperiodistas.info\/espana-invertira-casi-4-millones-de-euros-para-investigar-la-ela\/\" rel=\"nofollow noopener\" target=\"_blank\">Espa\u00f1a invertir\u00e1 casi 4 millones de euros para investigar la ELA<\/a><\/p>\n<\/blockquote>\n<p>\u00a0<\/p>\n","protected":false},"excerpt":{"rendered":"El Ministerio de Sanidad presenta nuevas estrategias\u00a0para mejorar la atenci\u00f3n frente a las enfermedades neurodegenerativas. Eva Marabotto El&hellip;\n","protected":false},"author":2,"featured_media":211024,"comment_status":"","ping_status":"","sticky":false,"template":"","format":"standard","meta":{"footnotes":""},"categories":[92],"tags":[3350,57052,14817,37388,25,57053,24,165,47701,57054,57055,8509,166,57056,23],"class_list":{"0":"post-211023","1":"post","2":"type-post","3":"status-publish","4":"format-standard","5":"has-post-thumbnail","7":"category-salud","8":"tag-alzheimer","9":"tag-enfermedad-de-huntington","10":"tag-enfermedades-neurodegenerativas","11":"tag-equidad","12":"tag-es","13":"tag-esclerosis-mltiple","14":"tag-espana","15":"tag-health","16":"tag-infoperiodistas","17":"tag-investigacin-mdica","18":"tag-mnica-garca","19":"tag-ministerio-de-sanidad","20":"tag-salud","21":"tag-sistema-nacional-de-salud","22":"tag-spain"},"share_on_mastodon":{"url":"https:\/\/pubeurope.com\/@es\/115469514520567187","error":""},"_links":{"self":[{"href":"https:\/\/www.europesays.com\/es\/wp-json\/wp\/v2\/posts\/211023","targetHints":{"allow":["GET"]}}],"collection":[{"href":"https:\/\/www.europesays.com\/es\/wp-json\/wp\/v2\/posts"}],"about":[{"href":"https:\/\/www.europesays.com\/es\/wp-json\/wp\/v2\/types\/post"}],"author":[{"embeddable":true,"href":"https:\/\/www.europesays.com\/es\/wp-json\/wp\/v2\/users\/2"}],"replies":[{"embeddable":true,"href":"https:\/\/www.europesays.com\/es\/wp-json\/wp\/v2\/comments?post=211023"}],"version-history":[{"count":0,"href":"https:\/\/www.europesays.com\/es\/wp-json\/wp\/v2\/posts\/211023\/revisions"}],"wp:featuredmedia":[{"embeddable":true,"href":"https:\/\/www.europesays.com\/es\/wp-json\/wp\/v2\/media\/211024"}],"wp:attachment":[{"href":"https:\/\/www.europesays.com\/es\/wp-json\/wp\/v2\/media?parent=211023"}],"wp:term":[{"taxonomy":"category","embeddable":true,"href":"https:\/\/www.europesays.com\/es\/wp-json\/wp\/v2\/categories?post=211023"},{"taxonomy":"post_tag","embeddable":true,"href":"https:\/\/www.europesays.com\/es\/wp-json\/wp\/v2\/tags?post=211023"}],"curies":[{"name":"wp","href":"https:\/\/api.w.org\/{rel}","templated":true}]}}