{"id":211025,"date":"2025-10-31T15:35:07","date_gmt":"2025-10-31T15:35:07","guid":{"rendered":"https:\/\/www.europesays.com\/es\/211025\/"},"modified":"2025-10-31T15:35:07","modified_gmt":"2025-10-31T15:35:07","slug":"en-francia-ven-lo-que-va-a-hacer-madrid-con-woody-allen-y-no-se-cortan-al-calificar-a-ayuso-con-una-palabra-rotunda","status":"publish","type":"post","link":"https:\/\/www.europesays.com\/es\/211025\/","title":{"rendered":"En Francia ven lo que va a hacer Madrid con Woody Allen y no se cortan al calificar a Ayuso con una palabra rotunda"},"content":{"rendered":"<p>El diario franc\u00e9s\u00a0Lib\u00e9ration,\u00a0fundado en 1973 por el fil\u00f3sofo Jean-Paul Sartre y uno de los principales peri\u00f3dicos del pa\u00eds,<b> ha calificado con una rotunda palabra a la presidenta de la Comunidad de Madrid<\/b>, Isabel D\u00edaz Ayuso, tras ver que su Gobierno subvencionar\u00e1<a href=\"https:\/\/www.huffingtonpost.es\/virales\/woody-allen-dice-comentar-sobre-gaza-alberto-san-juan-le-responde-forma-dice.html\" rel=\"nofollow noopener\" target=\"_blank\"> una pel\u00edcula de Woody Allen<\/a>, ganador de cinco Oscar, <a href=\"https:\/\/www.huffingtonpost.es\/politica\/el-gobierno-ayuso-entregara-15-millones-woody-allen-rodar-madrid-pelicula-incluya-nombre-ciudad.html\" rel=\"nofollow noopener\" target=\"_blank\">con 1,5 millones de euros para atraer turismo.<\/a><\/p>\n<p>La pel\u00edcula se rodar\u00e1 \u00edntegramente en la Comunidad y tendr\u00e1 que llevar el nombre de Madrid en su t\u00edtulo.\u00a0El contrato para la producci\u00f3n del largometraje, <b>denominada provisionalmente &#8216;WASP 2026&#8217;,<\/b> tiene un valor de 1,5 millones de euros (IVA incluido) y un plazo de duraci\u00f3n de 26 meses, seg\u00fan la documentaci\u00f3n consultada por Europa Press.<\/p>\n<p>El proyecto audiovisual \u00ab<b>deber\u00e1 reflejar de forma f\u00e1cilmente reconocible la Comunidad de Madrid<\/b>, permitiendo que un porcentaje m\u00ednimo de metraje de la obra permita la visualizaci\u00f3n de espacios y localizaciones identificables y reconocibles\u00bb.<\/p>\n<p>La \u00abultraconservadora\u00bb Ayuso\u00a0<\/p>\n<p>Al ver todo ello,\u00a0Lib\u00e9ration recuerda que Madrid<b> est\u00e1 presidida por la \u00abultraconservadora\u00bb<\/b> Isabel D\u00edaz Ayuso y asegura que la misma cantidad de dinero fue pagada por la ciudad de Barcelona por la pel\u00edcula Vicky Cristina Barcelona, protagonizada por Pen\u00e9lope Cruz y estrenada en 2008.<\/p>\n<p>El peri\u00f3dico franc\u00e9s dice que este verano,<b> Allen \u00absorprendi\u00f3 al mundo<\/b> al participar por videoconferencia en un festival de cine en Mosc\u00fa, donde rindi\u00f3 un apasionado homenaje al cine sovi\u00e9tico y anunci\u00f3 que con gusto filmar\u00eda su pr\u00f3xima producci\u00f3n en la capital rusa\u00bb.<\/p>\n<p>Un m\u00ednimo del 15%, en exteriores\u00a0<\/p>\n<p>\u00abEl presidente ucraniano, Volod\u00edmir Zelenski, le ofreci\u00f3 entonces un \u00fatil recordatorio geopol\u00edtico sobre la Rusia de Vlad\u00edmir Putin, un estado militarista <b>agresor sancionado por los pa\u00edses occidentales<\/b>\u00ab, prosigue\u00a0Lib\u00e9ration, que destaca que, ahora, Allen se ha decantado por Madrid.\u00a0<\/p>\n<p><b>Un m\u00ednimo del 15% de las escenas de la pel\u00edcula ser\u00e1n en exteriores<\/b> y en ellas se visualizar\u00e1n espacios y lugares caracter\u00edsticos de la ciudad de Madrid, \u00abincluyendo al menos otra localizaci\u00f3n identificable y caracter\u00edstica fuera de Madrid ciudad y dentro de la Comunidad de Madrid\u00bb.<\/p>\n<p>Tercera vez que Allen ruede en Espa\u00f1a<\/p>\n<p>Ser\u00e1 <b>la tercera que el director neoyorquino ruede en suelo espa\u00f1ol<\/b>. La m\u00e1s famosa, Vicky Cristina Barcelona (2008), protagonizada por Javier Bardem, Pen\u00e9lope Cruz y Scarlett Johansson, tiene como protagonista, c\u00f3mo no, la Ciudad Condal, pero tambi\u00e9n Oviedo y Avil\u00e9s. M\u00e1s recientemente, se puso al frente de la c\u00e1mara en Rifkin&#8217;s Festival (2020), con Elena Anaya y Louis Garrel, una cinta ambientada principalmente en San Sebasti\u00e1n.<\/p>\n<p><b>La presencia de nombres de ciudades<\/b> en los t\u00edtulos de la vasta cinematograf\u00eda del director neoyorquino, con m\u00e1s de 50 largometrajes en su trayectoria, no es inusual. Entre ellas, adem\u00e1s de la cinta grabada en Barcelona que permiti\u00f3 a Pen\u00e9lope Cruz alzarse con el Oscar como Mejor Actriz de Reparto en 2009, tambi\u00e9n figuran otros ejemplos como Un d\u00eda lluvioso en Nueva York (2019), A Roma con amor (2012), Medianoche en Par\u00eds (2011) y La rosa p\u00farpura de El Cairo (1985).<\/p>\n","protected":false},"excerpt":{"rendered":"El diario franc\u00e9s\u00a0Lib\u00e9ration,\u00a0fundado en 1973 por el fil\u00f3sofo Jean-Paul Sartre y uno de los principales peri\u00f3dicos del pa\u00eds,&hellip;\n","protected":false},"author":2,"featured_media":211026,"comment_status":"","ping_status":"","sticky":false,"template":"","format":"standard","meta":{"footnotes":""},"categories":[91],"tags":[1467,146,147,25,24,3515,23,44011],"class_list":{"0":"post-211025","1":"post","2":"type-post","3":"status-publish","4":"format-standard","5":"has-post-thumbnail","7":"category-entretenimiento","8":"tag-comunidad-de-madrid","9":"tag-entertainment","10":"tag-entretenimiento","11":"tag-es","12":"tag-espana","13":"tag-isabel-diaz-ayuso","14":"tag-spain","15":"tag-woody-allen"},"share_on_mastodon":{"url":"https:\/\/pubeurope.com\/@es\/115469518378214512","error":""},"_links":{"self":[{"href":"https:\/\/www.europesays.com\/es\/wp-json\/wp\/v2\/posts\/211025","targetHints":{"allow":["GET"]}}],"collection":[{"href":"https:\/\/www.europesays.com\/es\/wp-json\/wp\/v2\/posts"}],"about":[{"href":"https:\/\/www.europesays.com\/es\/wp-json\/wp\/v2\/types\/post"}],"author":[{"embeddable":true,"href":"https:\/\/www.europesays.com\/es\/wp-json\/wp\/v2\/users\/2"}],"replies":[{"embeddable":true,"href":"https:\/\/www.europesays.com\/es\/wp-json\/wp\/v2\/comments?post=211025"}],"version-history":[{"count":0,"href":"https:\/\/www.europesays.com\/es\/wp-json\/wp\/v2\/posts\/211025\/revisions"}],"wp:featuredmedia":[{"embeddable":true,"href":"https:\/\/www.europesays.com\/es\/wp-json\/wp\/v2\/media\/211026"}],"wp:attachment":[{"href":"https:\/\/www.europesays.com\/es\/wp-json\/wp\/v2\/media?parent=211025"}],"wp:term":[{"taxonomy":"category","embeddable":true,"href":"https:\/\/www.europesays.com\/es\/wp-json\/wp\/v2\/categories?post=211025"},{"taxonomy":"post_tag","embeddable":true,"href":"https:\/\/www.europesays.com\/es\/wp-json\/wp\/v2\/tags?post=211025"}],"curies":[{"name":"wp","href":"https:\/\/api.w.org\/{rel}","templated":true}]}}