{"id":211039,"date":"2025-10-31T15:46:18","date_gmt":"2025-10-31T15:46:18","guid":{"rendered":"https:\/\/www.europesays.com\/es\/211039\/"},"modified":"2025-10-31T15:46:18","modified_gmt":"2025-10-31T15:46:18","slug":"felipe-orts-lidera-la-seleccion-espanola-para-el-europeo-de-ciclocross-2025-en-middelkerke","status":"publish","type":"post","link":"https:\/\/www.europesays.com\/es\/211039\/","title":{"rendered":"Felipe Orts lidera la Selecci\u00f3n Espa\u00f1ola para el Europeo de Ciclocross 2025 en Middelkerke"},"content":{"rendered":"<p>La Selecci\u00f3n Espa\u00f1ola de Ciclocross afrontar\u00e1 el Campeonato de Europa 2025, que se disputar\u00e1 los d\u00edas 8 y 9 de noviembre en Middelkerke (B\u00e9lgica), con una expedici\u00f3n compuesta por 15 corredores. Bajo la direcci\u00f3n del seleccionador Javier Ruiz de Larrinaga, el combinado nacional llega con la ilusi\u00f3n de medirse a los mejores especialistas del continente y continuar la senda ascendente del ciclocross espa\u00f1ol.<\/p>\n<p>El equipo mantiene su apuesta por la mezcla de experiencia y proyecci\u00f3n, con una numerosa presencia de ciclistas en edad j\u00fanior que tendr\u00e1n la oportunidad de debutar en una gran cita internacional.<\/p>\n<p>En categor\u00eda \u00e9lite masculina, Felipe Orts ser\u00e1 la gran baza espa\u00f1ola tras su brillante inicio de temporada y su reciente victoria en Woerden, que confirma su excelente estado de forma. <strong>El alicantino defender\u00e1 el subcampeonato europeo conseguido en Pontevedra 2024<\/strong>. Junto a \u00e9l estar\u00e1 Kevin Su\u00e1rez, que llega consolidado como uno de los nombres m\u00e1s regulares del panorama nacional.<\/p>\n<p>En el apartado femenino, <strong>Sof\u00eda Rodr\u00edguez, actual campeona de Espa\u00f1a, y Luc\u00eda Gonz\u00e1lez, que ha firmado un s\u00f3lido comienzo de campa\u00f1a en las pruebas nacionales<\/strong>, representar\u00e1n al equipo en una de las pruebas m\u00e1s exigentes del calendario europeo.<\/p>\n<p>La categor\u00eda sub23 contar\u00e1 con Ra\u00fal Mira y Unax Gal\u00e1n en la prueba masculina, mientras que Nahia Arana y Maier Olano ser\u00e1n las representantes en la femenina.<\/p>\n<p><img class=\" lazyload\" border=\"0\" alt=\"Felipe Orts lidera la Selecci\u00f3n Espa\u00f1ola para el Europeo de Ciclocross 2025 en Middelkerke\" width=\"855\" height=\"481\"  data-\/><\/p>\n<p>El bloque j\u00fanior, el m\u00e1s numeroso, refleja la clara apuesta de la RFEC por el desarrollo del talento joven. En hombres competir\u00e1n Mart\u00edn Fern\u00e1ndez, Pelayo Gancedo y Samuel Castiello, mientras que en f\u00e9minas lo har\u00e1n Aitana Guti\u00e9rrez, Carla Ba\u00f1uls, Mirari Gotxi y Ane Zubeldia.<\/p>\n<p>\u201cViajamos a Middelkerke con la m\u00e1xima ilusi\u00f3n. El Europeo es una gran oportunidad para medirnos a los mejores del mundo, y Felipe Orts llega en una gran condici\u00f3n. Tambi\u00e9n ser\u00e1 una cita clave para que los m\u00e1s j\u00f3venes ganen experiencia internacional\u201d, ha destacado Javier Ruiz de Larrinaga, seleccionador nacional.<\/p>\n<p>El Campeonato se disputar\u00e1 durante el fin de semana del 8-9 de noviembre con el siguiente horario:<\/p>\n<p><strong>S\u00e1bado 8 de noviembre<\/strong><\/p>\n<ul>&#13;<\/p>\n<li>11:00 h \u2013 Mujeres j\u00fanior<\/li>\n<p>&#13;<\/p>\n<li>13:00 h \u2013 Hombres sub23<\/li>\n<p>&#13;<\/p>\n<li>15:00 h \u2013 Mujeres \u00e9lite<\/li>\n<p>&#13;\n<\/ul>\n<p><strong>Domingo 9 de noviembre<\/strong><\/p>\n<ul>&#13;<\/p>\n<li>11:00 h \u2013 Hombres j\u00fanior<\/li>\n<p>&#13;<\/p>\n<li>13:00 h \u2013 Mujeres sub23<\/li>\n<p>&#13;<\/p>\n<li>15:00 h \u2013 Hombres \u00e9lite<\/li>\n<p>&#13;\n<\/ul>\n<p>La carrera podr\u00e1 verse en directo desde Eurosport y sus canales asociados.<\/p>\n","protected":false},"excerpt":{"rendered":"La Selecci\u00f3n Espa\u00f1ola de Ciclocross afrontar\u00e1 el Campeonato de Europa 2025, que se disputar\u00e1 los d\u00edas 8 y&hellip;\n","protected":false},"author":2,"featured_media":211040,"comment_status":"","ping_status":"","sticky":false,"template":"","format":"standard","meta":{"footnotes":""},"categories":[273],"tags":[313,312,168,25,24,23,167],"class_list":{"0":"post-211039","1":"post","2":"type-post","3":"status-publish","4":"format-standard","5":"has-post-thumbnail","7":"category-ciclismo","8":"tag-ciclismo","9":"tag-cycling","10":"tag-deportes","11":"tag-es","12":"tag-espana","13":"tag-spain","14":"tag-sports"},"share_on_mastodon":{"url":"https:\/\/pubeurope.com\/@es\/115469561573926867","error":""},"_links":{"self":[{"href":"https:\/\/www.europesays.com\/es\/wp-json\/wp\/v2\/posts\/211039","targetHints":{"allow":["GET"]}}],"collection":[{"href":"https:\/\/www.europesays.com\/es\/wp-json\/wp\/v2\/posts"}],"about":[{"href":"https:\/\/www.europesays.com\/es\/wp-json\/wp\/v2\/types\/post"}],"author":[{"embeddable":true,"href":"https:\/\/www.europesays.com\/es\/wp-json\/wp\/v2\/users\/2"}],"replies":[{"embeddable":true,"href":"https:\/\/www.europesays.com\/es\/wp-json\/wp\/v2\/comments?post=211039"}],"version-history":[{"count":0,"href":"https:\/\/www.europesays.com\/es\/wp-json\/wp\/v2\/posts\/211039\/revisions"}],"wp:featuredmedia":[{"embeddable":true,"href":"https:\/\/www.europesays.com\/es\/wp-json\/wp\/v2\/media\/211040"}],"wp:attachment":[{"href":"https:\/\/www.europesays.com\/es\/wp-json\/wp\/v2\/media?parent=211039"}],"wp:term":[{"taxonomy":"category","embeddable":true,"href":"https:\/\/www.europesays.com\/es\/wp-json\/wp\/v2\/categories?post=211039"},{"taxonomy":"post_tag","embeddable":true,"href":"https:\/\/www.europesays.com\/es\/wp-json\/wp\/v2\/tags?post=211039"}],"curies":[{"name":"wp","href":"https:\/\/api.w.org\/{rel}","templated":true}]}}