{"id":211051,"date":"2025-10-31T15:54:12","date_gmt":"2025-10-31T15:54:12","guid":{"rendered":"https:\/\/www.europesays.com\/es\/211051\/"},"modified":"2025-10-31T15:54:12","modified_gmt":"2025-10-31T15:54:12","slug":"vuelve-mecano-esto-es-lo-que-nos-adelanta-ana-torroja","status":"publish","type":"post","link":"https:\/\/www.europesays.com\/es\/211051\/","title":{"rendered":"\u00bfVuelve Mecano? Esto es lo que nos adelanta Ana Torroja"},"content":{"rendered":"<p>Tras el comentad\u00edsimo regreso de Amaia Montero a &#8216;La Oreja de Van Gogh&#8217; 18 a\u00f1os despu\u00e9s de abandonar el grupo, y coincidiendo con el primer aniversario de la pol\u00e9mica salida de Leire Mart\u00ednez, son muchos los nost\u00e1lgicos que fantasean con el reencuentro de otras bandas m\u00edticas de la m\u00fasica espa\u00f1ola, como &#8216;Pereza&#8217;, &#8216;Los Piratas&#8217; o &#8216;H\u00e9roes del Silencio&#8217;.<\/p>\n<p>Pero especialmente con la posible vuelta de Mecano, grupo formado por Ana Torroja, Nacho y Jos\u00e9 Mar\u00eda Cano, que se separaron en 1998 -aunque su \u00faltimo concierto fue en 1992- y que nos dejaron hits que han marcado a varias generaciones como &#8216;Cruz de navajas&#8217;, &#8216;Hijo de la luna&#8217;, &#8216;Me cuesta tanto olvidarte&#8217;, &#8216;La fuerza del destino&#8217;, o &#8216;En tu fiesta me col\u00e9&#8217;, que a d\u00eda de hoy siguen siendo tan actuales como hace 4 d\u00e9cadas.<\/p>\n<p>\u00bfHay alguna posibilidad de que Mecano vuelva a los escenarios 27 a\u00f1os despu\u00e9s de su disoluci\u00f3n definitiva? Como ha reconocido Ana Torroja en su reaparici\u00f3n en los premios Women of the Year 2025 de Harper&#8217;s Bazaar, es muy complicado: \u00abLa Oreja de Van Gogh ha sido sorprendente la verdad, porque nadie se lo esperaba. Bueno, yo no me lo esperaba. Me alegro mucho por ellos. En nuestro caso, de momento, no ha habido suerte\u00bb.<\/p>\n<blockquote>\n<p>\u00abYo me canso de repetir que es bastante complicado. No voy a decir imposible, por dejar un poquit\u00edn de esperanza, pero poca\u00bb se ha sincerado -ya que la relaci\u00f3n entre los hermanos Cano ser\u00eda muy distante- consol\u00e1ndose con que \u00abnuestra m\u00fasica sigue ah\u00ed, yo sigo cantando esas canciones, y esta voy a hacer un peque\u00f1ito homenaje a Mecano\u00bb.<\/p>\n<\/blockquote>\n<p>7 de septiembre: la historia detr\u00e1s de la canci\u00f3n de Mecano<\/p>\n<p>La famosa canci\u00f3n de Mecano, \u201cEl 7 de septiembre\u201d, escrita por Nacho Cano, tiene una historia muy peculiar, ya que retrata el aniversario de una ruptura amorosa del autor.<\/p>\n<p>En el tema, Nacho Cano relata la ruptura amorosa que vivi\u00f3 con la escritora Coloma Fern\u00e1ndez, quien fue su pareja durante m\u00e1s de ocho a\u00f1os.<\/p>\n<p>Lo m\u00e1s interesante, es que a pesar del final de la relaci\u00f3n, la expareja manten\u00eda una cercan\u00eda fraternal, a tal punto de que ambos celebraron el aniversario de la ruptura comiendo en La Parra, el restaurante favorito de Nacho Cano.<\/p>\n<p>En la canci\u00f3n, el autor describe estos encuentros y en parte de la letra detalla: \u201cparece mentira que despu\u00e9s de tanto tiempo, rotos nuestros lazos, sigamos manteniendo la ilusi\u00f3n en nuestro aniversario\u201d.<\/p>\n<p><img decoding=\"async\" src=\"https:\/\/www.europesays.com\/es\/wp-content\/uploads\/2025\/10\/1761926049_37_sddefault.jpg\" loading=\"lazy\" width=\"540\" height=\"320\" alt=\"Youtube Imagen\"\/><br \/>\n                  <img decoding=\"async\" src=\"https:\/\/www.europesays.com\/es\/wp-content\/uploads\/2025\/08\/play-youtube.png\" width=\"68\" height=\"48\" alt=\"Icono Play youtube\" title=\"Play youtube\" loading=\"lazy\"\/><\/p>\n<p>Otras canciones de Mecano que debes escuchar:<\/p>\n<p><strong>Hijo de la luna<\/strong><\/p>\n<p><img decoding=\"async\" src=\"https:\/\/www.europesays.com\/es\/wp-content\/uploads\/2025\/10\/1761926051_562_sddefault.jpg\" loading=\"lazy\" width=\"540\" height=\"320\" alt=\"Youtube Imagen\"\/><br \/>\n                  <img decoding=\"async\" src=\"https:\/\/www.europesays.com\/es\/wp-content\/uploads\/2025\/08\/play-youtube.png\" width=\"68\" height=\"48\" alt=\"Icono Play youtube\" title=\"Play youtube\" loading=\"lazy\"\/><\/p>\n<p><strong>Me cuesta tanto olvidarte<\/strong><\/p>\n<p><img decoding=\"async\" src=\"https:\/\/www.europesays.com\/es\/wp-content\/uploads\/2025\/10\/1761926052_287_sddefault.jpg\" loading=\"lazy\" width=\"540\" height=\"320\" alt=\"Youtube Imagen\"\/><br \/>\n                  <img decoding=\"async\" src=\"https:\/\/www.europesays.com\/es\/wp-content\/uploads\/2025\/08\/play-youtube.png\" width=\"68\" height=\"48\" alt=\"Icono Play youtube\" title=\"Play youtube\" loading=\"lazy\"\/><\/p>\n<p><strong>Cruz de navajas<\/strong><\/p>\n<p><img decoding=\"async\" src=\"https:\/\/www.europesays.com\/es\/wp-content\/uploads\/2025\/10\/1761926052_505_sddefault.jpg\" loading=\"lazy\" width=\"540\" height=\"320\" alt=\"Youtube Imagen\"\/><br \/>\n                  <img decoding=\"async\" src=\"https:\/\/www.europesays.com\/es\/wp-content\/uploads\/2025\/08\/play-youtube.png\" width=\"68\" height=\"48\" alt=\"Icono Play youtube\" title=\"Play youtube\" loading=\"lazy\"\/><\/p>\n<p>jcp<\/p>\n","protected":false},"excerpt":{"rendered":"Tras el comentad\u00edsimo regreso de Amaia Montero a &#8216;La Oreja de Van Gogh&#8217; 18 a\u00f1os despu\u00e9s de abandonar&hellip;\n","protected":false},"author":2,"featured_media":211052,"comment_status":"","ping_status":"","sticky":false,"template":"","format":"standard","meta":{"footnotes":""},"categories":[170],"tags":[57070,57068,57066,57069,57067,57071,146,147,25,24,27610,57059,57062,57060,57064,57063,57065,57061,57058,184,185,57072,57074,57073,23],"class_list":{"0":"post-211051","1":"post","2":"type-post","3":"status-publish","4":"format-standard","5":"has-post-thumbnail","7":"category-musica","8":"tag-ana-torroja-2025","9":"tag-ana-torroja-duele-el-amor","10":"tag-ana-torroja-edad","11":"tag-ana-torroja-estatura","12":"tag-ana-torroja-joven","13":"tag-ana-torroja-mecano","14":"tag-entertainment","15":"tag-entretenimiento","16":"tag-es","17":"tag-espana","18":"tag-mecano","19":"tag-mecano-canciones","20":"tag-mecano-canciones-de-amor","21":"tag-mecano-canciones-exitos","22":"tag-mecano-canciones-ineditas","23":"tag-mecano-canciones-letras","24":"tag-mecano-canciones-mas-famosas","25":"tag-mecano-canciones-viejitas","26":"tag-mecano-cantante","27":"tag-music","28":"tag-musica","29":"tag-nacho-cano-es-hermano-de-ana-torroja","30":"tag-nacho-cano-y-ana-trroja","31":"tag-nacho-cano-y-penelope-cruz","32":"tag-spain"},"share_on_mastodon":{"url":"","error":"Validation failed: Text character limit of 500 exceeded"},"_links":{"self":[{"href":"https:\/\/www.europesays.com\/es\/wp-json\/wp\/v2\/posts\/211051","targetHints":{"allow":["GET"]}}],"collection":[{"href":"https:\/\/www.europesays.com\/es\/wp-json\/wp\/v2\/posts"}],"about":[{"href":"https:\/\/www.europesays.com\/es\/wp-json\/wp\/v2\/types\/post"}],"author":[{"embeddable":true,"href":"https:\/\/www.europesays.com\/es\/wp-json\/wp\/v2\/users\/2"}],"replies":[{"embeddable":true,"href":"https:\/\/www.europesays.com\/es\/wp-json\/wp\/v2\/comments?post=211051"}],"version-history":[{"count":0,"href":"https:\/\/www.europesays.com\/es\/wp-json\/wp\/v2\/posts\/211051\/revisions"}],"wp:featuredmedia":[{"embeddable":true,"href":"https:\/\/www.europesays.com\/es\/wp-json\/wp\/v2\/media\/211052"}],"wp:attachment":[{"href":"https:\/\/www.europesays.com\/es\/wp-json\/wp\/v2\/media?parent=211051"}],"wp:term":[{"taxonomy":"category","embeddable":true,"href":"https:\/\/www.europesays.com\/es\/wp-json\/wp\/v2\/categories?post=211051"},{"taxonomy":"post_tag","embeddable":true,"href":"https:\/\/www.europesays.com\/es\/wp-json\/wp\/v2\/tags?post=211051"}],"curies":[{"name":"wp","href":"https:\/\/api.w.org\/{rel}","templated":true}]}}