{"id":211054,"date":"2025-10-31T15:56:08","date_gmt":"2025-10-31T15:56:08","guid":{"rendered":"https:\/\/www.europesays.com\/es\/211054\/"},"modified":"2025-10-31T15:56:08","modified_gmt":"2025-10-31T15:56:08","slug":"munich-seria-sede-de-final-de-champions-en-2028-londres-o-barcelona-en-2029","status":"publish","type":"post","link":"https:\/\/www.europesays.com\/es\/211054\/","title":{"rendered":"M\u00fanich Ser\u00eda Sede De Final De Champions En 2028, Londres O Barcelona En 2029"},"content":{"rendered":"<p data-type=\"paragraph\" data=\"[object Object]\">El estadio Allianz Arena de M\u00fanich es el \u00fanico candidato para acoger la final de la Liga de Campeones de Europa de f\u00fatbol masculina 2027-2028, mientras que el londinense Wembley y el Camp Nou de Barcelona aspiran a la de la temporada 2028-2029, indic\u00f3 la UEFA el viernes en un comunicado.<\/p>\n<p data-type=\"paragraph\" data=\"[object Object]\" class=\"emotion-1akm6h5-Paragraph e1e4oisd0\">Las federaciones nacionales ten\u00edan hasta el 22 de octubre para declarar su inter\u00e9s para organizar las ocho finales de las distintas competiciones europeas en 2028 y 2029.<\/p>\n<p data-type=\"paragraph\" data=\"[object Object]\" class=\"emotion-1akm6h5-Paragraph e1e4oisd0\">Alemania fue la \u00fanica en postularse para la de la Champions masculina de 2028 y M\u00fanich, a falta de la oficializaci\u00f3n, se perfila como sede de la final europea de clubes por sexta vez en su historia, despu\u00e9s de 1979, 1993 y 1997 en el estadio Ol\u00edmpico y de 2012 y este mismo 2025 en el Allianz Arena.<\/p>\n<p data-type=\"paragraph\" data=\"[object Object]\" class=\"emotion-1akm6h5-Paragraph e1e4oisd0\">Para 2029, Inglaterra propuso Wembley -sede de la final por \u00faltima vez en 2024- y Espa\u00f1a el Camp Nou de Barcelona, que est\u00e1 finalizando su remodelaci\u00f3n y tendr\u00e1 un aforo r\u00e9cord en Europa de 105.000 espectadores.<\/p>\n<p data-type=\"paragraph\" data=\"[object Object]\" class=\"emotion-1akm6h5-Paragraph e1e4oisd0\">Las finales de 2026 y 2027 ya est\u00e1n atribuidas al Puskas Arena de Budapest y al Metropolitano de Madrid, respectivamente.<\/p>\n<p data-type=\"paragraph\" data=\"[object Object]\" class=\"emotion-1akm6h5-Paragraph e1e4oisd0\">Las diferentes candidaturas para las finales de 2028 y 2029 tienen ahora hasta el 11 de junio de 2026 para enviar su dosier y la decisi\u00f3n definitiva la tomar\u00e1 el Comit\u00e9 Ejecutivo de la UEFA en septiembre del a\u00f1o pr\u00f3ximo.<\/p>\n<p data-type=\"paragraph\" data=\"[object Object]\" class=\"emotion-1akm6h5-Paragraph e1e4oisd0\">tba\/obo\/dr\/raa\/<\/p>\n","protected":false},"excerpt":{"rendered":"El estadio Allianz Arena de M\u00fanich es el \u00fanico candidato para acoger la final de la Liga de&hellip;\n","protected":false},"author":2,"featured_media":123368,"comment_status":"","ping_status":"","sticky":false,"template":"","format":"standard","meta":{"footnotes":""},"categories":[93],"tags":[32523,10874,5926,168,14408,25,14196,24,282,57075,1044,23,167,116],"class_list":{"0":"post-211054","1":"post","2":"type-post","3":"status-publish","4":"format-standard","5":"has-post-thumbnail","7":"category-deportes","8":"tag-32523","9":"tag-10874","10":"tag-campeones","11":"tag-deportes","12":"tag-eng","13":"tag-es","14":"tag-esp","15":"tag-espana","16":"tag-futbol","17":"tag-ger","18":"tag-liga","19":"tag-spain","20":"tag-sports","21":"tag-synd"},"share_on_mastodon":{"url":"https:\/\/pubeurope.com\/@es\/115469601636027542","error":""},"_links":{"self":[{"href":"https:\/\/www.europesays.com\/es\/wp-json\/wp\/v2\/posts\/211054","targetHints":{"allow":["GET"]}}],"collection":[{"href":"https:\/\/www.europesays.com\/es\/wp-json\/wp\/v2\/posts"}],"about":[{"href":"https:\/\/www.europesays.com\/es\/wp-json\/wp\/v2\/types\/post"}],"author":[{"embeddable":true,"href":"https:\/\/www.europesays.com\/es\/wp-json\/wp\/v2\/users\/2"}],"replies":[{"embeddable":true,"href":"https:\/\/www.europesays.com\/es\/wp-json\/wp\/v2\/comments?post=211054"}],"version-history":[{"count":0,"href":"https:\/\/www.europesays.com\/es\/wp-json\/wp\/v2\/posts\/211054\/revisions"}],"wp:featuredmedia":[{"embeddable":true,"href":"https:\/\/www.europesays.com\/es\/wp-json\/wp\/v2\/media\/123368"}],"wp:attachment":[{"href":"https:\/\/www.europesays.com\/es\/wp-json\/wp\/v2\/media?parent=211054"}],"wp:term":[{"taxonomy":"category","embeddable":true,"href":"https:\/\/www.europesays.com\/es\/wp-json\/wp\/v2\/categories?post=211054"},{"taxonomy":"post_tag","embeddable":true,"href":"https:\/\/www.europesays.com\/es\/wp-json\/wp\/v2\/tags?post=211054"}],"curies":[{"name":"wp","href":"https:\/\/api.w.org\/{rel}","templated":true}]}}