{"id":211055,"date":"2025-10-31T15:57:15","date_gmt":"2025-10-31T15:57:15","guid":{"rendered":"https:\/\/www.europesays.com\/es\/211055\/"},"modified":"2025-10-31T15:57:15","modified_gmt":"2025-10-31T15:57:15","slug":"el-csic-disena-unas-moleculas-sinteticas-que-reparan-en-el-laboratorio-una-alteracion-frecuente-en-el-autismo","status":"publish","type":"post","link":"https:\/\/www.europesays.com\/es\/211055\/","title":{"rendered":"El CSIC dise\u00f1a unas mol\u00e9culas sint\u00e9ticas que reparan en el laboratorio una alteraci\u00f3n frecuente en el autismo"},"content":{"rendered":"<p class=\"ft-text ft-helper-closenews\">Investigadores del Centro de Biolog\u00eda Molecular Severo Ochoa (CBM), centro mixto del <strong>Consejo Superior de Investigaciones Cient\u00edficas<\/strong> (<a class=\"ft-link ft-link--decoration\" href=\"https:\/\/www.diariodemallorca.es\/tags\/csic\/\" rel=\"nofollow noopener\" target=\"_blank\">CSIC<\/a>) y la <strong>Universidad Aut\u00f3noma<\/strong> de Madrid (UAM), han identificado mol\u00e9culas capaces de corregir un error en la lectura del gen CPEB4 en cultivos celulares. Este gen, que produce una prote\u00edna que regula otros genes del cerebro, est\u00e1 implicado en muchos casos de autismo idiop\u00e1tico (<strong>sin causa gen\u00e9tica conocida<\/strong>). El hallazgo, ya patentado por el CSIC y la UAM, abre nuevas perspectivas <strong>para futuras investigaciones <\/strong>con potencial terap\u00e9utico, avanzan los investigadores.<\/p>\n<p class=\"ft-text\">Estas mol\u00e9culas\u00a0son &#8216;oligonucle\u00f3tidos antisentido&#8217;, unas peque\u00f1as secuencias sint\u00e9ticas de ARN que act\u00faan como\u00a0parches\u00a0para corregir errores en el procesamiento del material gen\u00e9tico. En este caso, est\u00e1n dise\u00f1ados para unirse al ARN mensajero del gen\u00a0CPEB4\u00a0y asegurar que se produzcan las prote\u00ednas correctas. El trabajo, publicado en la revista\u00a0<strong>NAR Molecular Medicine<\/strong>,\u00a0ha sido liderado por\u00a0Lourdes Ruiz Desviat\u00a0y\u00a0Jos\u00e9 Javier Lucas, en colaboraci\u00f3n con investigadores de la <strong>University of Southern Denmark.<\/strong><\/p>\n<p class=\"ft-text\">Los <a class=\"ft-link ft-link--decoration\" href=\"https:\/\/www.diariodemallorca.es\/tags\/autismo\/\" rel=\"nofollow noopener\" target=\"_blank\"><strong>trastornos del espectro autista<\/strong><\/a> (TEA) son alteraciones del desarrollo del cerebro que afectan, aproximadamente, a\u00a0una de cada 100 personas. Se caracterizan por presentar dificultades en la interacci\u00f3n social y un inter\u00e9s restringido a ciertas actividades. Aunque en un peque\u00f1o porcentaje de casos se detecta una mutaci\u00f3n gen\u00e9tica concreta, en la mayor\u00eda de los casos (autismo idiop\u00e1tico) no se conoce <strong>una causa gen\u00e9tica<\/strong> o ambiental clara.<\/p>\n<p>Material gen\u00e9tico<\/p>\n<p class=\"ft-text\"><strong>Las mol\u00e9culas<\/strong> patentadas son peque\u00f1as secuencias sint\u00e9ticas de ARN (oligonucle\u00f3tidos antisentido) que act\u00faan como\u00a0parches\u00a0para corregir errores en el procesamiento del material gen\u00e9tico. En este caso, especifican, est\u00e1n dise\u00f1adas para unirse al ARN mensajero del gen CPEB4 y asegurar que se produzcan las prote\u00ednas correctas.<\/p>\n<blockquote class=\"ft-mol-quote\" data-aida-quote=\"\"><p>Esta alteraci\u00f3n se observa en personas con la forma m\u00e1s com\u00fan de autismo, el idiop\u00e1tico, cuya causa gen\u00e9tica es desconocida<\/p><\/blockquote>\n<p class=\"ft-text\">El ARN mensajero, detalla el CSIC, es la\u00a0instrucci\u00f3n\u00a0que permite la fabricaci\u00f3n de prote\u00ednas. Si el ARN del gen CPEB4 no se procesa correctamente, se omite un peque\u00f1o fragmento llamado microex\u00f3n, lo que interfiere <strong>en la producci\u00f3n de prote\u00ednas esenciales para el cerebro<\/strong>. Esta alteraci\u00f3n se observa en personas con la forma m\u00e1s com\u00fan de autismo, <strong>el idiop\u00e1tico<\/strong>, cuya causa gen\u00e9tica es desconocida.<\/p>\n<p class=\"ft-text\">Un estudio anterior del CBM publicado en la revista\u00a0Nature\u00a0demostr\u00f3 que en el autismo idiop\u00e1tico hay un defecto en el procesamiento del ARN del gen CPEB4. Como resultado, una peque\u00f1a porci\u00f3n del ARN del gen CPEB4, un microex\u00f3n de 24 nucle\u00f3tidos, no se incluye correctamente en el cerebro de los pacientes. Tambi\u00e9n vieron que la\u00a0falta del microex\u00f3n de CPEB4 lleva a una expresi\u00f3n deficitaria de <strong>muchos de los genes de riesgo de autismo.<\/strong><\/p>\n<p>Reto terap\u00e9utico<\/p>\n<p class=\"ft-text\">Encontrar maneras de<strong> revertir el incorrecto procesamiento<\/strong> del ARN de CPEB4 era <strong>un reto terap\u00e9utico<\/strong>. Su objetivo era conseguir que el microex\u00f3n se incluyera en su justa medida. \u00abHicimos un barrido de las secuencias gen\u00f3micas que flanquean el microex\u00f3n de CPEB4 y dise\u00f1amos oligonucle\u00f3tidos antisentido candidatos a modificar la inclusi\u00f3n de estos 24 nucle\u00f3tidos\u00bb, explica\u00a0<strong>Ainhoa Mart\u00ednez<\/strong>, primera firmante del nuevo art\u00edculo.<\/p>\n<p class=\"ft-text\">\u00abAl principio encontramos oligonucle\u00f3tidos antisentido que produc\u00edan el efecto contrario al deseado y que, aunque no tendr\u00edan utilidad terap\u00e9utica, nos permitieron conocer un poco mejor los mecanismos biol\u00f3gicos que regulan la inclusi\u00f3n de los microexones\u00bb. Algo que a\u00fan no se conoce por completo, se precisa.<\/p>\n<p>Esquizofrenia<\/p>\n<p class=\"ft-text\">El efecto deseado lo consiguieron con oligonucle\u00f3tidos antisentido que bloquean parcialmente el tramo del ARN de CPEB4 siguiente al microex\u00f3n. \u00ab<strong>Es una manera de ralentizar<\/strong> el procesamiento del ARN, de manera que da m\u00e1s opciones a las neuronas para que acaben incluyendo el microex\u00f3n\u00bb, a\u00f1ade Lourdes Ruiz Desviat. \u00abEstas mol\u00e9culas s\u00ed tienen el potencial <strong>terap\u00e9utico deseado<\/strong> y ya han dado lugar a una\u00a0patente\u00bb. Adem\u00e1s, la aplicaci\u00f3n futura de estas mol\u00e9culas podr\u00eda no estar restringida al autismo, ya que una alteraci\u00f3n equivalente del microex\u00f3n de CPEB4 fue observada tambi\u00e9n en la\u00a0<a class=\"ft-link ft-link--decoration\" href=\"https:\/\/www.diariodemallorca.es\/sociedad\/2025\/10\/08\/sanidad-aprueba-financiacion-medicamento-esquizofrenia-adolescentes-psicologia-farmaco-122405901.html\" rel=\"nofollow noopener\" target=\"_blank\">esquizofrenia<\/a>.<\/p>\n<p class=\"ft-text\">El hallazgo representa un primer paso hacia una posible terapia, pero los investigadores advierten que a\u00fan queda mucho por hacer. \u00abEs solo la prueba de concepto <strong>en un modelo celular<\/strong>. Ahora debemos hacer estudios precl\u00ednicos <strong>en modelos animales<\/strong> para demostrar que somos capaces de hacer llegar esas mol\u00e9culas al cerebro y que all\u00ed hagan el mismo efecto\u00bb, concluye Jos\u00e9 Javier Lucas.<\/p>\n<p data-close=\"closedContent\" class=\"subscribeHideForDisplay\">Suscr\u00edbete para seguir leyendo<\/p>\n","protected":false},"excerpt":{"rendered":"Investigadores del Centro de Biolog\u00eda Molecular Severo Ochoa (CBM), centro mixto del Consejo Superior de Investigaciones Cient\u00edficas (CSIC)&hellip;\n","protected":false},"author":2,"featured_media":211056,"comment_status":"","ping_status":"","sticky":false,"template":"","format":"standard","meta":{"footnotes":""},"categories":[92],"tags":[11098,3349,10475,15404,25,24,8731,2381,165,1294,7007,51540,57077,166,4474,57076,23],"class_list":{"0":"post-211055","1":"post","2":"type-post","3":"status-publish","4":"format-standard","5":"has-post-thumbnail","7":"category-salud","8":"tag-alteracion","9":"tag-autismo","10":"tag-csic","11":"tag-disena","12":"tag-es","13":"tag-espana","14":"tag-frecuente","15":"tag-genetica","16":"tag-health","17":"tag-investigacion","18":"tag-laboratorio","19":"tag-moleculas","20":"tag-reparan","21":"tag-salud","22":"tag-salud-mental","23":"tag-sinteticas","24":"tag-spain"},"share_on_mastodon":{"url":"https:\/\/pubeurope.com\/@es\/115469604790352790","error":""},"_links":{"self":[{"href":"https:\/\/www.europesays.com\/es\/wp-json\/wp\/v2\/posts\/211055","targetHints":{"allow":["GET"]}}],"collection":[{"href":"https:\/\/www.europesays.com\/es\/wp-json\/wp\/v2\/posts"}],"about":[{"href":"https:\/\/www.europesays.com\/es\/wp-json\/wp\/v2\/types\/post"}],"author":[{"embeddable":true,"href":"https:\/\/www.europesays.com\/es\/wp-json\/wp\/v2\/users\/2"}],"replies":[{"embeddable":true,"href":"https:\/\/www.europesays.com\/es\/wp-json\/wp\/v2\/comments?post=211055"}],"version-history":[{"count":0,"href":"https:\/\/www.europesays.com\/es\/wp-json\/wp\/v2\/posts\/211055\/revisions"}],"wp:featuredmedia":[{"embeddable":true,"href":"https:\/\/www.europesays.com\/es\/wp-json\/wp\/v2\/media\/211056"}],"wp:attachment":[{"href":"https:\/\/www.europesays.com\/es\/wp-json\/wp\/v2\/media?parent=211055"}],"wp:term":[{"taxonomy":"category","embeddable":true,"href":"https:\/\/www.europesays.com\/es\/wp-json\/wp\/v2\/categories?post=211055"},{"taxonomy":"post_tag","embeddable":true,"href":"https:\/\/www.europesays.com\/es\/wp-json\/wp\/v2\/tags?post=211055"}],"curies":[{"name":"wp","href":"https:\/\/api.w.org\/{rel}","templated":true}]}}