{"id":21108,"date":"2025-08-02T17:44:07","date_gmt":"2025-08-02T17:44:07","guid":{"rendered":"https:\/\/www.europesays.com\/es\/21108\/"},"modified":"2025-08-02T17:44:07","modified_gmt":"2025-08-02T17:44:07","slug":"pedro-sanchez-y-begona-gomez-aterrizan-en-lanzarote-para-pasar-23-dias-de-vacaciones","status":"publish","type":"post","link":"https:\/\/www.europesays.com\/es\/21108\/","title":{"rendered":"Pedro S\u00e1nchez y Bego\u00f1a G\u00f3mez aterrizan en Lanzarote para pasar 23 d\u00edas de vacaciones"},"content":{"rendered":"<p><a href=\"https:\/\/theobjective.com\/etiqueta\/pedro-sanchez\/\" rel=\"nofollow noopener\" target=\"_blank\">Pedro S\u00e1nchez<\/a> ya se encuentra en <a href=\"https:\/\/theobjective.com\/etiqueta\/lanzarote\/\" rel=\"nofollow noopener\" target=\"_blank\">Lanzarote<\/a>, donde pasar\u00e1 sus vacaciones junto a la familia. Fiel a su destino habitual, el presidente del Gobierno <strong>ha optado de nuevo por el Palacio de La Mareta<\/strong>, una residencia oficial gestionada por Patrimonio Nacional, enclavada en la tranquila localidad de Costa Teguise, al este de la isla. <strong>Est\u00e1 previsto que permanezca all\u00ed hasta el pr\u00f3ximo 25 de agosto.<\/strong><\/p>\n<p>Aunque el viaje tiene un claro car\u00e1cter privado, no se descarta que durante su estancia el presidente mantenga algunos encuentros informales. Entre los posibles asistentes figuran el expresidente <strong>Jos\u00e9 Luis Rodr\u00edguez Zapatero<\/strong> \u2014ya presente en la isla\u2014, as\u00ed como el presidente de la Generalitat de Catalu\u00f1a, <strong>Salvador Illa<\/strong>, y el ministro Fernando Grande-Marlaska, cuya visita a\u00fan no est\u00e1 confirmada. Tambi\u00e9n est\u00e1 previsto que comparta un caf\u00e9 con el presidente del Gobierno de Canarias, Fernando Clavijo. Adem\u00e1s, podr\u00eda recibir a algunos amigos personales, como el aventurero televisivo <strong>Jes\u00fas Calleja<\/strong>, como ya hizo en verano de 2023.<\/p>\n<p>Como es habitual en este tipo de desplazamientos, la seguridad se ha reforzado de forma notable. En los \u00faltimos d\u00edas, alrededor de 40 agentes de la Guardia Civil han sido desplegados en la isla, <strong>ampliando el per\u00edmetro de protecci\u00f3n de 200 a 400 metros alrededor del complejo<\/strong>. Se trata de una medida excepcional para garantizar la seguridad presidencial durante su estancia en este enclave estrat\u00e9gico, donde no se descartan otras visitas de alto nivel pol\u00edtico a lo largo de las pr\u00f3ximas semanas.<\/p>\n<p>El Palacio de La Mareta es uno de los enclaves m\u00e1s singulares de Canarias. Fue construido en los a\u00f1os 70 por orden del rey Hussein de Jordania, aunque nunca lleg\u00f3 a ser utilizado por el monarca. En 1989 fue <strong>donado al rey Juan Carlos I <\/strong>y, tras a\u00f1os en manos de la familia real, en 2015 pas\u00f3 a estar gestionado por Patrimonio Nacional para usos institucionales, por decisi\u00f3n del rey Felipe\u202fVI.<\/p>\n<p>La residencia fue dise\u00f1ada por el artista lanzarote\u00f1o C\u00e9sar Manrique, m\u00e1ximo exponente del estilo arquitect\u00f3nico de la isla, y ocupa una superficie de <strong>30.000 metros cuadrados<\/strong>. Entre sus instalaciones se incluyen dos piscinas, un lago artificial, canchas deportivas, helipuerto, biblioteca, salones, acceso directo al mar y diez bungalows destinados a invitados. Su arquitectura blanca y su integraci\u00f3n con el paisaje la convierten en un referente del patrimonio insular.<\/p>\n","protected":false},"excerpt":{"rendered":"Pedro S\u00e1nchez ya se encuentra en Lanzarote, donde pasar\u00e1 sus vacaciones junto a la familia. Fiel a su&hellip;\n","protected":false},"author":2,"featured_media":21109,"comment_status":"","ping_status":"","sticky":false,"template":"","format":"standard","meta":{"footnotes":""},"categories":[8],"tags":[12575,17,18,25,24,12576,13,14,11,3641,19,20,9,10,15,16,5966,23,12,21,22,2110],"class_list":{"0":"post-21108","1":"post","2":"type-post","3":"status-publish","4":"format-standard","5":"has-post-thumbnail","7":"category-espana","8":"tag-begou00f1a-gu00f3mez","9":"tag-breaking-news","10":"tag-breakingnews","11":"tag-es","12":"tag-espana","13":"tag-falcon","14":"tag-featured-news","15":"tag-featurednews","16":"tag-headlines","17":"tag-lanzarote","18":"tag-latest-news","19":"tag-latestnews","20":"tag-news","21":"tag-noticias","22":"tag-noticias-destacadas","23":"tag-noticiasdestacadas","24":"tag-pedro-su00e1nchez","25":"tag-spain","26":"tag-titulares","27":"tag-ultimas-noticias","28":"tag-ultimasnoticias","29":"tag-vacaciones"},"share_on_mastodon":{"url":"","error":""},"_links":{"self":[{"href":"https:\/\/www.europesays.com\/es\/wp-json\/wp\/v2\/posts\/21108","targetHints":{"allow":["GET"]}}],"collection":[{"href":"https:\/\/www.europesays.com\/es\/wp-json\/wp\/v2\/posts"}],"about":[{"href":"https:\/\/www.europesays.com\/es\/wp-json\/wp\/v2\/types\/post"}],"author":[{"embeddable":true,"href":"https:\/\/www.europesays.com\/es\/wp-json\/wp\/v2\/users\/2"}],"replies":[{"embeddable":true,"href":"https:\/\/www.europesays.com\/es\/wp-json\/wp\/v2\/comments?post=21108"}],"version-history":[{"count":0,"href":"https:\/\/www.europesays.com\/es\/wp-json\/wp\/v2\/posts\/21108\/revisions"}],"wp:featuredmedia":[{"embeddable":true,"href":"https:\/\/www.europesays.com\/es\/wp-json\/wp\/v2\/media\/21109"}],"wp:attachment":[{"href":"https:\/\/www.europesays.com\/es\/wp-json\/wp\/v2\/media?parent=21108"}],"wp:term":[{"taxonomy":"category","embeddable":true,"href":"https:\/\/www.europesays.com\/es\/wp-json\/wp\/v2\/categories?post=21108"},{"taxonomy":"post_tag","embeddable":true,"href":"https:\/\/www.europesays.com\/es\/wp-json\/wp\/v2\/tags?post=21108"}],"curies":[{"name":"wp","href":"https:\/\/api.w.org\/{rel}","templated":true}]}}