{"id":211080,"date":"2025-10-31T16:14:09","date_gmt":"2025-10-31T16:14:09","guid":{"rendered":"https:\/\/www.europesays.com\/es\/211080\/"},"modified":"2025-10-31T16:14:09","modified_gmt":"2025-10-31T16:14:09","slug":"granada-dedica-dos-calles-a-los-pintores-enrique-padial-y-jose-guerrero","status":"publish","type":"post","link":"https:\/\/www.europesays.com\/es\/211080\/","title":{"rendered":"Granada dedica dos calles a los pintores Enrique Padial y Jos\u00e9 Guerrero"},"content":{"rendered":"<p>Los pintores Enrique Padial y Jos\u00e9 Guerrero cuentan desde este viernes con dos calles intituladas con su nombre. El pleno ha aprobado por unanimidad los  &#8230; dos expedientes, que reconocen la val\u00eda y la trayectoria de ambos artistas.<\/p>\n<p class=\"v-p\">Padial, fallecido en 2014, fue uno de los grandes creadores granadinos de la segunda mitad del siglo XX. Nacido en 1938, su formaci\u00f3n se desarroll\u00f3 entre Granada, donde estuvo adscrito al Padre Su\u00e1rez, y Madrid, donde estudi\u00f3 Ingenier\u00eda Aeron\u00e1utica. En el \u00e1mbito art\u00edstico, sin embargo, se origin\u00f3 en la Escuela de Artes y Oficios antes de continuar de forma autodidacta. A lo largo de su trayectoria protagoniz\u00f3 importantes exposiciones en salas como la Galer\u00eda Drouant, Rinc\u00f3n del Arte o la Galer\u00eda Reina y particip\u00f3 en acciones relevantes como el homenaje a Falla con motivo del centenario de su nacimiento.<\/p>\n<p class=\"v-p\">Guerrero, a su vez, fue otro de los gigantes art\u00edsticos granadinos del siglo XX. Vinculado al expresionismo abstracto, su figura se vincul\u00f3 tambi\u00e9n a la Escuela de Artes y Oficios de Granada, la Escuela de Bellas Artes de Par\u00eds y la Academia de San Fernando. Su estancia en Par\u00eds, donde se relacion\u00f3 con los m\u00e1ximos representantes de la pintura en la \u00e9poca, fue determinante en su carrera, que se volc\u00f3 hacia las tendencias m\u00e1s rompedoras en un movimiento que se acentu\u00f3 a\u00fan m\u00e1s al trasladarse a Estados Unidos. En los 60 regres\u00f3 a Espa\u00f1a, donde culmin\u00f3 su carrera mostrando su inter\u00e9s por la figura de Federico Garc\u00eda Lorca y su asesinato en V\u00edznar, un suceso que dej\u00f3 una profunda huella en su obra.<\/p>\n<p class=\"v-p\">El portavoz municipal, Jorge Saavedra, ha asegurado que, con esta decisi\u00f3n, \u00abse hace justicia con Enrique Padial y Jos\u00e9 Guerrero, que tendr\u00e1n al fin una calle en un emplazamiento digno en Mondragones\u00bb. El dirigente ha insistido en que el momento es \u00abespecialmente oportuno\u00bb dado el inter\u00e9s de la ciudad por convertirse en capital europea de la cultura y ha recordado el papel que ambos creadores ejercieron a la hora de llevar \u00abel nombre de Granada por todo el mundo con su arte\u00bb.<\/p>\n<p class=\"v-p\">La edil socialista Ana Mu\u00f1oz ha aprovechado el debate para ratificar el apoyo de su formaci\u00f3n a la propuesta, que tambi\u00e9n ha contado con el voto a favor de Vox, pero ha invitado al resto de la corporaci\u00f3n a tratar de introducir en el callejero el nombre de artistas granadinas que tambi\u00e9n merecen reconocimiento, como las pintoras Aurelia Navarro y Dolores Montijano. \u00abHay muchas mujeres que necesitan reconocimiento. No podemos seguir teniendo un callejero lleno de hombres\u00bb, ha solicitado.<\/p>\n","protected":false},"excerpt":{"rendered":"Los pintores Enrique Padial y Jos\u00e9 Guerrero cuentan desde este viernes con dos calles intituladas con su nombre.&hellip;\n","protected":false},"author":2,"featured_media":211081,"comment_status":"","ping_status":"","sticky":false,"template":"","format":"standard","meta":{"footnotes":""},"categories":[173],"tags":[229,233,231,230,1346,1739,232,234,1563,12096,146,147,25,24,494,3442,2467,57083,237,23],"class_list":{"0":"post-211080","1":"post","2":"type-post","3":"status-publish","4":"format-standard","5":"has-post-thumbnail","7":"category-arte-y-diseno","8":"tag-arte","9":"tag-arte-y-diseno","10":"tag-arts","11":"tag-arts-and-design","12":"tag-calles","13":"tag-dedica","14":"tag-design","15":"tag-diseno","16":"tag-dos","17":"tag-enrique","18":"tag-entertainment","19":"tag-entretenimiento","20":"tag-es","21":"tag-espana","22":"tag-granada","23":"tag-guerrero","24":"tag-jose","25":"tag-padial","26":"tag-pintores","27":"tag-spain"},"share_on_mastodon":{"url":"https:\/\/pubeurope.com\/@es\/115469671704081563","error":""},"_links":{"self":[{"href":"https:\/\/www.europesays.com\/es\/wp-json\/wp\/v2\/posts\/211080","targetHints":{"allow":["GET"]}}],"collection":[{"href":"https:\/\/www.europesays.com\/es\/wp-json\/wp\/v2\/posts"}],"about":[{"href":"https:\/\/www.europesays.com\/es\/wp-json\/wp\/v2\/types\/post"}],"author":[{"embeddable":true,"href":"https:\/\/www.europesays.com\/es\/wp-json\/wp\/v2\/users\/2"}],"replies":[{"embeddable":true,"href":"https:\/\/www.europesays.com\/es\/wp-json\/wp\/v2\/comments?post=211080"}],"version-history":[{"count":0,"href":"https:\/\/www.europesays.com\/es\/wp-json\/wp\/v2\/posts\/211080\/revisions"}],"wp:featuredmedia":[{"embeddable":true,"href":"https:\/\/www.europesays.com\/es\/wp-json\/wp\/v2\/media\/211081"}],"wp:attachment":[{"href":"https:\/\/www.europesays.com\/es\/wp-json\/wp\/v2\/media?parent=211080"}],"wp:term":[{"taxonomy":"category","embeddable":true,"href":"https:\/\/www.europesays.com\/es\/wp-json\/wp\/v2\/categories?post=211080"},{"taxonomy":"post_tag","embeddable":true,"href":"https:\/\/www.europesays.com\/es\/wp-json\/wp\/v2\/tags?post=211080"}],"curies":[{"name":"wp","href":"https:\/\/api.w.org\/{rel}","templated":true}]}}