{"id":211082,"date":"2025-10-31T16:16:34","date_gmt":"2025-10-31T16:16:34","guid":{"rendered":"https:\/\/www.europesays.com\/es\/211082\/"},"modified":"2025-10-31T16:16:34","modified_gmt":"2025-10-31T16:16:34","slug":"morir-en-su-casa-de-toda-la-vida","status":"publish","type":"post","link":"https:\/\/www.europesays.com\/es\/211082\/","title":{"rendered":"\u00abMorir en su casa de toda la vida\u00bb"},"content":{"rendered":"<p style=\"\">Cuando los telespectadores no se hab\u00edan recuperado de los casos de <strong>okupaci\u00f3n<\/strong> de los \u00faltimos d\u00edas denunciados por &#8216;<a href=\"https:\/\/www.abc.es\/play\/television\/noticias\/mujer-victima-okupacion-senala-pedro-sanchez-deja-20251030113855-nt.html\" target=\"_self\" data-voc-vtm-id=\"in-text-traffic\" title=\"En boca de todos\" data-mrf-link=\"www.abc.es\" rel=\"nofollow noopener\">En boca de todos<\/a>&#8216; (Cuatro) y &#8216;<a href=\"https:\/\/www.abc.es\/play\/television\/noticias\/okupado-discapacidad-indigna-televisiones-sangrante-inquiokupacion-20251029120727-nt.html\" target=\"_self\" data-voc-vtm-id=\"in-text-traffic\" title=\"El programa de Ana Rosa\" data-mrf-link=\"www.abc.es\" rel=\"nofollow noopener\">El programa de Ana Rosa<\/a>&#8216; (Telecinco), este viernes el espacio presentado por Ana Rosa Quintana ha dado voz  &#8230; a la terrible situaci\u00f3n de Mercedes, una <strong>anciana de 98 a\u00f1os<\/strong>, v\u00edctima de okupaci\u00f3n desde hace tres a\u00f1os y que en un intento desesperado su nieto se ha presentado en el matinal de Telecinco para intentar recuperar la casa de su abuela y as\u00ed poder conseguir que se cumpla la \u00faltima voluntad de esta: \u00abmorir en su casa de toda la vida\u00bb.<\/p>\n<p class=\"voc-p\" style=\"\">&#8216;<a href=\"https:\/\/www.abc.es\/play\/television\/noticias\/ana-rosa-quintana-dispara-pedro-sanchez-tras-20251031103743-nt.html\" target=\"_self\" data-voc-vtm-id=\"in-text-traffic\" title=\"El programa de Ana Rosa\" data-mrf-link=\"www.abc.es\" rel=\"nofollow noopener\">El programa de Ana Rosa<\/a>&#8216; se encontraba en la franja de sucesos, cuando Manu Marlasca, colaborador habitual de Ana Rosa Quintana, pon\u00eda sobre la mesa un desolador caso de <strong>inquiokupaci\u00f3n<\/strong>. \u00abMercedes tiene 98 a\u00f1os pero no puede habitar en su casa, desde hace tres a\u00f1os vive una inquiokupa que trabaja de <strong>esteticista<\/strong> y que no se quiere ir de su casa\u00bb, introduc\u00eda el periodista que daba paso al reportaje que hab\u00eda realizado el matinal de Telecinco.<\/p>\n<p class=\"voc-p\" style=\"\">As\u00ed, el espacio informaba que la inquiokupa hab\u00eda dejado de pagar a los \u00abcinco meses\u00bb y tras tres a\u00f1os y medio sin abonar la renta correspondiente, adeudaba a Mercedes \u00ab20.000 euros\u00bb. Adem\u00e1s, &#8216;El programa de Ana Rosa&#8217; narraba que la <strong>inquiokupa<\/strong> ten\u00eda un \u00abnegocio ilegal en la casa\u00bb como <strong>esteticista de lujo<\/strong>, sin olvidar que tambi\u00e9n impart\u00eda cursos \u00abcomo &#8216;coach&#8217; emocional para atraer la abundancia\u00bb.<\/p>\n<p class=\"voc-p\" style=\"\">\u00abEs alucinante\u00bb, comentaba Ana Rosa Quintana que daba voz a David, nieto de la anciana, que denunciaba el \u00ab<strong>fraude de ley<\/strong>\u00bb que estaba cometiendo la inquiokupa. \u00abHay informes del Ayuntamiento y la Polic\u00eda que han hecho las investigaciones pertinentes que trabaja sin licencia, cobra ese dinero en negro porque ella es perceptora de ayudas sociales. Est\u00e1 generando un fraude de ley\u00bb, aseveraba el invitado de &#8216;El programa de Ana Rosa&#8217; que clamaba por recuperar la vivienda <strong>okupada<\/strong> de su abuela y que esta pudiera \u00abmorir\u00bb en ella.<\/p>\n<p class=\"voc-p\" style=\"\">Entonces, <strong>Ana Rosa Quintana<\/strong> entr\u00f3 en escena para dar un &#8216;<strong>tir\u00f3n de orejas<\/strong>&#8216; a las autoridades tras la investigaci\u00f3n realizada por &#8216;El programa de Ana Rosa&#8217;. \u00abHemos constatado que tiene un negocio abierto, que te ense\u00f1a todo el material. Hacienda tendr\u00e1 que decir algo de esto y no entiendo por qu\u00e9 le dan la vulnerabilidad. Y es que, \u00bfesta se\u00f1ora de 98 no es vulnerable? Aqu\u00ed hay vulnerabilidades fraudulentas en todas partes\u00bb, sentenciaba la presentadora del <a href=\"https:\/\/www.abc.es\/play\/television\/noticias\/emotivo-homenaje-ana-rosa-quintana-victimas-dana-20251029103724-nt.html\" target=\"_self\" data-voc-vtm-id=\"in-text-traffic\" title=\"matinal\" data-mrf-link=\"www.abc.es\" rel=\"nofollow noopener\">matinal<\/a> de Telecinco.<\/p>\n","protected":false},"excerpt":{"rendered":"Cuando los telespectadores no se hab\u00edan recuperado de los casos de okupaci\u00f3n de los \u00faltimos d\u00edas denunciados por&hellip;\n","protected":false},"author":2,"featured_media":211083,"comment_status":"","ping_status":"","sticky":false,"template":"","format":"standard","meta":{"footnotes":""},"categories":[171],"tags":[10605,146,147,25,24,23,214],"class_list":{"0":"post-211082","1":"post","2":"type-post","3":"status-publish","4":"format-standard","5":"has-post-thumbnail","7":"category-tv","8":"tag-a","9":"tag-entertainment","10":"tag-entretenimiento","11":"tag-es","12":"tag-espana","13":"tag-spain","14":"tag-tv"},"share_on_mastodon":{"url":"https:\/\/pubeurope.com\/@es\/115469679502815793","error":""},"_links":{"self":[{"href":"https:\/\/www.europesays.com\/es\/wp-json\/wp\/v2\/posts\/211082","targetHints":{"allow":["GET"]}}],"collection":[{"href":"https:\/\/www.europesays.com\/es\/wp-json\/wp\/v2\/posts"}],"about":[{"href":"https:\/\/www.europesays.com\/es\/wp-json\/wp\/v2\/types\/post"}],"author":[{"embeddable":true,"href":"https:\/\/www.europesays.com\/es\/wp-json\/wp\/v2\/users\/2"}],"replies":[{"embeddable":true,"href":"https:\/\/www.europesays.com\/es\/wp-json\/wp\/v2\/comments?post=211082"}],"version-history":[{"count":0,"href":"https:\/\/www.europesays.com\/es\/wp-json\/wp\/v2\/posts\/211082\/revisions"}],"wp:featuredmedia":[{"embeddable":true,"href":"https:\/\/www.europesays.com\/es\/wp-json\/wp\/v2\/media\/211083"}],"wp:attachment":[{"href":"https:\/\/www.europesays.com\/es\/wp-json\/wp\/v2\/media?parent=211082"}],"wp:term":[{"taxonomy":"category","embeddable":true,"href":"https:\/\/www.europesays.com\/es\/wp-json\/wp\/v2\/categories?post=211082"},{"taxonomy":"post_tag","embeddable":true,"href":"https:\/\/www.europesays.com\/es\/wp-json\/wp\/v2\/tags?post=211082"}],"curies":[{"name":"wp","href":"https:\/\/api.w.org\/{rel}","templated":true}]}}