{"id":211094,"date":"2025-10-31T16:23:17","date_gmt":"2025-10-31T16:23:17","guid":{"rendered":"https:\/\/www.europesays.com\/es\/211094\/"},"modified":"2025-10-31T16:23:17","modified_gmt":"2025-10-31T16:23:17","slug":"amazon-plantea-un-ere-en-espana-para-1-200-trabajadores-de-sus-oficinas-corporativas-de-madrid-y-barcelona-economia","status":"publish","type":"post","link":"https:\/\/www.europesays.com\/es\/211094\/","title":{"rendered":"Amazon plantea un ERE en Espa\u00f1a para 1.200 trabajadores de sus oficinas corporativas de Madrid y Barcelona | Econom\u00eda"},"content":{"rendered":"<p class=\"\">Euforia burs\u00e1til e incertidumbre en la plantilla. <a href=\"https:\/\/elpais.com\/noticias\/amazon\/\" target=\"_blank\" rel=\"noreferrer nofollow noopener\" title=\"https:\/\/elpais.com\/noticias\/amazon\/\">Amazon<\/a> ha puesto en marcha un proceso de despido colectivo, que afectar\u00eda a un m\u00e1ximo de 1.200 trabajadores de sus oficinas corporativas en Espa\u00f1a. Fuentes de la compa\u00f1\u00eda, <a href=\"https:\/\/elpais.com\/economia\/2025-10-30\/amazon-gana-un-38-mas-tras-dispararse-su-negocio-en-la-nube.html\" target=\"_self\" rel=\"nofollow noopener\" title=\"https:\/\/elpais.com\/economia\/2025-10-30\/amazon-gana-un-38-mas-tras-dispararse-su-negocio-en-la-nube.html\">que acaba de presentar un incremento de beneficios del 38% <\/a>y que este viernes se anot\u00f3 un nuevo m\u00e1ximo hist\u00f3rico en la Bolsa, se\u00f1alan que el ajuste solo afecta a Madrid y Barcelona, que es donde la empresa tiene oficinas corporativas, y precisan que no afectar\u00e1 a empleados de entregas o de los centros log\u00edsticos. <\/p>\n<p class=\"\">Amazon Espa\u00f1a cuenta con un total de 28.000 trabajadores, con lo que, de llegar a la cifra anunciada, el ajuste afectar\u00eda a algo m\u00e1s del 4%. En principio, la reestructuraci\u00f3n no tendr\u00eda impacto en las operaciones de la compa\u00f1\u00eda a nivel nacional ni en otras ciudades espa\u00f1olas.<\/p>\n<p class=\"\">En concreto, la multinacional estadounidense, que ha anunciado esta semana a nivel global un ajuste que afectar\u00e1 este a\u00f1o a 14.000 efectivos de su plantilla corporativa, ha abierto en Espa\u00f1a dos expedientes de reducci\u00f3n de empleo (ERE) en las empresas Amazon Digital Spain, cuyas oficinas se ubican en Madrid, y Amazon Spain Service, localizada en Barcelona.<\/p>\n<p class=\"\">El ajuste en Amazon va a afectar en mayor medida, seg\u00fan fuentes del sector, al grupo de los denominados \u201cmandos medios\u201d. <\/p>\n<p class=\"\">La reestructuraci\u00f3n de plantilla ha sido criticada de inmediato desde el Gobierno. La vicepresidenta segunda del Gobierno y ministra de Trabajo, Yolanda D\u00edaz, lament\u00f3 el ajuste y ha asegurado que la empresa fundada por el multimillonario Jeff Bezos representa un \u201cmodelo de la verg\u00fcenza\u201d.<\/p>\n<p class=\"\">En la misma l\u00ednea, fuentes sindicales han criticado este recorte laboral, en un momento de fuerte crecimiento de la compa\u00f1\u00eda en todo el mundo. En este sentido, el sindicato CC OO ha rechazado el ERE, y ha exigido a la compa\u00f1\u00eda informaci\u00f3n y transparencia sobre las causas que lo motivan, puesto que \u201cl\u00f3gicamente no pueden tener fundamento econ\u00f3mico\u201d. En un comunicado, el sindicato ha insistido en que no existe justificaci\u00f3n econ\u00f3mica \u201cpara un recorte de este calibre, cuando han sido precisamente las plantillas afectadas por el ERE las que han contribuido decisivamente al crecimiento exponencial de la empresa\u201d.<\/p>\n<p class=\"\">Otras fuentes de representantes de los trabajadores afirman que la empresa no se ha puesto todav\u00eda en contacto con los respectivos comit\u00e9s para la negociaci\u00f3n del citado expediente.<\/p>\n<p class=\"\">Dado que el ajuste se presentar\u00e1 en los centros de Madrid y Barcelona, la comunicaci\u00f3n oficial para abrir la negociaci\u00f3n del ERE deber\u00e1 producirse ante la direcci\u00f3n general del Ministerio de Trabajo (por afectar a m\u00e1s de una comunidad aut\u00f3noma). Hasta el momento, fuentes de este ministerio confirman que no se ha producido ninguna comunicaci\u00f3n por parte de Amazon a la autoridad laboral pertinente. <\/p>\n<p class=\"\">Algunas voces del sector explican que es una pr\u00e1ctica habitual de muchas grandes empresas anunciar el volumen de un ERE antes de comunicarlo oficialmente, para luego materializar un recorte algo inferior en el momento de su presentaci\u00f3n y que parezca que la compa\u00f1\u00eda ya ha rebajado sus pretensiones iniciales.<\/p>\n<p class=\"\">En cualquier caso, la incertidumbre se ha extendido sobre el conjunto de la plantilla en Espa\u00f1a. Fuentes del sector se\u00f1alan que Amazon tiene proyectos en marcha vinculados a la inteligencia artificial (IA) y la automatizaci\u00f3n, que podr\u00edan provocar nuevos ajustes de plantilla en el futuro. No obstante, se\u00f1ala que estos planes est\u00e1n todav\u00eda en fase de desarrollo. <\/p>\n<p>Ajuste global<\/p>\n<p class=\"\">Amazon comunic\u00f3 el pasado martes una reducci\u00f3n de cerca de 14.000 empleados de su plantilla corporativa en todo el mundo, centrada en aquellos trabajadores que desempe\u00f1an labores administrativas y de oficina. <a href=\"https:\/\/elpais.com\/economia\/2025-10-31\/los-gigantes-tecnologicos-disparan-sus-beneficios-para-financiar-su-alocada-carrera-por-la-ia.html\" target=\"_self\" rel=\"nofollow noopener\" title=\"https:\/\/elpais.com\/economia\/2025-10-31\/los-gigantes-tecnologicos-disparan-sus-beneficios-para-financiar-su-alocada-carrera-por-la-ia.html\">La cifra era inferior a la apuntada horas antes en varios medios<\/a>, que la elevaban hasta unos 30.000 los puestos de trabajo afectados.<\/p>\n<p class=\"\">La plantilla global de Amazon se estima en alrededor de 1,5 millones de personas, de los que unos 350.000 desempe\u00f1an labores corporativas. <\/p>\n<p class=\"\">Esta medida, comunicada por Beth Galetti, vicepresidenta s\u00e9nior de Experiencia de Personas y Tecnolog\u00eda en Amazon, se justifica por parte de la compa\u00f1\u00eda en el objetivo de mantener una estructura \u00e1gil y adecuada, reduciendo la burocracia, eliminando capas y redireccionando recursos para garantizar la inversi\u00f3n en grandes apuestas de la empresa para responder a las necesidades actuales y futuras de los clientes.<\/p>\n<p class=\"\">Amazon asegur\u00f3 que tratar\u00e1 de dar apoyo a los afectados, brindando un plazo de 90 d\u00edas para buscar un nuevo puesto internamente y dando prioridad a los candidatos internos para ayudar al mayor n\u00famero posible de personas a encontrar nuevos puestos en la propia Amazon.<\/p>\n<p>M\u00e1ximo hist\u00f3rico en Bolsa<\/p>\n<p class=\"\">El anuncio de recorte de plantilla a nivel espa\u00f1ol llega tras la presentaci\u00f3n de resultados del tercer trimestre del gigante tecnol\u00f3gico, conocidos este mismo jueves, en los que Amazon anunci\u00f3 un beneficio neto de 21.187 millones de d\u00f3lares (18.213 millones de euros), lo que representa una mejora del 38,2% respecto del resultado anotado por la multinacional entre julio y septiembre del a\u00f1o pasado.<\/p>\n<p class=\"\">La cifra de negocio en el trimestre alcanz\u00f3 los 180.169 millones de d\u00f3lares (154.879 millones de euros), <a href=\"https:\/\/elpais.com\/economia\/2025-10-30\/amazon-gana-un-38-mas-tras-dispararse-su-negocio-en-la-nube.html\" target=\"_self\" rel=\"nofollow noopener\" title=\"https:\/\/elpais.com\/economia\/2025-10-30\/amazon-gana-un-38-mas-tras-dispararse-su-negocio-en-la-nube.html\">un 13,4% m\u00e1s que en el mismo periodo del a\u00f1o pasado<\/a>, con un crecimiento del 9,6% de las ventas de productos, hasta 74.058 millones de d\u00f3lares (63.663 millones de euros), y del 16,3% de la comercializaci\u00f3n de servicios, hasta 106.111 millones de d\u00f3lares (91.216 millones de euros).<\/p>\n<p class=\"\">Las cuentas han sido bien recibidas por el mercado. Las acciones de Amazon se dispararon este viernes, por momentos m\u00e1s de un 12%, superando la cota de los 250 d\u00f3lares y alcanzando un nuevo m\u00e1ximo hist\u00f3rico. Los t\u00edtulos se revalorizan un 12% desde principios de a\u00f1o y sit\u00faan la capitalizaci\u00f3n burs\u00e1til por encima de los 2,63 billones de d\u00f3lares. Con esas cifras es la quinta empresa m\u00e1s valiosa de todo el mundo. <\/p>\n<p class=\"\">Los inversores valoraron de una forma muy particular el crecimiento de la divisi\u00f3n Amazon Web Services, que registr\u00f3 unos ingresos trimestrales de 33.000 millones de d\u00f3lares, un 20% m\u00e1s. Esta evoluci\u00f3n ha reducido los temores entre la comunidad financiera sobre una posible burbuja en el \u00e1mbito de la IA. Tambi\u00e9n apunta a que Amazon se est\u00e1 volcando en hacerse fuerte en otro \u00e1mbito adem\u00e1s del negocio principal de reparto. <\/p>\n","protected":false},"excerpt":{"rendered":"Euforia burs\u00e1til e incertidumbre en la plantilla. Amazon ha puesto en marcha un proceso de despido colectivo, que&hellip;\n","protected":false},"author":2,"featured_media":211095,"comment_status":"","ping_status":"","sticky":false,"template":"","format":"standard","meta":{"footnotes":""},"categories":[80],"tags":[912,210,82,5702,95,94,5509,25,24,14373,205,23],"class_list":{"0":"post-211094","1":"post","2":"type-post","3":"status-publish","4":"format-standard","5":"has-post-thumbnail","7":"category-economia","8":"tag-amazon","9":"tag-barcelona","10":"tag-business","11":"tag-despido","12":"tag-economia","13":"tag-economy","14":"tag-empleo","15":"tag-es","16":"tag-espana","17":"tag-jeff-bezos","18":"tag-madrid","19":"tag-spain"},"share_on_mastodon":{"url":"https:\/\/pubeurope.com\/@es\/115469707466510099","error":""},"_links":{"self":[{"href":"https:\/\/www.europesays.com\/es\/wp-json\/wp\/v2\/posts\/211094","targetHints":{"allow":["GET"]}}],"collection":[{"href":"https:\/\/www.europesays.com\/es\/wp-json\/wp\/v2\/posts"}],"about":[{"href":"https:\/\/www.europesays.com\/es\/wp-json\/wp\/v2\/types\/post"}],"author":[{"embeddable":true,"href":"https:\/\/www.europesays.com\/es\/wp-json\/wp\/v2\/users\/2"}],"replies":[{"embeddable":true,"href":"https:\/\/www.europesays.com\/es\/wp-json\/wp\/v2\/comments?post=211094"}],"version-history":[{"count":0,"href":"https:\/\/www.europesays.com\/es\/wp-json\/wp\/v2\/posts\/211094\/revisions"}],"wp:featuredmedia":[{"embeddable":true,"href":"https:\/\/www.europesays.com\/es\/wp-json\/wp\/v2\/media\/211095"}],"wp:attachment":[{"href":"https:\/\/www.europesays.com\/es\/wp-json\/wp\/v2\/media?parent=211094"}],"wp:term":[{"taxonomy":"category","embeddable":true,"href":"https:\/\/www.europesays.com\/es\/wp-json\/wp\/v2\/categories?post=211094"},{"taxonomy":"post_tag","embeddable":true,"href":"https:\/\/www.europesays.com\/es\/wp-json\/wp\/v2\/tags?post=211094"}],"curies":[{"name":"wp","href":"https:\/\/api.w.org\/{rel}","templated":true}]}}