{"id":211096,"date":"2025-10-31T16:24:09","date_gmt":"2025-10-31T16:24:09","guid":{"rendered":"https:\/\/www.europesays.com\/es\/211096\/"},"modified":"2025-10-31T16:24:09","modified_gmt":"2025-10-31T16:24:09","slug":"trump-podria-atacar-objetivos-militares-en-venezuela-en-cualquier-momento-segun-la-prensa-de-eeuu","status":"publish","type":"post","link":"https:\/\/www.europesays.com\/es\/211096\/","title":{"rendered":"Trump podr\u00eda atacar objetivos militares en Venezuela \u00aben cualquier momento\u00bb, seg\u00fan la prensa de EEUU"},"content":{"rendered":"<p class=\"c-paragraph\">La Administraci\u00f3n de <b><a href=\"https:\/\/www.20minutos.es\/tags\/temas\/eeuu.html\" title=\"EEUU\" rel=\"nofollow noopener\" target=\"_blank\">EEUU<\/a><\/b>, con <b><a href=\"https:\/\/www.20minutos.es\/tags\/personas\/donald-trump.html\" title=\"Donald Trump\" rel=\"nofollow noopener\" target=\"_blank\">Donald Trump<\/a><\/b> al frente, habr\u00eda tomado la decisi\u00f3n de<b> atacar instalaciones militares dentro de <a href=\"https:\/\/www.20minutos.es\/tags\/lugares\/venezuela.html\" title=\"Venezuela\" rel=\"nofollow noopener\" target=\"_blank\">Venezuela<\/a> \u00aben cualquier momento\u00bb<\/b>, seg\u00fan informa este viernes el diario estadounidense <a href=\"https:\/\/www.miamiherald.com\/news\/nation-world\/world\/americas\/venezuela\/article312722642.html?fbclid=PAZXh0bgNhZW0CMTEAAackJRw33tEuRYI2PtXY04SWJ4fZdmqQKhMk2k8IcqckuA9G_uiwzbwCHLhAqA_aem_UaaGg381WIJhv6ZJttVfOQ\" rel=\"nofollow noreferrer noopener\" target=\"_blank\">Miami Herald<\/a>, que cita fuentes \u00abconocedoras de la situaci\u00f3n\u00bb, que agregan que el ataque podr\u00eda alcanzar sus objetivos \u00abdesde el aire en cuesti\u00f3n de d\u00edas o incluso horas\u00bb.<\/p>\n<p class=\"c-paragraph\">Asimismo, el diario <a href=\"https:\/\/www.wsj.com\/world\/americas\/u-s-eyes-striking-venezuelan-military-targets-used-for-drug-trafficking-cafcfe47?mod=world_lead_pos2\" rel=\"nofollow noreferrer noopener\" target=\"_blank\">The\u00a0Wall Street Journal<\/a>\u00a0report\u00f3 sobre estos planes de la Administraci\u00f3n Trump este jueves por la noche. \u00abEEUU tiene la mirada puesta en atacar objetivos militares venezolanos utilizados para el narcotr\u00e1fico.\u00a0Es probable que la infraestructura de las bandas de narcotraficantes y del r\u00e9gimen [de Nicol\u00e1s Maduro] sea atacada si Trump decide emprender acciones militares\u00bb, ha informado.<\/p>\n<p class=\"c-paragraph\">La prensa estadounidense recoge que estos planes \u00abbuscar\u00e1n <b>destruir instalaciones militares utilizadas por la organizaci\u00f3n de <a href=\"https:\/\/www.20minutos.es\/tags\/temas\/narcotrafico.html\" title=\"Narcotr\u00e1fico\" rel=\"nofollow noopener\" target=\"_blank\">narcotr\u00e1fico<\/a><\/b> que, seg\u00fan Estados Unidos, est\u00e1 encabezada por el dictador venezolano Nicol\u00e1s Maduro y dirigida por altos miembros de su r\u00e9gimen\u00bb.\u00a0<\/p>\n<p class=\"c-paragraph\">El diario &#8216;Miami Herald&#8217; a\u00f1ade que los supuestos inminentes ataques tambi\u00e9n tendr\u00edan como objetivo \u00abdesarticular la c\u00fapula del c\u00e1rtel\u00bb. Seg\u00fan los funcionarios estadounidenses consultados, esta organizaci\u00f3n criminarl exporta \u00abalrededor de <b>500 toneladas de <a href=\"https:\/\/www.20minutos.es\/tags\/temas\/cocaina.html\" title=\"Coca\u00edna\" rel=\"nofollow noopener\" target=\"_blank\">coca\u00edna<\/a> al a\u00f1o, repartidas entre Europa y EEUU<\/b>\u00ab. Estas mismas fuentes no quisieron pronunciarse sobre si Maduro era un \u00abobjetivo\u00bb, si bien una de ella \u00abafirm\u00f3 que le queda poco tiempo\u00bb, contin\u00faa el mencionado peri\u00f3dico.<\/p>\n<p class=\"c-paragraph\">\u00ab<b>Maduro est\u00e1 a punto de verse atrapado<\/b> y pronto podr\u00eda descubrir que no puede huir del pa\u00eds aunque quisiera. Lo peor para \u00e9l es que ahora hay m\u00e1s de un general dispuesto a capturarlo y entregarlo, plenamente conscientes de que una cosa es hablar de la muerte y otra muy distinta verla venir\u00bb,\u00a0 dijo a &#8216;Miami Herald&#8217; una fuente de la Administraci\u00f3n Trump.<\/p>\n<p class=\"c-paragraph\">El despliegue de efectivos navales estadounidenses en el Caribe, frente a\u00a0<a href=\"https:\/\/www.20minutos.es\/tags\/lugares\/venezuela.html\" title=\"Venezuela\" rel=\"nofollow noopener\" target=\"_blank\"><b>Venezuela<\/b><\/a>, es ya el mayor de la historia del pa\u00eds desde la primera Guerra del Golfo (1990-1991), seg\u00fan un estudio de expertos del Centro para Estudios Estrat\u00e9gicos e Internacionales (CSIS), a la espera de la llegada del grupo de ataque del portaviones Gerald Ford.<b><b>\u00a0<\/b><\/b><\/p>\n<p class=\"c-paragraph\"><b>\u00ab<b><b>No mandas a uno de tus m\u00e1s importantes activos navales para estar parado<\/b><\/b><\/b>\u00a0<b><b>y darse una vuelta<\/b><\/b>.\u00a0<b><b>O lo usas o lo reasignas de inmediato<\/b><\/b>. Lo m\u00e1s probable es un ataque con misiles contra Venezuela\u00bb, indic\u00f3 este martes el coronel de Infanter\u00eda de Marina retirado y autor del an\u00e1lisis del CSIS, Mark Cancian.<\/p>\n<p>Venezuela destruye dos avionetas<\/p>\n<p class=\"c-paragraph\">Por otro lado, la Fuerza Armada Nacional Bolivariana (FANB) de Venezuela destruy\u00f3 dos avionetas<b> supuestamente vinculadas al narcotr\u00e1fico<\/b>, seg\u00fan inform\u00f3 este jueves la Zona Operativa de Defensa Integral (ZODI) del estado Apure (oeste, fronterizo con Colombia).\u00a0<\/p>\n<p class=\"c-paragraph\">En Instagram, la ZODI, que hace parte del Ej\u00e9rcito, detall\u00f3 que las dos aeronaves ingresaron al espacio a\u00e9reo venezolano con el transpondedor apagado \u2014un dispositivo que responde a las se\u00f1ales de radar\u2014 y violaron la soberan\u00eda y defensa nacional.\u00a0<\/p>\n<p class=\"c-paragraph\">A continuaci\u00f3n, las dos avionetas fueron detectadas por radares militares y, en consecuencia, declaradas como \u00abblancos a la ejecuci\u00f3n operativa\u00bb, especific\u00f3 la ZODI.\u00a0<\/p>\n<p class=\"c-paragraph\">Igualmente, indic\u00f3 que el Ej\u00e9rcito despleg\u00f3 <b>dos cazas para localizar a las aeronaves<\/b>, que finalmente fueron destruidas en Apure, aunque no se detall\u00f3 si se hizo en el aire o en tierra. Tampoco se inform\u00f3 si hubo fallecidos o detenidos.<\/p>\n","protected":false},"excerpt":{"rendered":"La Administraci\u00f3n de EEUU, con Donald Trump al frente, habr\u00eda tomado la decisi\u00f3n de atacar instalaciones militares dentro&hellip;\n","protected":false},"author":2,"featured_media":211097,"comment_status":"","ping_status":"","sticky":false,"template":"","format":"standard","meta":{"footnotes":""},"categories":[42],"tags":[20481,17,18,13,14,11,61,62,63,64,19,20,23480,9,10,15,16,26829,3479,12,936,21,22,65,66,67],"class_list":{"0":"post-211096","1":"post","2":"type-post","3":"status-publish","4":"format-standard","5":"has-post-thumbnail","7":"category-internacional","8":"tag-atacar","9":"tag-breaking-news","10":"tag-breakingnews","11":"tag-featured-news","12":"tag-featurednews","13":"tag-headlines","14":"tag-internacional","15":"tag-international","16":"tag-international-news","17":"tag-internationalnews","18":"tag-latest-news","19":"tag-latestnews","20":"tag-militares","21":"tag-news","22":"tag-noticias","23":"tag-noticias-destacadas","24":"tag-noticiasdestacadas","25":"tag-objetivos","26":"tag-podria","27":"tag-titulares","28":"tag-trump","29":"tag-ultimas-noticias","30":"tag-ultimasnoticias","31":"tag-world","32":"tag-world-news","33":"tag-worldnews"},"share_on_mastodon":{"url":"https:\/\/pubeurope.com\/@es\/115469710966076311","error":""},"_links":{"self":[{"href":"https:\/\/www.europesays.com\/es\/wp-json\/wp\/v2\/posts\/211096","targetHints":{"allow":["GET"]}}],"collection":[{"href":"https:\/\/www.europesays.com\/es\/wp-json\/wp\/v2\/posts"}],"about":[{"href":"https:\/\/www.europesays.com\/es\/wp-json\/wp\/v2\/types\/post"}],"author":[{"embeddable":true,"href":"https:\/\/www.europesays.com\/es\/wp-json\/wp\/v2\/users\/2"}],"replies":[{"embeddable":true,"href":"https:\/\/www.europesays.com\/es\/wp-json\/wp\/v2\/comments?post=211096"}],"version-history":[{"count":0,"href":"https:\/\/www.europesays.com\/es\/wp-json\/wp\/v2\/posts\/211096\/revisions"}],"wp:featuredmedia":[{"embeddable":true,"href":"https:\/\/www.europesays.com\/es\/wp-json\/wp\/v2\/media\/211097"}],"wp:attachment":[{"href":"https:\/\/www.europesays.com\/es\/wp-json\/wp\/v2\/media?parent=211096"}],"wp:term":[{"taxonomy":"category","embeddable":true,"href":"https:\/\/www.europesays.com\/es\/wp-json\/wp\/v2\/categories?post=211096"},{"taxonomy":"post_tag","embeddable":true,"href":"https:\/\/www.europesays.com\/es\/wp-json\/wp\/v2\/tags?post=211096"}],"curies":[{"name":"wp","href":"https:\/\/api.w.org\/{rel}","templated":true}]}}