{"id":211107,"date":"2025-10-31T16:34:09","date_gmt":"2025-10-31T16:34:09","guid":{"rendered":"https:\/\/www.europesays.com\/es\/211107\/"},"modified":"2025-10-31T16:34:09","modified_gmt":"2025-10-31T16:34:09","slug":"bruno-savignani-san-pablo-burgos-tenemos-confianza-en-nosotros-mismos-y-en-el-proceso","status":"publish","type":"post","link":"https:\/\/www.europesays.com\/es\/211107\/","title":{"rendered":"Bruno Savignani (San Pablo Burgos): \u00abTenemos confianza en nosotros mismos y en el proceso\u00bb"},"content":{"rendered":"<p><strong>Bruno Savignani<\/strong>, entrenador del <strong>Recoletas Salud San Pablo<\/strong>, ha lanzado un mensaje de tranquilidad despu\u00e9s de las \u00faltimas derrotas y ha asegurado que tienen confianza en s\u00ed mismos y en el proceso. El t\u00e9cnico del conjunto azul\u00f3n, que este domingo jugar\u00e1 en casa del Valencia Basket,\u00a0ha destacado que \u00abel vestuario est\u00e1 bien\u00bb y que el hecho de tener muchos jugadores del a\u00f1o pasado, que conocen c\u00f3mo trabaja, les da m\u00e1s seguridad a la hora de afrontar el desaf\u00edo de la Liga Endesa: \u00abEl a\u00f1o pasado te acostumbras a ganar siempre y viene esa buena sensaci\u00f3n que transmiten las victorias, pero ahora tenemos que<strong> ser conscientes de d\u00f3nde estamos, qui\u00e9nes somos y qu\u00e9 tipo de equipo somos para esta liga<\/strong>. Tener eso muy claro ayuda a pasar por estos momentos dif\u00edciles que ya sab\u00edamos desde el d\u00eda uno. Hay que mantener las buenas sensaciones del a\u00f1o pasado, pero sabiendo que ahora estamos a un nivel m\u00e1s alto. Tenemos tranquilidad y confianza en nosotros mismos, en el proceso, en lo que somos y en lo que queremos ser. Sabemos d\u00f3nde queremos llegar\u00bb.<\/p>\n<p>Cada jornada es un desaf\u00edo para un reci\u00e9n ascendido como el San Pablo y este domingo viaja a la cancha del <strong>Valencia Baske<\/strong>t, que ha ganado todo en la Liga Endesa y viene de vencer sus dos encuentros de entre semana en la Euroliga. <strong>\u00abEs un partido que nos motiva mucho\u00bb<\/strong>, ha reconocido Savignani, quien podr\u00e1 contar con<strong> Luke Fischer <\/strong>a pesar de sus molestias en la rodilla. \u00abEl mi\u00e9rcoles ya entren\u00f3 y esta semana ha dado un paso adelante\u00bb, ha a\u00f1adido.<\/p>\n","protected":false},"excerpt":{"rendered":"Bruno Savignani, entrenador del Recoletas Salud San Pablo, ha lanzado un mensaje de tranquilidad despu\u00e9s de las \u00faltimas&hellip;\n","protected":false},"author":2,"featured_media":211108,"comment_status":"","ping_status":"","sticky":false,"template":"","format":"standard","meta":{"footnotes":""},"categories":[269],"tags":[299,298,14681,168,25,24,831,665,3919,23,167,2916],"class_list":{"0":"post-211107","1":"post","2":"type-post","3":"status-publish","4":"format-standard","5":"has-post-thumbnail","7":"category-baloncesto","8":"tag-baloncesto","9":"tag-basketball","10":"tag-bruno-savignani","11":"tag-deportes","12":"tag-es","13":"tag-espana","14":"tag-liga-acb","15":"tag-liga-endesa","16":"tag-san-pablo-burgos","17":"tag-spain","18":"tag-sports","19":"tag-valencia-basket"},"share_on_mastodon":{"url":"https:\/\/pubeurope.com\/@es\/115469750470478393","error":""},"_links":{"self":[{"href":"https:\/\/www.europesays.com\/es\/wp-json\/wp\/v2\/posts\/211107","targetHints":{"allow":["GET"]}}],"collection":[{"href":"https:\/\/www.europesays.com\/es\/wp-json\/wp\/v2\/posts"}],"about":[{"href":"https:\/\/www.europesays.com\/es\/wp-json\/wp\/v2\/types\/post"}],"author":[{"embeddable":true,"href":"https:\/\/www.europesays.com\/es\/wp-json\/wp\/v2\/users\/2"}],"replies":[{"embeddable":true,"href":"https:\/\/www.europesays.com\/es\/wp-json\/wp\/v2\/comments?post=211107"}],"version-history":[{"count":0,"href":"https:\/\/www.europesays.com\/es\/wp-json\/wp\/v2\/posts\/211107\/revisions"}],"wp:featuredmedia":[{"embeddable":true,"href":"https:\/\/www.europesays.com\/es\/wp-json\/wp\/v2\/media\/211108"}],"wp:attachment":[{"href":"https:\/\/www.europesays.com\/es\/wp-json\/wp\/v2\/media?parent=211107"}],"wp:term":[{"taxonomy":"category","embeddable":true,"href":"https:\/\/www.europesays.com\/es\/wp-json\/wp\/v2\/categories?post=211107"},{"taxonomy":"post_tag","embeddable":true,"href":"https:\/\/www.europesays.com\/es\/wp-json\/wp\/v2\/tags?post=211107"}],"curies":[{"name":"wp","href":"https:\/\/api.w.org\/{rel}","templated":true}]}}