{"id":21112,"date":"2025-08-02T17:46:19","date_gmt":"2025-08-02T17:46:19","guid":{"rendered":"https:\/\/www.europesays.com\/es\/21112\/"},"modified":"2025-08-02T17:46:19","modified_gmt":"2025-08-02T17:46:19","slug":"un-sueno-cumplido-la-manchega-jimena-laguna-lleva-al-balonmano-playa-espanol-a-lo-mas-alto","status":"publish","type":"post","link":"https:\/\/www.europesays.com\/es\/21112\/","title":{"rendered":"\u00abUn sue\u00f1o cumplido\u00bb: la manchega Jimena Laguna lleva al balonmano playa espa\u00f1ol a lo m\u00e1s alto"},"content":{"rendered":"<p data-start=\"445\" data-end=\"908\">\u00abUn sue\u00f1o\u00bb. As\u00ed resume <strong data-start=\"474\" data-end=\"501\">Jimena Laguna <\/strong>lo que ha supuesto para ella proclamarse<strong> campeona de Europa de balonmano playa<\/strong> con la Selecci\u00f3n Espa\u00f1ola absoluta. Con apenas 24 a\u00f1os, esta jugadora de<strong> Pozuelo de Calatrava<\/strong> (Ciudad Real), que se form\u00f3 en el equipo de su pueblo, ha logrado situarse en lo m\u00e1s alto del podio continental tras una trayectoria marcada por el esfuerzo, la constancia y el amor por un deporte que sigue peleando por su sitio.<\/p>\n<p data-start=\"910\" data-end=\"1469\">\u00abEra la primera vez que la Selecci\u00f3n absoluta consegu\u00eda ser campeona. Fuimos de menos a m\u00e1s, tuvimos d\u00edas muy malos\u2026 pero llegamos a la gran final\u00bb, relata. Una gesta que ha coincidido con una temporada especialmente intensa, marcada por su reciente fichaje por el <strong>Club Balonmano Elche<\/strong> en pista tras pasar por el <b>Caja Rural Aula Valladolid<\/b>\u00a0y por el esfuerzo de <strong>compaginar la pista y la arena<\/strong>. \u00abSomos pocas, las temporadas cada vez son m\u00e1s largas. En julio ya empieza la pretemporada de pista. En Valladolid siempre ped\u00eda que se respetara mi compromiso con la selecci\u00f3n. En Elche no he tenido ning\u00fan problema.\u00bb<\/p>\n<p data-start=\"1471\" data-end=\"1861\">Jimena conoce de primera mano lo que cuesta sacar adelante una disciplina como el balonmano playa. \u00abEl a\u00f1o pasado tuvimos la suerte de participar en los Juegos Ol\u00edmpicos de Par\u00eds con un torneo de exhibici\u00f3n, pero como no es ol\u00edmpico, se dan menos ayudas\u00bb, explica. Aun as\u00ed, reconoce el esfuerzo de la Federaci\u00f3n Espa\u00f1ola, que \u00abest\u00e1 apostando por nosotros, aunque queda mucho por hacer.\u00bb<\/p>\n<p><strong>Un referente que naci\u00f3 desde abajo<\/strong><\/p>\n<p data-start=\"1906\" data-end=\"2406\">Sus primeros pasos llegaron casi por casualidad. \u00abYo era la t\u00edpica ni\u00f1a que hac\u00eda todos los deportes, incluso estaba en la banda de m\u00fasica. Una amiga me dijo que su prima iba a sacar un equipo y decidimos apuntarnos\u00bb, recuerda. Lo que empez\u00f3 como una afici\u00f3n se convirti\u00f3 en una pasi\u00f3n.<\/p>\n<p><img decoding=\"async\" aria-describedby=\"caption-attachment-806039\" loading=\"lazy\" class=\"wp-image-806039 size-full\" src=\"https:\/\/www.europesays.com\/es\/wp-content\/uploads\/2025\/08\/Jimena-Laguna.jpg\" alt=\"Jimena Laguna en un partido durante el Campeonato de Europa de balonmano playa.\" width=\"1200\" height=\"800\"  \/><\/p>\n<p id=\"caption-attachment-806039\" class=\"wp-caption-text\">Jimena Laguna en un partido durante el Campeonato de Europa de balonmano playa.<\/p>\n<p data-start=\"1906\" data-end=\"2406\">\u00abTuve la suerte de vivir una generaci\u00f3n muy buena, fuimos dos veces campeonas de Espa\u00f1a y el club subi\u00f3 a Divisi\u00f3n de Honor Plata. De ah\u00ed me fich\u00f3 M\u00e1laga, luego volv\u00ed a Pozuelo, y despu\u00e9s me llam\u00f3 Valladolid.\u00bb<\/p>\n<p data-start=\"2408\" data-end=\"2723\">Hoy, reconoce que nunca imagin\u00f3 llegar tan lejos. \u00abEra peque\u00f1ita, crec\u00ed m\u00e1s tarde que las dem\u00e1s, tiraba los t\u00edpicos goles de vaselina\u2026 Pero fui creciendo, so\u00f1ando y trabajando.\u00bb Y lo hizo teniendo muy presentes a sus referentes. \u00abEntrenaba con chicas que me sacaban seis o siete a\u00f1os. Yo quer\u00eda ser como ellas.\u00bb<\/p>\n<p><strong>El reto de la igualdad<\/strong><\/p>\n<p data-start=\"2756\" data-end=\"3144\">A pesar de los avances, Jimena es clara al hablar de las<strong> diferencias entre el deporte masculino y el femenino<\/strong>. \u00abEl balonmano es minoritario y el femenino m\u00e1s. En Castilla-La Mancha tenemos suerte porque las instituciones, como la Junta o la Diputaci\u00f3n, ayudan. Pero en otros sitios como Valladolid no hay ese respaldo y tienes que buscarte la vida con patrocinadores privados.\u00bb<\/p>\n<p data-start=\"3146\" data-end=\"3415\"><strong>Una desigualdad que se refleja tambi\u00e9n en los sueldos.<\/strong> \u00abUn jugador en Asobal puede cobrar 2.500 euros al mes. Nosotras ni por asomo. La que no estudia, trabaja. Algunas compa\u00f1eras tienen dos o tres trabajos, m\u00e1s los viajes y entrenamientos\u2026\u00bb<\/p>\n<p data-start=\"3703\" data-end=\"3984\">Este 2025 ha sido un a\u00f1o dorado para ella, tanto con la Selecci\u00f3n como con su club: \u00abHe ganado el Europeo con Espa\u00f1a y los EBT Finals con mi club. Ahora <strong>me encantar\u00eda ganar el Mundial<\/strong>. Y si el balonmano playa entra en los <strong>Juegos Ol\u00edmpicos de 2032<\/strong>, me encantar\u00eda estar ah\u00ed si la edad lo permite, ya que tendr\u00e9 31 a\u00f1os\u00bb.<\/p>\n<p data-start=\"4029\" data-end=\"4291\">Jimena concluye con un deseo claro. \u00abSomos una potencia. Este a\u00f1o hemos sido oro en femenino y plata en masculino en el Europeo, tambi\u00e9n en categor\u00edas inferiores. Espa\u00f1a siempre est\u00e1 arriba. Solo pedimos m\u00e1s recursos. Lo que nos concierne a nosotros y podemos hacer, lo estamos haciendo muy bien.\u00bb<\/p>\n<p><strong>Los beneficios de federarse<\/strong><\/p>\n<p>Federarse en una federaci\u00f3n territorial no es solo un tr\u00e1mite, es una apuesta clara por el desarrollo personal y colectivo del deportista. En Castilla-La Mancha, las federaciones deportivas auton\u00f3micas desempe\u00f1an un papel fundamental en la promoci\u00f3n, formaci\u00f3n y competici\u00f3n deportiva en todos los niveles.<\/p>\n<p>Por eso es tan importante y beneficioso para los deportistas amateur o aficionados que se federen. Estas son sus\u00a0<strong>ventajas<\/strong>:<\/p>\n<ul>\n<li><strong>Reconocimiento oficial y respaldo institucional<\/strong>. De todas las administraciones. La licencia vale para todo el territorio nacional y las competiciones oficiales.<\/li>\n<li><strong>Acceso a competiciones oficiales.<\/strong>\u00a0Solo los deportistas federados pueden participar en todas las competiciones oficiales.<\/li>\n<li><strong>Cobertura de seguro deportivo<\/strong>. La licencia federativa incluye un seguro m\u00e9dico y de accidentes que cubre entrenamientos y competiciones oficiales.<\/li>\n<li><strong>Formaci\u00f3n y desarrollo deportivo<\/strong>. Las federaciones de Castilla-La Mancha ofrecen cursos de formaci\u00f3n, jornadas t\u00e9cnicas y programas de tecnificaci\u00f3n.<\/li>\n<li><strong>Representaci\u00f3n y participaci\u00f3n.<\/strong>\u00a0Puedes influir en decisiones, propuestas normativas y procesos electorales dentro del deporte que pr\u00e1cticas<\/li>\n<li><strong>Comunidad y valores deportivos.<\/strong>\u00a0Con la licencia federativa formas parte\u00a0de una comunidad de deportistas, t\u00e9cnicos y clubes que comparten valores como el respeto, el esfuerzo y la deportividad<\/li>\n<li><strong>Acceso a instalaciones y ventajas adicionales<\/strong>. Los federados disfrutan de acceso prioritario a instalaciones municipales y regionales, as\u00ed como de descuentos y beneficios.<\/li>\n<\/ul>\n<p><a href=\"https:\/\/deportes.castillalamancha.es\/federaciones-y-clubes\/federaciones-regionales\" rel=\"nofollow noopener\" target=\"_blank\"><strong>Pinchando aqu\u00ed aparece la web<\/strong><\/a>\u00a0en la que se encuentran todas las\u00a0<strong>federaciones deportivas territoriales<\/strong>\u00a0de Castilla-La Mancha con las que, a golpe de click, el futuro deportista puede verse completamente respaldado y protegido.<\/p>\n<p>\u00a0<\/p>\n<p data-start=\"4293\" data-end=\"4480\"><img decoding=\"async\" loading=\"lazy\" class=\"size-full wp-image-617796 aligncenter\" src=\"https:\/\/www.europesays.com\/es\/wp-content\/uploads\/2025\/08\/logos-junta-somos-deporte.jpg\" alt=\"\" width=\"900\" height=\"150\"  \/><\/p>\n<p>(Visited 157 times, 4 visits today)<\/p>\n","protected":false},"excerpt":{"rendered":"\u00abUn sue\u00f1o\u00bb. As\u00ed resume Jimena Laguna lo que ha supuesto para ella proclamarse campeona de Europa de balonmano&hellip;\n","protected":false},"author":2,"featured_media":21113,"comment_status":"","ping_status":"","sticky":false,"template":"","format":"standard","meta":{"footnotes":""},"categories":[278],"tags":[376,1940,168,25,24,375,10244,23,167],"class_list":{"0":"post-21112","1":"post","2":"type-post","3":"status-publish","4":"format-standard","5":"has-post-thumbnail","7":"category-balonmano","8":"tag-balonmano","9":"tag-ciudad-real","10":"tag-deportes","11":"tag-es","12":"tag-espana","13":"tag-handball","14":"tag-pozuelo-de-calatrava","15":"tag-spain","16":"tag-sports"},"share_on_mastodon":{"url":"","error":""},"_links":{"self":[{"href":"https:\/\/www.europesays.com\/es\/wp-json\/wp\/v2\/posts\/21112","targetHints":{"allow":["GET"]}}],"collection":[{"href":"https:\/\/www.europesays.com\/es\/wp-json\/wp\/v2\/posts"}],"about":[{"href":"https:\/\/www.europesays.com\/es\/wp-json\/wp\/v2\/types\/post"}],"author":[{"embeddable":true,"href":"https:\/\/www.europesays.com\/es\/wp-json\/wp\/v2\/users\/2"}],"replies":[{"embeddable":true,"href":"https:\/\/www.europesays.com\/es\/wp-json\/wp\/v2\/comments?post=21112"}],"version-history":[{"count":0,"href":"https:\/\/www.europesays.com\/es\/wp-json\/wp\/v2\/posts\/21112\/revisions"}],"wp:featuredmedia":[{"embeddable":true,"href":"https:\/\/www.europesays.com\/es\/wp-json\/wp\/v2\/media\/21113"}],"wp:attachment":[{"href":"https:\/\/www.europesays.com\/es\/wp-json\/wp\/v2\/media?parent=21112"}],"wp:term":[{"taxonomy":"category","embeddable":true,"href":"https:\/\/www.europesays.com\/es\/wp-json\/wp\/v2\/categories?post=21112"},{"taxonomy":"post_tag","embeddable":true,"href":"https:\/\/www.europesays.com\/es\/wp-json\/wp\/v2\/tags?post=21112"}],"curies":[{"name":"wp","href":"https:\/\/api.w.org\/{rel}","templated":true}]}}