{"id":211122,"date":"2025-10-31T16:44:12","date_gmt":"2025-10-31T16:44:12","guid":{"rendered":"https:\/\/www.europesays.com\/es\/211122\/"},"modified":"2025-10-31T16:44:12","modified_gmt":"2025-10-31T16:44:12","slug":"ruben-torres-gana-supervivientes-all-stars-2%e2%80%b2-television","status":"publish","type":"post","link":"https:\/\/www.europesays.com\/es\/211122\/","title":{"rendered":"Rub\u00e9n Torres gana \u2018Supervivientes All Stars 2\u2032 | Televisi\u00f3n"},"content":{"rendered":"<p class=\"\"><a href=\"https:\/\/elpais.com\/television\/2025-09-05\/supervivientes-all-stars-sin-helicoptero-y-con-polemica-con-los-hondurenos-pero-con-un-jorge-javier-con-ganas-de-palapear.html\" target=\"_self\" rel=\"nofollow noopener\" title=\"https:\/\/elpais.com\/television\/2025-09-05\/supervivientes-all-stars-sin-helicoptero-y-con-polemica-con-los-hondurenos-pero-con-un-jorge-javier-con-ganas-de-palapear.html\">Supervivientes All Stars<\/a> se despidi\u00f3 este jueves de su segunda edici\u00f3n en Telecinco, tras 56 d\u00edas en Honduras y con un ganador ajustad\u00edsimo en el televoto final. El bombero y tatuador Rub\u00e9n Torres, famoso por el reality show Falso amor de Netflix, fue el ganador del cheque de 50.000 euros, al superar a la influencer Jessica Bueno.<\/p>\n<p class=\"\">Un a\u00f1o despu\u00e9s de quedar segundo frente a Pedro Garc\u00eda Aguado en Supervivientes 2024, el concursante se alzaba as\u00ed, a alrededor de las dos de la madrugada, con el premio desde la palapa por un 51,4% de los votos del p\u00fablico. Antes de llegar a ese \u00faltimo duelo, los concursantes ya hab\u00edan vencido a Tony Espina y Miri P\u00e9rez, los otros dos finalistas de esta edici\u00f3n que ha sido una de las peores climatol\u00f3gicamente.<\/p>\n<p>M\u00e1s informaci\u00f3n<\/p>\n<p class=\"\">A los supervivientes todav\u00eda les queda una \u00faltima reuni\u00f3n, el pr\u00f3ximo 2 de noviembre, cuando se reunir\u00e1n juntos ya en Madrid con el debate final presentado por Sandra Barneda. El reality show ha sido uno de los balones de ox\u00edgeno para una Telecinco <a href=\"https:\/\/elpais.com\/television\/2025-10-01\/la-1-brilla-y-telecinco-sufre-en-las-audiencias-del-comienzo-de-temporada.html\" target=\"_self\" rel=\"nofollow noopener\" title=\"https:\/\/elpais.com\/television\/2025-10-01\/la-1-brilla-y-telecinco-sufre-en-las-audiencias-del-comienzo-de-temporada.html\">en horas bajas con sus audiencias<\/a>, habiendo hecho una media de 17% de cuota de pantalla en sus 10 semanas en antena, frente al 9,4% que lleva Telecinco este octubre. Este jueves volvi\u00f3 a liderar al lograr un 20,8% de share y 1.233.000 espectadores de media.<\/p>\n<p class=\"\"><a href=\"https:\/\/elpais.com\/television\/2025-10-30\/gran-hermano-20-y-su-nueva-casa-ya-tienen-dia-de-estreno.html\" target=\"_self\" rel=\"nofollow noopener\" title=\"https:\/\/elpais.com\/television\/2025-10-30\/gran-hermano-20-y-su-nueva-casa-ya-tienen-dia-de-estreno.html\">El 6 de noviembre tomar\u00e1 su testigo la nueva edici\u00f3n de Gran Hermano<\/a>, de nuevo presentada <a href=\"https:\/\/elpais.com\/television\/2025-10-29\/jorge-javier-vazquez-presentara-un-programa-diario-sobre-gran-hermano-y-telecinco-reorganiza-sus-tardes.html\" target=\"_self\" rel=\"nofollow noopener\" title=\"https:\/\/elpais.com\/television\/2025-10-29\/jorge-javier-vazquez-presentara-un-programa-diario-sobre-gran-hermano-y-telecinco-reorganiza-sus-tardes.html\">por Jorge Javier V\u00e1zquez<\/a> y con una nueva casa.<\/p>\n","protected":false},"excerpt":{"rendered":"Supervivientes All Stars se despidi\u00f3 este jueves de su segunda edici\u00f3n en Telecinco, tras 56 d\u00edas en Honduras&hellip;\n","protected":false},"author":2,"featured_media":211123,"comment_status":"","ping_status":"","sticky":false,"template":"","format":"standard","meta":{"footnotes":""},"categories":[91],"tags":[7580,146,147,25,24,6063,22713,25284,18070,23,29089,692,807],"class_list":{"0":"post-211122","1":"post","2":"type-post","3":"status-publish","4":"format-standard","5":"has-post-thumbnail","7":"category-entretenimiento","8":"tag-concursos","9":"tag-entertainment","10":"tag-entretenimiento","11":"tag-es","12":"tag-espana","13":"tag-jorge-javier-vazquez","14":"tag-laura-madrueno","15":"tag-programas-entretenimiento","16":"tag-reality-show","17":"tag-spain","18":"tag-supervivientes-reality","19":"tag-telecinco","20":"tag-television"},"share_on_mastodon":{"url":"https:\/\/pubeurope.com\/@es\/115469789895762861","error":""},"_links":{"self":[{"href":"https:\/\/www.europesays.com\/es\/wp-json\/wp\/v2\/posts\/211122","targetHints":{"allow":["GET"]}}],"collection":[{"href":"https:\/\/www.europesays.com\/es\/wp-json\/wp\/v2\/posts"}],"about":[{"href":"https:\/\/www.europesays.com\/es\/wp-json\/wp\/v2\/types\/post"}],"author":[{"embeddable":true,"href":"https:\/\/www.europesays.com\/es\/wp-json\/wp\/v2\/users\/2"}],"replies":[{"embeddable":true,"href":"https:\/\/www.europesays.com\/es\/wp-json\/wp\/v2\/comments?post=211122"}],"version-history":[{"count":0,"href":"https:\/\/www.europesays.com\/es\/wp-json\/wp\/v2\/posts\/211122\/revisions"}],"wp:featuredmedia":[{"embeddable":true,"href":"https:\/\/www.europesays.com\/es\/wp-json\/wp\/v2\/media\/211123"}],"wp:attachment":[{"href":"https:\/\/www.europesays.com\/es\/wp-json\/wp\/v2\/media?parent=211122"}],"wp:term":[{"taxonomy":"category","embeddable":true,"href":"https:\/\/www.europesays.com\/es\/wp-json\/wp\/v2\/categories?post=211122"},{"taxonomy":"post_tag","embeddable":true,"href":"https:\/\/www.europesays.com\/es\/wp-json\/wp\/v2\/tags?post=211122"}],"curies":[{"name":"wp","href":"https:\/\/api.w.org\/{rel}","templated":true}]}}