{"id":211138,"date":"2025-10-31T16:57:18","date_gmt":"2025-10-31T16:57:18","guid":{"rendered":"https:\/\/www.europesays.com\/es\/211138\/"},"modified":"2025-10-31T16:57:18","modified_gmt":"2025-10-31T16:57:18","slug":"oier-lazkano-y-las-anomalias-en-su-pasaporte-biologico-mas-deportes","status":"publish","type":"post","link":"https:\/\/www.europesays.com\/es\/211138\/","title":{"rendered":"Oier Lazkano y las anomal\u00edas en su pasaporte biol\u00f3gico | M\u00e1s deportes"},"content":{"rendered":"<p class=\"loc\">Vitoria-Gasteiz<\/p>\n<p>La UCI comunic\u00f3 ayer que el corredor alav\u00e9s est\u00e1 suspendido por anomal\u00edas en su pasaporte biol\u00f3gico. No se trata de un positivo oficial porque no se han detectado sustancias prohibidas pero se arriesga a una sanci\u00f3n mod\u00e9lica por los registros an\u00f3malos entre 2022 y 2024, cuando el de Adurza corr\u00eda para el Movistar Team navarro.<\/p>\n<p>En cuanto la UCI emiti\u00f3 el comunicado, el Red Bull Bora anunci\u00f3 la rescisi\u00f3n de su contrato. En realidad, Lazkano estaba sin correr desde el mes de abril, momento en el que comenzaron a notificarle las sospechas. Si el tribunal deportivo sentencia que hubo dopaje, el vitoriano puede ser suspendido para cuatro a\u00f1os como m\u00ednimo y con una multa proporcional a su salario.<\/p>\n<p>Oier Lazkano tiene 25 a\u00f1os y despu\u00e9s de terminar la Par\u00eds-Roubaix del 13 de abril, no volvi\u00f3 a correr en ninguna prueba. Los responsables del Bora no daban explicaciones convincentes y esquivaban el tema como buenamente pod\u00edan. Adem\u00e1s, al estar desplazado a Andorra, se especulaba con depresiones debido a estar lejos de su gente.<\/p>\n<p>El pasaporte biol\u00f3gico es un registro a lo largo de varios meses de los valores sangu\u00edneos: hematocrito, hemoglobina o reticulocitos. Un \u00edndice conseguido mediante un cociente que indica si ha podido haber manipulaci\u00f3n sangu\u00ednea. Al deportista implicado se le pregunta por las posibles causas y, si sus razones no convencen, se le abre un expediente. De esas cosas hemos hablado en SER Vitoria con Carlos Arribas, del Diario El Pa\u00eds.<\/p>\n<p><b>Escucha la entrevista con el prestigioso periodista<\/b><\/p>\n<p>Carlos Arribas en la Cadena SER de Vitoria. <\/p>\n<p>El c\u00f3digo iframe se ha copiado en el portapapeles<\/p>\n<p class=\"tit\">Carlos Arribas y caso Oier Lazkano<\/p>\n<p>00:00:0008:53<\/p>\n<p>FacebookTwitterLinkedinWhatsAppCerrar<\/p>\n","protected":false},"excerpt":{"rendered":"Vitoria-Gasteiz La UCI comunic\u00f3 ayer que el corredor alav\u00e9s est\u00e1 suspendido por anomal\u00edas en su pasaporte biol\u00f3gico. No&hellip;\n","protected":false},"author":2,"featured_media":211139,"comment_status":"","ping_status":"","sticky":false,"template":"","format":"standard","meta":{"footnotes":""},"categories":[273],"tags":[313,312,168,25,24,23,167],"class_list":{"0":"post-211138","1":"post","2":"type-post","3":"status-publish","4":"format-standard","5":"has-post-thumbnail","7":"category-ciclismo","8":"tag-ciclismo","9":"tag-cycling","10":"tag-deportes","11":"tag-es","12":"tag-espana","13":"tag-spain","14":"tag-sports"},"share_on_mastodon":{"url":"https:\/\/pubeurope.com\/@es\/115469840759146629","error":""},"_links":{"self":[{"href":"https:\/\/www.europesays.com\/es\/wp-json\/wp\/v2\/posts\/211138","targetHints":{"allow":["GET"]}}],"collection":[{"href":"https:\/\/www.europesays.com\/es\/wp-json\/wp\/v2\/posts"}],"about":[{"href":"https:\/\/www.europesays.com\/es\/wp-json\/wp\/v2\/types\/post"}],"author":[{"embeddable":true,"href":"https:\/\/www.europesays.com\/es\/wp-json\/wp\/v2\/users\/2"}],"replies":[{"embeddable":true,"href":"https:\/\/www.europesays.com\/es\/wp-json\/wp\/v2\/comments?post=211138"}],"version-history":[{"count":0,"href":"https:\/\/www.europesays.com\/es\/wp-json\/wp\/v2\/posts\/211138\/revisions"}],"wp:featuredmedia":[{"embeddable":true,"href":"https:\/\/www.europesays.com\/es\/wp-json\/wp\/v2\/media\/211139"}],"wp:attachment":[{"href":"https:\/\/www.europesays.com\/es\/wp-json\/wp\/v2\/media?parent=211138"}],"wp:term":[{"taxonomy":"category","embeddable":true,"href":"https:\/\/www.europesays.com\/es\/wp-json\/wp\/v2\/categories?post=211138"},{"taxonomy":"post_tag","embeddable":true,"href":"https:\/\/www.europesays.com\/es\/wp-json\/wp\/v2\/tags?post=211138"}],"curies":[{"name":"wp","href":"https:\/\/api.w.org\/{rel}","templated":true}]}}