{"id":211171,"date":"2025-10-31T17:20:08","date_gmt":"2025-10-31T17:20:08","guid":{"rendered":"https:\/\/www.europesays.com\/es\/211171\/"},"modified":"2025-10-31T17:20:08","modified_gmt":"2025-10-31T17:20:08","slug":"adolf-silva-da-detalles-de-su-lesion-y-nos-acercara-su-recuperacion-con-una-serie-semanal-esmtb-com","status":"publish","type":"post","link":"https:\/\/www.europesays.com\/es\/211171\/","title":{"rendered":"Adolf Silva da detalles de su lesi\u00f3n y nos acercar\u00e1 su recuperaci\u00f3n con una serie semanal &#8211; ESMTB.com"},"content":{"rendered":"<ol>\n<li><a href=\"https:\/\/news.google.com\/rss\/articles\/CBMirAFBVV95cUxQWHdaT0dGazlHR3AxT3R1QkR6czUxUjlUWlFnUHJyRHlQUUNDU0U3Mml2MkJJV3I2LUtxUGpMYXBGSmgxRzRVQ0xueHNSaWpVOV9BdTV3NEpEZmpKYkFkTlVOZmlSV1gtd1lYU1BQd2VTb2R3M09QRmhXay1yT0VUckdDTFdtSDRfbU1xUjRNUUFpc25iRjQwNmduY2JXLVBPTWh3YjNoYnB1QVZs?oc=5\" target=\"_blank\" rel=\"nofollow noopener\">Adolf Silva da detalles de su lesi\u00f3n y nos acercar\u00e1 su recuperaci\u00f3n con una serie semanal<\/a>&nbsp;&nbsp;ESMTB.com<\/li>\n<li><a href=\"https:\/\/news.google.com\/rss\/articles\/CBMivwFBVV95cUxOUGp4dXRnUlhXOVNrVy1abnZiSDVfMEVuVDk0NDU5Rm5fQmltdEttZzRBdGJUQjFLNV95RzFVSHlPN3ZwellsU0RnVkN1ZWphTl9wZ0xuSUpyTjdNMzdVYlIwTGZxUVVYWEV5MUZsZWd0SUlFbUNNbDM4UDBUdm4tSk5sZ2hDWnBmbnQ1aXNZTkVjMkdxdDJnck5yN29lSjBqSGVINHRYbFgyaVNlNVAxZjI3eXJsUlBjWE04dG1BUdIB0wFBVV95cUxQdjZWOExLSVBZQ19YTzFPa2RoZVhsWkY4N2RlQzd1LUZlV01KZkVXUExnelRUaGxyUHBoSG54S1k3V3BzQ0huaXc2d3JKZC03cXNkT21KTUp6RDVuYXhPSG9JUmxPRVMxTGhVa1JBUzZwZUljM1BnTGsxbGtOcFNPT0g2dWpZQUlNV24zR0YzYnF1Qk1xVXdITk9LblFVTHpjZ0c1YVdEVEIxaVFpT01TT3VYWGx1WkJpSGJIRVhqOUZGSUlqYkdEQkNkZ2JVemsyVVpz?oc=5\" target=\"_blank\" rel=\"nofollow noopener\">Adolf Silva: \u201cEsto no es s\u00f3lo estar en una silla de ruedas y quiero mostrarlo\u201d<\/a>&nbsp;&nbsp;Diario AS<\/li>\n<li><a href=\"https:\/\/news.google.com\/rss\/articles\/CBMizgFBVV95cUxNUUNtcmY2M2VGcFQ5YjdQRmxBYl9ZX1BiUnJ1S2FtS1dKT21OSFJKOHhTWWc3MnlQYjhDWFNMaFhUby1MMWdwdFI0eEl3NHludDBQQTIwNmdDUllwblQ1WlV5amhiaDNxNUc5Z0NOLW5iVVh3N0piRFdlcXZNUEQ0VzFodTdNbjBZVy1QdHNzb3hoa2Frdl8yMW1BWkczT2JzLVRJSmJUMVRadFpORGdsbEJIZmw1bzA4Qy1VS185YXhGQ0pwVE1YazJUcmlIdw?oc=5\" target=\"_blank\" rel=\"nofollow noopener\">\u00abDetr\u00e1s de una silla de ruedas hay mucho m\u00e1s de lo que imaginamos\u00bb: Adolf Silva habla por primera vez tras su accidente en el RedBull Rampage<\/a>&nbsp;&nbsp;Brujulabike.com<\/li>\n<li><a href=\"https:\/\/news.google.com\/rss\/articles\/CBMivAFBVV95cUxPQmYyb1AwSk5VcGNjVTZOLWxXLUJVX2Y5bDdxVWk5TGFUcWVpcDltaUNuNzRYTVN0UTBUUFE2VEJVbWVfVnlFaHY4azNMbDMxOG56ajg3aWpkM0EycEF3Vmt2dTJycHJMbXJkTng3R1lTUl9za3hHMlVtbi02ZXBiWHBZWnpOMUJoaEhaV1poenpXQ28zNEozb2dMbDMtNGtsNGNOaGdrbUJUOVZINWRvMDA2dl84dDZDWlo5aw?oc=5\" target=\"_blank\" rel=\"nofollow noopener\">Adolf Silva afronta su nueva vida con una fuerza inspiradora tras su grave lesi\u00f3n en el Red Bull Rampage<\/a>&nbsp;&nbsp;TodoMountainBike<\/li>\n<li><a href=\"https:\/\/news.google.com\/rss\/articles\/CBMi6gFBVV95cUxNMnhzMzhoYnFmNkRxLWc0WXljWnN4V1M1c2lfTDFGY1NpWDZfeVdsNzBEdWVpVDVWazB3bDkyVHRTS2lHTFFic1RYRGNwNGRpOVQtV3hra2duUjdlTVc0UVh5cWtwUlI5VnpuWTBLd3BOWEhaTkxMT2o4LXVWb3pSOGc2NklDeGtUWERzdFdSZlVQaU5NZlJaZFpQeGdCNDZfcFF0MTE0c2xxWWgtNm1HRmFpdV9od2dtRlFjaFNpLWNPUzhQcXA2S2VpeVVPdXA4RW5LVnBHQkQ5dXp2VUFENnhSVFh5ZWpBNUHSAeoBQVVfeXFMT3ZSVHpzeGlyS3FkdkJGenJCemh0QnNqVlJFTm5PMFp6WHBrZWUzZWVpT0x0aWNUWlRfR2F3cmRUSkV4RU1oQl8xdnVuY2xMTXRUNEl5U0dOcEZkQnhfc2ZBeW1oTVBadTFRUy1nMHFSb0NteUI4cUI4VXdfc0dESzNoZWZFZHRiNGxLNWxfVlRrZ1FEX0sxMEtiR3RBSHA5NWppNzJtOFJ4U0VYbC1sOUc5U3pYYTlIS25tUWh4YXE1QjJwZ0xCTDE0TjlkbXNja1o0VFBjNko3eE1YWjBnc01TTXpXbHo2M05B?oc=5\" target=\"_blank\" rel=\"nofollow noopener\">Adolf Silva sufre una \u00ablesi\u00f3n medular grave\u00bb tras su espeluznante ca\u00edda en el Red Bull Rampage<\/a>&nbsp;&nbsp;Antena 3<\/li>\n<\/ol>\n","protected":false},"excerpt":{"rendered":"Adolf Silva da detalles de su lesi\u00f3n y nos acercar\u00e1 su recuperaci\u00f3n con una serie semanal&nbsp;&nbsp;ESMTB.com Adolf Silva:&hellip;\n","protected":false},"author":2,"featured_media":211172,"comment_status":"","ping_status":"","sticky":false,"template":"","format":"standard","meta":{"footnotes":""},"categories":[273],"tags":[54924,313,312,168,25,24,23,167],"class_list":{"0":"post-211171","1":"post","2":"type-post","3":"status-publish","4":"format-standard","5":"has-post-thumbnail","7":"category-ciclismo","8":"tag-adolf-silva","9":"tag-ciclismo","10":"tag-cycling","11":"tag-deportes","12":"tag-es","13":"tag-espana","14":"tag-spain","15":"tag-sports"},"share_on_mastodon":{"url":"https:\/\/pubeurope.com\/@es\/115469931158896164","error":""},"_links":{"self":[{"href":"https:\/\/www.europesays.com\/es\/wp-json\/wp\/v2\/posts\/211171","targetHints":{"allow":["GET"]}}],"collection":[{"href":"https:\/\/www.europesays.com\/es\/wp-json\/wp\/v2\/posts"}],"about":[{"href":"https:\/\/www.europesays.com\/es\/wp-json\/wp\/v2\/types\/post"}],"author":[{"embeddable":true,"href":"https:\/\/www.europesays.com\/es\/wp-json\/wp\/v2\/users\/2"}],"replies":[{"embeddable":true,"href":"https:\/\/www.europesays.com\/es\/wp-json\/wp\/v2\/comments?post=211171"}],"version-history":[{"count":0,"href":"https:\/\/www.europesays.com\/es\/wp-json\/wp\/v2\/posts\/211171\/revisions"}],"wp:featuredmedia":[{"embeddable":true,"href":"https:\/\/www.europesays.com\/es\/wp-json\/wp\/v2\/media\/211172"}],"wp:attachment":[{"href":"https:\/\/www.europesays.com\/es\/wp-json\/wp\/v2\/media?parent=211171"}],"wp:term":[{"taxonomy":"category","embeddable":true,"href":"https:\/\/www.europesays.com\/es\/wp-json\/wp\/v2\/categories?post=211171"},{"taxonomy":"post_tag","embeddable":true,"href":"https:\/\/www.europesays.com\/es\/wp-json\/wp\/v2\/tags?post=211171"}],"curies":[{"name":"wp","href":"https:\/\/api.w.org\/{rel}","templated":true}]}}