{"id":211179,"date":"2025-10-31T17:25:19","date_gmt":"2025-10-31T17:25:19","guid":{"rendered":"https:\/\/www.europesays.com\/es\/211179\/"},"modified":"2025-10-31T17:25:19","modified_gmt":"2025-10-31T17:25:19","slug":"casa-hn08-tnt-architecture","status":"publish","type":"post","link":"https:\/\/www.europesays.com\/es\/211179\/","title":{"rendered":"Casa HN08 \/ TNT Architecture"},"content":{"rendered":"<p><a class=\"js-image-size__link \" href=\"https:\/\/www.archdaily.cl\/cl\/1035446\/casa-hn08-tnt-architecture\/68f3d338683cc40189bdbfc6-hn08-house-tnt-architects-photo\" rel=\"attachment nofollow noopener\" style=\"width: 100%; height: 100%;\" target=\"_blank\"><img decoding=\"async\" alt=\"Casa HN08 \/ TNT Architecture - Imagen 1 de 45\" data-nr-picture-id=\"68f3d338683cc40189bdbfc6\" fetchpriority=\"high\" height=\"580\" itemprop=\"image\" loading=\"eager\" longdesc=\"https:\/\/www.archdaily.cl\/cl\/1035446\/casa-hn08-tnt-architecture\/68f3d338683cc40189bdbfc6-hn08-house-tnt-architects-photo\" src=\"https:\/\/www.europesays.com\/es\/wp-content\/uploads\/2025\/10\/hn08-house-tnt-architects_7.jpg\" style=\"min-height: var(--featured-height, auto); aspect-ratio: auto 361 \/ 580\" width=\"361\"\/><\/a>\u00a9 Trieu Chien<\/p>\n<p class=\"thumbs afd-desktop-e clearfix\"><a class=\"thumbs__link\" data-nr-picture-id=\"68f3d34d683cc40189bdbfcb\" href=\"https:\/\/www.archdaily.cl\/cl\/1035446\/casa-hn08-tnt-architecture\/68f3d34d683cc40189bdbfcb-hn08-house-tnt-architects-photo\" rel=\"attachment nofollow noopener\" target=\"_blank\"><img loading=\"lazy\" decoding=\"async\" alt=\"Casa HN08 \/ TNT Architecture - Imagen 2 de 45\" class=\"thumbs__img b-lazy\" data-nr-picture-id=\"68f3d34d683cc40189bdbfcb\" data-pin-nopin=\"true\" src=\"https:\/\/www.europesays.com\/es\/wp-content\/uploads\/2025\/10\/hn08-house-tnt-architects_5.jpg\" height=\"125\" longdesc=\"https:\/\/www.archdaily.cl\/cl\/1035446\/casa-hn08-tnt-architecture\/68f3d34d683cc40189bdbfcb-hn08-house-tnt-architects-photo\" title=\"\u00a9 Trieu Chien\" width=\"125\"\/><\/a><a class=\"thumbs__link\" data-nr-picture-id=\"68f3d31c683cc40189bdbfbf\" href=\"https:\/\/www.archdaily.cl\/cl\/1035446\/casa-hn08-tnt-architecture\/68f3d31c683cc40189bdbfbf-hn08-house-tnt-architects-photo\" rel=\"attachment nofollow noopener\" target=\"_blank\"><img loading=\"lazy\" decoding=\"async\" alt=\"Casa HN08 \/ TNT Architecture - Fotograf\u00eda exterior, Jard\u00edn, Balc\u00f3n\" class=\"thumbs__img b-lazy\" data-nr-picture-id=\"68f3d31c683cc40189bdbfbf\" data-pin-nopin=\"true\" src=\"https:\/\/www.europesays.com\/es\/wp-content\/uploads\/2025\/10\/hn08-house-tnt-architects_21.jpg\" height=\"125\" longdesc=\"https:\/\/www.archdaily.cl\/cl\/1035446\/casa-hn08-tnt-architecture\/68f3d31c683cc40189bdbfbf-hn08-house-tnt-architects-photo\" title=\"\u00a9 Trieu Chien\" width=\"125\"\/><\/a><a class=\"thumbs__link\" data-nr-picture-id=\"68f3d34b683cc40189bdbfca\" href=\"https:\/\/www.archdaily.cl\/cl\/1035446\/casa-hn08-tnt-architecture\/68f3d34b683cc40189bdbfca-hn08-house-tnt-architects-photo\" rel=\"attachment nofollow noopener\" target=\"_blank\"><img loading=\"lazy\" decoding=\"async\" alt=\"Casa HN08 \/ TNT Architecture - Imagen 4 de 45\" class=\"thumbs__img b-lazy\" data-nr-picture-id=\"68f3d34b683cc40189bdbfca\" data-pin-nopin=\"true\" src=\"https:\/\/www.europesays.com\/es\/wp-content\/uploads\/2025\/10\/hn08-house-tnt-architects_11.jpg\" height=\"125\" longdesc=\"https:\/\/www.archdaily.cl\/cl\/1035446\/casa-hn08-tnt-architecture\/68f3d34b683cc40189bdbfca-hn08-house-tnt-architects-photo\" title=\"\u00a9 Trieu Chien\" width=\"125\"\/><\/a><a class=\"thumbs__link\" data-nr-picture-id=\"68f3d32d683cc40189bdbfc2\" href=\"https:\/\/www.archdaily.cl\/cl\/1035446\/casa-hn08-tnt-architecture\/68f3d32d683cc40189bdbfc2-hn08-house-tnt-architects-photo\" rel=\"attachment nofollow noopener\" target=\"_blank\"><img loading=\"lazy\" decoding=\"async\" alt=\"Casa HN08 \/ TNT Architecture - Fotograf\u00eda exterior, Balc\u00f3n\" class=\"thumbs__img b-lazy\" data-nr-picture-id=\"68f3d32d683cc40189bdbfc2\" data-pin-nopin=\"true\" src=\"https:\/\/www.europesays.com\/es\/wp-content\/uploads\/2025\/10\/hn08-house-tnt-architects_3.jpg\" height=\"125\" longdesc=\"https:\/\/www.archdaily.cl\/cl\/1035446\/casa-hn08-tnt-architecture\/68f3d32d683cc40189bdbfc2-hn08-house-tnt-architects-photo\" title=\"\u00a9 Trieu Chien\" width=\"125\"\/><\/a><a class=\"gallery-link afd-desktop-e\" href=\"https:\/\/www.archdaily.cl\/cl\/1035446\/casa-hn08-tnt-architecture\/68f3d338683cc40189bdbfc6-hn08-house-tnt-architects-photo\" rel=\"nofollow noopener\" target=\"_blank\"><img decoding=\"async\" alt=\"Casa HN08 \/ TNT Architecture - M\u00e1s Im\u00e1genes\" class=\"thumbs__img b-lazy\" src=\"https:\/\/www.europesays.com\/es\/wp-content\/uploads\/2025\/10\/hn08-house-tnt-architects_7.jpg\" itemprop=\"image\" bad-src=\"data:image\/gif;base64,R0lGODlhAQABAIAAAAUEBAAAACwAAAAAAQABAAACAkQBADs=\"\/>+ 40<\/a><\/p>\n<p>    Compartir<\/p>\n<p>Compartir<\/p>\n<ul class=\"afd-share__networks clearfix\">\n<li class=\"afd-share__social\"><a aria-label=\"Facebook\" class=\"afd-share__button\" data-insights-category=\"share\" data-insights-label=\"facebook_sharing_options\" data-insights-value=\"1035446\" data-social=\"facebook\" href=\"https:\/\/www.facebook.com\/sharer\/sharer.php?u=https:\/\/www.archdaily.cl\/cl\/1035446\/casa-hn08-tnt-architecture\" rel=\"nofollow noopener\" target=\"_blank\"><\/a>\n<p>Facebook<\/p>\n<\/li>\n<li class=\"afd-share__social\"><a aria-label=\"Twitter\" class=\"afd-share__button\" data-insights-category=\"share\" data-insights-label=\"twitter_sharing_options\" data-insights-value=\"1035446\" data-social=\"twitter\" href=\"https:\/\/twitter.com\/intent\/tweet?text=Casa%20HN08%20%2F%20TNT%20Architecture&amp;url=https:\/\/www.archdaily.cl\/cl\/1035446\/casa-hn08-tnt-architecture&amp;via=parq\" rel=\"nofollow noopener\" target=\"_blank\"><\/a>\n<p>Twitter<\/p>\n<\/li>\n<li class=\"afd-share__social\"><a class=\"afd-share__button\" data-insights-category=\"share\" data-insights-label=\"email_sharing_options\" data-insights-value=\"1035446\" data-social=\"email\" href=\"mailto:?subject=Casa HN08 \/ TNT Architecture&amp;body=https:\/\/www.archdaily.cl\/cl\/1035446\/casa-hn08-tnt-architecture\"><\/a>\n<p>Mail<\/p>\n<\/li>\n<li class=\"afd-share__social\"><a aria-label=\"Pinterest\" class=\"afd-share__button\" data-insights-category=\"share\" data-insights-label=\"pinterest_sharing_options\" data-insights-value=\"1035446\" data-social=\"pinterest\" href=\"https:\/\/pinterest.com\/pin\/create\/button\/?url=https%3A%2F%2Fwww.archdaily.cl%2Fcl%2F1035446%2Fcasa-hn08-tnt-architecture&amp;media=https%3A%2F%2Fimages.adsttc.com%2Fmedia%2Fimages%2F68f3%2Fd338%2F683c%2Fc401%2F89bd%2Fbfc6%2Flarge_jpg%2Fhn08-house-tnt-architects_7.jpg%3F1760809840&amp;description=Casa%20HN08%20%2F%20TNT%20Architecture\" rel=\"nofollow noopener\" target=\"_blank\"><\/a>\n<p>Pinterest<\/p>\n<\/li>\n<li class=\"afd-share__social\"><a aria-label=\"Whatsapp\" class=\"afd-share__button\" data-action=\"share\/whatsapp\/share\" data-insights-category=\"share\" data-insights-label=\"whatsapp_sharing_options\" data-insights-value=\"1035446\" data-social=\"whatsapp\" href=\"whatsapp:\/\/send?text=Casa+HN08+%2F+TNT+Architecture+%7C+https%3A%2F%2Fwww.archdaily.cl%2Fcl%2F1035446%2Fcasa-hn08-tnt-architecture%3Futm_source%3DWhatsapp%26utm_medium%3DIM%26utm_campaign%3Dshare-button\" rel=\"nofollow\"><\/a>\n<p>Whatsapp<\/p>\n<\/li>\n<\/ul>\n<p>O<\/p>\n<p>https:\/\/www.archdaily.cl\/cl\/1035446\/casa-hn08-tnt-architecture<\/p>\n<p>  Portapapeles<\/p>\n<p>              \u00abCOPY\u00bb<\/p>\n<p>Copiar<\/p>\n<ul class=\"afd-char-list afd-specs__item-container js-char-list\">\n<li class=\"afd-specs__item\">\n<\/li>\n<li class=\"afd-specs__item\">\n  \u00c1rea<br \/>\n  \u00c1rea del proyecto de arquitectura <\/p>\n<p>\u00c1rea:\u00a0<br \/>\n        <a href=\"https:\/\/www.archdaily.cl\/search\/cl\/projects\/min_area\/132\/max_area\/199?ad_name=project-specs&amp;ad_medium=single\" rel=\"nofollow noopener\" target=\"_blank\">166<\/a> m\u00b2<\/li>\n<li class=\"afd-specs__item\">\n<p>  A\u00f1o<br \/>\n  A\u00f1o del Proyecto de arquitectura<\/p>\n<p>            A\u00f1o:\u00a0<\/p>\n<p>                    <a href=\"https:\/\/www.archdaily.cl\/search\/cl\/projects\/year\/2024?ad_name=project-specs&amp;ad_medium=single\" rel=\"nofollow noopener\" target=\"_blank\"><br \/>\n          2024<br \/>\n        <\/a><\/p>\n<\/li>\n<li class=\"afd-specs__item\">\n<p>  Fot\u00f3grafos<\/p>\n<\/li>\n<\/ul>\n<p><a class=\"js-image-size__link lazy-anchor\" href=\"https:\/\/www.archdaily.cl\/cl\/1035446\/casa-hn08-tnt-architecture\/68f3d32d683cc40189bdbfc2-hn08-house-tnt-architects-photo\" rel=\"nofollow noopener\" target=\"_blank\"><img decoding=\"async\" alt=\"Casa HN08 \/ TNT Architecture - Fotograf\u00eda exterior, Balc\u00f3n\" data-nr-picture-id=\"68f3d32d683cc40189bdbfc2\" height=\"427\" itemprop=\"image\" loading=\"lazy\" longdesc=\"https:\/\/www.archdaily.cl\/cl\/1035446\/casa-hn08-tnt-architecture\/68f3d32d683cc40189bdbfc2-hn08-house-tnt-architects-photo\" src=\"https:\/\/www.europesays.com\/es\/wp-content\/uploads\/2025\/10\/1761931513_232_hn08-house-tnt-architects_3.jpg\" width=\"640\"\/>\u00a9 Trieu Chien<\/a><a class=\"js-image-size__link lazy-anchor\" href=\"https:\/\/www.archdaily.cl\/cl\/1035446\/casa-hn08-tnt-architecture\/68f3d310683cc40189bdbfbd-hn08-house-tnt-architects-photo\" rel=\"nofollow noopener\" target=\"_blank\"><img decoding=\"async\" alt=\"Casa HN08 \/ TNT Architecture - Imagen 6 de 45\" data-nr-picture-id=\"68f3d310683cc40189bdbfbd\" height=\"427\" itemprop=\"image\" loading=\"lazy\" longdesc=\"https:\/\/www.archdaily.cl\/cl\/1035446\/casa-hn08-tnt-architecture\/68f3d310683cc40189bdbfbd-hn08-house-tnt-architects-photo\" src=\"https:\/\/www.europesays.com\/es\/wp-content\/uploads\/2025\/10\/hn08-house-tnt-architects_1.jpg\" width=\"640\"\/>\u00a9 Trieu Chien<\/a><\/p>\n<p>Descripci\u00f3n enviada por el equipo del proyecto. En una ciudad donde los espacios verdes est\u00e1n siendo cada vez m\u00e1s reemplazados por concreto y polvo, los clientes, deseando que sus hijos crezcan m\u00e1s cerca de la naturaleza, visualizaron un hogar humilde pero significativo. La Casa HN08 surge como un refugio tranquilo que se abre generosamente a la vegetaci\u00f3n, la luz y el aire, mientras sigue satisfaciendo las necesidades de una familia de tres generaciones.<\/p>\n<p><a class=\"js-image-size__link lazy-anchor\" href=\"https:\/\/www.archdaily.cl\/cl\/1035446\/casa-hn08-tnt-architecture\/68f3d35d966241018803fde0-hn08-house-tnt-architects-photo\" rel=\"nofollow noopener\" target=\"_blank\"><img decoding=\"async\" alt=\"Casa HN08 \/ TNT Architecture - Imagen 10 de 45\" data-nr-picture-id=\"68f3d35d966241018803fde0\" height=\"427\" itemprop=\"image\" loading=\"lazy\" longdesc=\"https:\/\/www.archdaily.cl\/cl\/1035446\/casa-hn08-tnt-architecture\/68f3d35d966241018803fde0-hn08-house-tnt-architects-photo\" src=\"https:\/\/www.europesays.com\/es\/wp-content\/uploads\/2025\/10\/hn08-house-tnt-architects_9.jpg\" width=\"640\"\/>\u00a9 Trieu Chien<\/a><\/p>\n<p>Las cualidades espaciales tradicionales se reimaginan a trav\u00e9s de una composici\u00f3n multicapa de balcones, patios y vac\u00edos que expanden e interconectan los espacios. Estas capas de transici\u00f3n\u2014desde el exterior hacia el interior, desde el suelo hasta los pisos superiores\u2014crean un continuo fluido donde la arquitectura y el paisaje se fusionan sin esfuerzo. En el coraz\u00f3n de la casa, un n\u00facleo vertical funciona como un \u00abpulm\u00f3n\u00bb, atrayendo luz y viento profundamente hacia el interior mientras conecta visual y espacialmente todos los niveles.<\/p>\n<p><a class=\"js-image-size__link lazy-anchor\" href=\"https:\/\/www.archdaily.cl\/cl\/1035446\/casa-hn08-tnt-architecture\/68f3d35c683cc40189bdbfcd-hn08-house-tnt-architects-photo\" rel=\"nofollow noopener\" target=\"_blank\"><img decoding=\"async\" alt=\"Casa HN08 \/ TNT Architecture - Imagen 12 de 45\" data-nr-picture-id=\"68f3d35c683cc40189bdbfcd\" height=\"427\" itemprop=\"image\" loading=\"lazy\" longdesc=\"https:\/\/www.archdaily.cl\/cl\/1035446\/casa-hn08-tnt-architecture\/68f3d35c683cc40189bdbfcd-hn08-house-tnt-architects-photo\" src=\"https:\/\/www.europesays.com\/es\/wp-content\/uploads\/2025\/10\/hn08-house-tnt-architects_14.jpg\" width=\"640\"\/>\u00a9 Trieu Chien<\/a><a class=\"js-image-size__link lazy-anchor\" href=\"https:\/\/www.archdaily.cl\/cl\/1035446\/casa-hn08-tnt-architecture\/68f3d31c683cc40189bdbfbf-hn08-house-tnt-architects-photo\" rel=\"nofollow noopener\" target=\"_blank\"><img decoding=\"async\" alt=\"Casa HN08 \/ TNT Architecture - Fotograf\u00eda exterior, Jard\u00edn, Balc\u00f3n\" data-nr-picture-id=\"68f3d31c683cc40189bdbfbf\" height=\"427\" itemprop=\"image\" loading=\"lazy\" longdesc=\"https:\/\/www.archdaily.cl\/cl\/1035446\/casa-hn08-tnt-architecture\/68f3d31c683cc40189bdbfbf-hn08-house-tnt-architects-photo\" src=\"https:\/\/www.europesays.com\/es\/wp-content\/uploads\/2025\/10\/1761931515_72_hn08-house-tnt-architects_21.jpg\" width=\"640\"\/>\u00a9 Trieu Chien<\/a><a class=\"js-image-size__link lazy-anchor\" href=\"https:\/\/www.archdaily.cl\/cl\/1035446\/casa-hn08-tnt-architecture\/68f3d2f2683cc40189bdbfb5-hn08-house-tnt-architects-photo\" rel=\"nofollow noopener\" target=\"_blank\"><img decoding=\"async\" alt=\"Casa HN08 \/ TNT Architecture - Fotograf\u00eda interior, Cocina, Balc\u00f3n\" data-nr-picture-id=\"68f3d2f2683cc40189bdbfb5\" height=\"427\" itemprop=\"image\" loading=\"lazy\" longdesc=\"https:\/\/www.archdaily.cl\/cl\/1035446\/casa-hn08-tnt-architecture\/68f3d2f2683cc40189bdbfb5-hn08-house-tnt-architects-photo\" src=\"https:\/\/www.europesays.com\/es\/wp-content\/uploads\/2025\/10\/hn08-house-tnt-architects_23.jpg\" width=\"640\"\/>\u00a9 Trieu Chien<\/a><\/p>\n<p>La caracter\u00edstica m\u00e1s distintiva de la Casa HN08 es su jard\u00edn delantero elevado, un volumen verde que desciende suavemente hacia el patio de juegos situado debajo, formando una s\u00f3lida puerta de entrada que protege la vivienda del ruido y el desorden visual del entorno. Este jard\u00edn no solo sirve como umbral, sino tambi\u00e9n como el \u00abcoraz\u00f3n\u00bb de la casa, ofreciendo un espacio tranquilo donde los miembros de la familia pueden retirarse, relajarse y reconectarse con la naturaleza.<\/p>\n<p><a class=\"js-image-size__link lazy-anchor\" href=\"https:\/\/www.archdaily.cl\/cl\/1035446\/casa-hn08-tnt-architecture\/68f3d378683cc40189bdbfd1-hn08-house-tnt-architects-1st-floor-plan\" rel=\"nofollow noopener\" target=\"_blank\"><img decoding=\"async\" alt=\"Casa HN08 \/ TNT Architecture - Imagen 36 de 45\" data-nr-picture-id=\"68f3d378683cc40189bdbfd1\" height=\"427\" itemprop=\"image\" loading=\"lazy\" longdesc=\"https:\/\/www.archdaily.cl\/cl\/1035446\/casa-hn08-tnt-architecture\/68f3d378683cc40189bdbfd1-hn08-house-tnt-architects-1st-floor-plan\" src=\"https:\/\/www.europesays.com\/es\/wp-content\/uploads\/2025\/10\/1st-floor-36.jpg\" width=\"640\"\/>Planta &#8211; 1er nivel<\/a><a class=\"js-image-size__link lazy-anchor\" href=\"https:\/\/www.archdaily.cl\/cl\/1035446\/casa-hn08-tnt-architecture\/68f3d3789662413cc6153c3c-hn08-house-tnt-architects-3rd-floor-plan\" rel=\"nofollow noopener\" target=\"_blank\"><img decoding=\"async\" alt=\"Casa HN08 \/ TNT Architecture - Imagen 38 de 45\" data-nr-picture-id=\"68f3d3789662413cc6153c3c\" height=\"427\" itemprop=\"image\" loading=\"lazy\" longdesc=\"https:\/\/www.archdaily.cl\/cl\/1035446\/casa-hn08-tnt-architecture\/68f3d3789662413cc6153c3c-hn08-house-tnt-architects-3rd-floor-plan\" src=\"https:\/\/www.europesays.com\/es\/wp-content\/uploads\/2025\/10\/3rd-floor-38.jpg\" width=\"640\"\/>Planta &#8211; 3er nivel<\/a><a class=\"js-image-size__link lazy-anchor\" href=\"https:\/\/www.archdaily.cl\/cl\/1035446\/casa-hn08-tnt-architecture\/68f3d37a966241018803fde3-hn08-house-tnt-architects-5th-floor-plan\" rel=\"nofollow noopener\" target=\"_blank\"><img decoding=\"async\" alt=\"Casa HN08 \/ TNT Architecture - Imagen 40 de 45\" data-nr-picture-id=\"68f3d37a966241018803fde3\" height=\"427\" itemprop=\"image\" loading=\"lazy\" longdesc=\"https:\/\/www.archdaily.cl\/cl\/1035446\/casa-hn08-tnt-architecture\/68f3d37a966241018803fde3-hn08-house-tnt-architects-5th-floor-plan\" src=\"https:\/\/www.europesays.com\/es\/wp-content\/uploads\/2025\/10\/5th-floor-40.jpg\" width=\"640\"\/>Planta &#8211; 5to nivel<\/a><\/p>\n<p>La primera planta alberga el parque infantil junto al jard\u00edn inclinado y una terraza de madera que recuerda el esp\u00edritu de la vida tradicional vietnamita: una zona abierta y compartida para que los ni\u00f1os jueguen y para realizar actividades familiares. La segunda planta contiene una zona de t\u00e9 y recepci\u00f3n conectada directamente con el jard\u00edn y el vac\u00edo central, lo que permite una abundante luz natural y ventilaci\u00f3n, al tiempo que mantiene la privacidad mediante paneles de doble acristalamiento operables.<\/p>\n<p><a class=\"js-image-size__link lazy-anchor\" href=\"https:\/\/www.archdaily.cl\/cl\/1035446\/casa-hn08-tnt-architecture\/68f3d2de683cc40189bdbfb2-hn08-house-tnt-architects-photo\" rel=\"nofollow noopener\" target=\"_blank\"><img decoding=\"async\" alt=\"Casa HN08 \/ TNT Architecture - Fotograf\u00eda interior, Sala de estar, Iluminaci\u00f3n, Sillas\" data-nr-picture-id=\"68f3d2de683cc40189bdbfb2\" height=\"427\" itemprop=\"image\" loading=\"lazy\" longdesc=\"https:\/\/www.archdaily.cl\/cl\/1035446\/casa-hn08-tnt-architecture\/68f3d2de683cc40189bdbfb2-hn08-house-tnt-architects-photo\" src=\"https:\/\/www.europesays.com\/es\/wp-content\/uploads\/2025\/10\/hn08-house-tnt-architects_24.jpg\" width=\"640\"\/>\u00a9 Trieu Chien<\/a><a class=\"js-image-size__link lazy-anchor\" href=\"https:\/\/www.archdaily.cl\/cl\/1035446\/casa-hn08-tnt-architecture\/68f3d302683cc40189bdbfb9-hn08-house-tnt-architects-photo\" rel=\"nofollow noopener\" target=\"_blank\"><img decoding=\"async\" alt=\"Casa HN08 \/ TNT Architecture - Fotograf\u00eda interior, Madera\" data-nr-picture-id=\"68f3d302683cc40189bdbfb9\" height=\"427\" itemprop=\"image\" loading=\"lazy\" longdesc=\"https:\/\/www.archdaily.cl\/cl\/1035446\/casa-hn08-tnt-architecture\/68f3d302683cc40189bdbfb9-hn08-house-tnt-architects-photo\" src=\"https:\/\/www.europesays.com\/es\/wp-content\/uploads\/2025\/10\/hn08-house-tnt-architects_25.jpg\" width=\"640\"\/>\u00a9 Trieu Chien<\/a><\/p>\n<p>La tercera y cuarta planta concentran las principales \u00e1reas comunes de la casa, incluyendo la sala de estar familiar, la cocina, los dormitorios y los ba\u00f1os compartidos. Estos est\u00e1n dispuestos alrededor del atrio para promover la conexi\u00f3n y la continuidad visual entre los niveles. La fachada emplea un sistema de doble capa de vidrio y persianas automatizadas que regulan la luz solar, el calor y el flujo de aire natural.<\/p>\n<p><a class=\"js-image-size__link lazy-anchor\" href=\"https:\/\/www.archdaily.cl\/cl\/1035446\/casa-hn08-tnt-architecture\/68f3d31b966241018803fddf-hn08-house-tnt-architects-photo\" rel=\"nofollow noopener\" target=\"_blank\"><img decoding=\"async\" alt=\"Casa HN08 \/ TNT Architecture - Fotograf\u00eda interior, Madera\" data-nr-picture-id=\"68f3d31b966241018803fddf\" height=\"427\" itemprop=\"image\" loading=\"lazy\" longdesc=\"https:\/\/www.archdaily.cl\/cl\/1035446\/casa-hn08-tnt-architecture\/68f3d31b966241018803fddf-hn08-house-tnt-architects-photo\" src=\"https:\/\/www.europesays.com\/es\/wp-content\/uploads\/2025\/10\/hn08-house-tnt-architects_26.jpg\" width=\"640\"\/>\u00a9 Trieu Chien<\/a><a class=\"js-image-size__link lazy-anchor\" href=\"https:\/\/www.archdaily.cl\/cl\/1035446\/casa-hn08-tnt-architecture\/68f3d319966241018803fdde-hn08-house-tnt-architects-photo\" rel=\"nofollow noopener\" target=\"_blank\"><img decoding=\"async\" alt=\"Casa HN08 \/ TNT Architecture - Fotograf\u00eda interior, Vidrio\" data-nr-picture-id=\"68f3d319966241018803fdde\" height=\"427\" itemprop=\"image\" loading=\"lazy\" longdesc=\"https:\/\/www.archdaily.cl\/cl\/1035446\/casa-hn08-tnt-architecture\/68f3d319966241018803fdde-hn08-house-tnt-architects-photo\" src=\"https:\/\/www.europesays.com\/es\/wp-content\/uploads\/2025\/10\/hn08-house-tnt-architects_27.jpg\" width=\"640\"\/>\u00a9 Trieu Chien<\/a><\/p>\n<p>La suite principal, situada en la quinta planta, se beneficia tanto de la fachada frontal como del vac\u00edo central, lo que la convierte en un refugio silencioso y confortable para los propietarios. La sexta planta se ha dise\u00f1ado como una zona comunitaria abierta, compuesta por una terraza exterior de madera y una amplia piscina rodeada de vegetaci\u00f3n para mayor privacidad, complementada con una piscina m\u00e1s peque\u00f1a para ni\u00f1os.<\/p>\n<p><a class=\"js-image-size__link lazy-anchor\" href=\"https:\/\/www.archdaily.cl\/cl\/1035446\/casa-hn08-tnt-architecture\/68f3d307683cc40189bdbfbb-hn08-house-tnt-architects-photo\" rel=\"nofollow noopener\" target=\"_blank\"><img decoding=\"async\" alt=\"Casa HN08 \/ TNT Architecture - Fotograf\u00eda exterior, Balc\u00f3n\" data-nr-picture-id=\"68f3d307683cc40189bdbfbb\" height=\"427\" itemprop=\"image\" loading=\"lazy\" longdesc=\"https:\/\/www.archdaily.cl\/cl\/1035446\/casa-hn08-tnt-architecture\/68f3d307683cc40189bdbfbb-hn08-house-tnt-architects-photo\" src=\"https:\/\/www.europesays.com\/es\/wp-content\/uploads\/2025\/10\/hn08-house-tnt-architects_31.jpg\" width=\"640\"\/>\u00a9 Trieu Chien<\/a><\/p>\n<p>La s\u00e9ptima planta est\u00e1 dedicada al espacio de culto familiar, situado en un lugar destacado con paneles de madera m\u00f3viles y puertas de cristal, lo que equilibra la solemnidad con la armon\u00eda en la expresi\u00f3n arquitect\u00f3nica general. Arriba, la azotea alberga funciones t\u00e9cnicas junto a un peque\u00f1o huerto. Este nivel elevado ofrece amplias vistas de la ciudad circundante y proporciona un refugio tranquilo y lleno de naturaleza para la familia.<\/p>\n<p><a class=\"js-image-size__link lazy-anchor\" href=\"https:\/\/www.archdaily.cl\/cl\/1035446\/casa-hn08-tnt-architecture\/68f3d309683cc40189bdbfbc-hn08-house-tnt-architects-photo\" rel=\"nofollow noopener\" target=\"_blank\"><img decoding=\"async\" alt=\"Casa HN08 \/ TNT Architecture - Imagen 32 de 45\" data-nr-picture-id=\"68f3d309683cc40189bdbfbc\" height=\"427\" itemprop=\"image\" loading=\"lazy\" longdesc=\"https:\/\/www.archdaily.cl\/cl\/1035446\/casa-hn08-tnt-architecture\/68f3d309683cc40189bdbfbc-hn08-house-tnt-architects-photo\" src=\"https:\/\/www.europesays.com\/es\/wp-content\/uploads\/2025\/10\/hn08-house-tnt-architects_30.jpg\" width=\"640\"\/>\u00a9 Trieu Chien<\/a><\/p>\n<p>A trav\u00e9s de la integraci\u00f3n de vegetaci\u00f3n, luz y ventilaci\u00f3n dentro de una estructura espacial en capas, la Casa HN08 expresa el equilibrio entre la vida urbana moderna y el esp\u00edritu cultural local, ofreciendo una vivienda serena, conectada con la naturaleza en el coraz\u00f3n de la ciudad.<\/p>\n<p><a class=\"js-image-size__link lazy-anchor\" href=\"https:\/\/www.archdaily.cl\/cl\/1035446\/casa-hn08-tnt-architecture\/68f3d33e683cc40189bdbfc7-hn08-house-tnt-architects-photo\" rel=\"nofollow noopener\" target=\"_blank\"><img decoding=\"async\" alt=\"Casa HN08 \/ TNT Architecture - Fotograf\u00eda vista a\u00e9rea, Urbano\" data-nr-picture-id=\"68f3d33e683cc40189bdbfc7\" height=\"427\" itemprop=\"image\" loading=\"lazy\" longdesc=\"https:\/\/www.archdaily.cl\/cl\/1035446\/casa-hn08-tnt-architecture\/68f3d33e683cc40189bdbfc7-hn08-house-tnt-architects-photo\" src=\"https:\/\/www.europesays.com\/es\/wp-content\/uploads\/2025\/10\/hn08-house-tnt-architects_2.jpg\" width=\"640\"\/>\u00a9 Trieu Chien<\/a><script async src=\"https:\/\/platform.twitter.com\/widgets.js\" charset=\"utf-8\"><\/script><\/p>\n","protected":false},"excerpt":{"rendered":"\u00a9 Trieu Chien + 40 Compartir Compartir Facebook Twitter Mail Pinterest Whatsapp O https:\/\/www.archdaily.cl\/cl\/1035446\/casa-hn08-tnt-architecture Portapapeles \u00abCOPY\u00bb Copiar \u00c1rea&hellip;\n","protected":false},"author":2,"featured_media":211180,"comment_status":"","ping_status":"","sticky":false,"template":"","format":"standard","meta":{"footnotes":""},"categories":[173],"tags":[801,802,229,233,231,230,3738,232,234,146,147,25,24,57097,23],"class_list":{"0":"post-211179","1":"post","2":"type-post","3":"status-publish","4":"format-standard","5":"has-post-thumbnail","7":"category-arte-y-diseno","8":"tag-arquitectura","9":"tag-arquitectura-residencial","10":"tag-arte","11":"tag-arte-y-diseno","12":"tag-arts","13":"tag-arts-and-design","14":"tag-casas","15":"tag-design","16":"tag-diseno","17":"tag-entertainment","18":"tag-entretenimiento","19":"tag-es","20":"tag-espana","21":"tag-hanoi","22":"tag-spain"},"share_on_mastodon":{"url":"https:\/\/pubeurope.com\/@es\/115469951515373959","error":""},"_links":{"self":[{"href":"https:\/\/www.europesays.com\/es\/wp-json\/wp\/v2\/posts\/211179","targetHints":{"allow":["GET"]}}],"collection":[{"href":"https:\/\/www.europesays.com\/es\/wp-json\/wp\/v2\/posts"}],"about":[{"href":"https:\/\/www.europesays.com\/es\/wp-json\/wp\/v2\/types\/post"}],"author":[{"embeddable":true,"href":"https:\/\/www.europesays.com\/es\/wp-json\/wp\/v2\/users\/2"}],"replies":[{"embeddable":true,"href":"https:\/\/www.europesays.com\/es\/wp-json\/wp\/v2\/comments?post=211179"}],"version-history":[{"count":0,"href":"https:\/\/www.europesays.com\/es\/wp-json\/wp\/v2\/posts\/211179\/revisions"}],"wp:featuredmedia":[{"embeddable":true,"href":"https:\/\/www.europesays.com\/es\/wp-json\/wp\/v2\/media\/211180"}],"wp:attachment":[{"href":"https:\/\/www.europesays.com\/es\/wp-json\/wp\/v2\/media?parent=211179"}],"wp:term":[{"taxonomy":"category","embeddable":true,"href":"https:\/\/www.europesays.com\/es\/wp-json\/wp\/v2\/categories?post=211179"},{"taxonomy":"post_tag","embeddable":true,"href":"https:\/\/www.europesays.com\/es\/wp-json\/wp\/v2\/tags?post=211179"}],"curies":[{"name":"wp","href":"https:\/\/api.w.org\/{rel}","templated":true}]}}