{"id":211195,"date":"2025-10-31T17:35:10","date_gmt":"2025-10-31T17:35:10","guid":{"rendered":"https:\/\/www.europesays.com\/es\/211195\/"},"modified":"2025-10-31T17:35:10","modified_gmt":"2025-10-31T17:35:10","slug":"un-guino-a-halloween-sin-ir-disfrazada","status":"publish","type":"post","link":"https:\/\/www.europesays.com\/es\/211195\/","title":{"rendered":"\ufeffun gui\u00f1o a Halloween sin ir disfrazada"},"content":{"rendered":"<p data-journey-content=\"true\" data-node-id=\"3\" class=\"css-6wxqfj emevuu60\"><br data-node-id=\"3.0\"\/><strong data-node-id=\"3.1\">El estilo de Melania Trump es cl\u00e1sico, pero la primera dama siempre sabe c\u00f3mo darle un &#8216;twist&#8217; a los estilismos para hacerlos suyos,<\/strong> agregando un gui\u00f1o que marque la diferencia.  Y esto nos lo ha dejado claro en su \u00faltimo &#8216;look&#8217;, donde ha conseguido lucir muy Halloween sin ir disfrazada y sin perder su elegancia impecable. <\/p>\n<p data-journey-content=\"true\" data-node-id=\"6\" class=\"css-6wxqfj emevuu60\"><strong data-node-id=\"6.0\">Melania ha acompa\u00f1ado a su marido, Donald Trump<\/strong>, en uno de los actos de la agenda pol\u00edtica que el presidente ha llevado a cabo en la propia Casa Blanca, donde ambos <strong data-node-id=\"6.2\">repartieron caramelos a los ni\u00f1os que los visitaron para festejar la noche de Halloween.<\/strong><\/p>\n<p data-journey-content=\"true\" data-node-id=\"9\" class=\"css-6wxqfj emevuu60\">Lejos de disfraces o accesorios obvios de la noche de los muertes, <strong data-node-id=\"9.1\">la mujer de Trump luci\u00f3 un abrigo tipo trench y que llev\u00f3 a modo vestido<\/strong>, f\u00f3rmula que le hemos visto crear de manera similar en otras ocasiones. <\/p>\n<p>Lo que ELLE ha seleccionado para ti<a data-theme-key=\"base-link\" href=\"#\" class=\"e1fx7w0v5 css-3u38w7 e1c1bym14\">Reg\u00edstrate para recibir contenido personalizado<img decoding=\"async\" data-dynamic-svg=\"true\" src=\"https:\/\/www.elle.com\/_assets\/design-tokens\/elle\/static\/icons\/arrow-right-regular.377c654.svg?primary=%2523000000\" loading=\"lazy\" data-testid=\"dynamic-svg-base\" height=\"auto\" width=\"100%\" alt=\"\" class=\"css-13htjwu e1fx7w0v1\"\/><\/a>Melania Trump sorprende con un original abrigo: un gui\u00f1o a Halloween sin ir disfrazada<\/p>\n<p data-journey-content=\"true\" data-node-id=\"14\" class=\"css-6wxqfj emevuu60\">No es la primera vez que Melania convierte este tipo de abrigos en su mejor vestido por el tipo de silueta. La primera dama ha hecho de esta pieza un cl\u00e1sico de su vestidor, reinvent\u00e1ndola en cada acto oficial. Ya sea en tonos neutros o con un toque de color, Melania suele llevar el abrigo abotonado, marcando la figura con el cintur\u00f3n y sin necesidad de complementos excesivos.<br data-node-id=\"14.1\"\/><\/p>\n<p data-journey-content=\"true\" data-node-id=\"16\" class=\"css-6wxqfj emevuu60\">Esta vez, la prenda, que es de un tono verde gris\u00e1ceo, inclu\u00eda llamativas costuras y <strong data-node-id=\"16.1\">ribetes en naranja calabaza<\/strong> <strong data-node-id=\"16.3\">un detalle sutil pero perfecto para entrar en el modo Halloween sin perder ni un \u00e1pice de estilo. <\/strong><\/p>\n<p data-journey-content=\"true\" data-node-id=\"18\" class=\"css-6wxqfj emevuu60\"><strong data-node-id=\"18.0\">Para cerrar el &#8216;outfit&#8217;, una vez m\u00e1s, sus inseparables zapatos de tac\u00f3n &#8216;stilettos&#8217;, como sello inconfundible de su estilo <\/strong>pulido. En definitiva, con este conjunto Melania nos deja claro que no hace falta disfraz o perder la elegancia para rendirse al esp\u00edritu de de esta festividad del 31 de octubre, basta con un toque naranja bien llevado.<\/p>\n<p><img draggable=\"true\" alt=\"melania trump trench verde halloween\" title=\"Melania Trump trench verde halloween\" loading=\"lazy\" width=\"1024\" height=\"683\" decoding=\"async\" data-nimg=\"1\" style=\"color:transparent;width:100%;height:auto;\"   src=\"https:\/\/www.europesays.com\/es\/wp-content\/uploads\/2025\/10\/gettyimages-2243685952-6904d4855e745.jpg\" class=\"css-0 e1g79fud0\"\/><\/p>\n<p>getty<\/p>\n<p><img draggable=\"true\" alt=\"melania trump trench verde halloween\" title=\"Melania Trump trench verde halloween\" loading=\"lazy\" width=\"1024\" height=\"683\" decoding=\"async\" data-nimg=\"1\" style=\"color:transparent;width:100%;height:auto;\"   src=\"https:\/\/www.europesays.com\/es\/wp-content\/uploads\/2025\/10\/gettyimages-2243685591-6904d4856940c.jpg\" class=\"css-0 e1g79fud0\"\/><\/p>\n<p>getty<\/p>\n<p><img draggable=\"true\" alt=\"melania trump trench verde halloween\" title=\"Melania Trump trench verde halloween\" loading=\"lazy\" width=\"1024\" height=\"683\" decoding=\"async\" data-nimg=\"1\" style=\"color:transparent;width:100%;height:auto;\"   src=\"https:\/\/www.europesays.com\/es\/wp-content\/uploads\/2025\/10\/gettyimages-2243686020-6904d485750b6.jpg\" class=\"css-0 e1g79fud0\"\/><\/p>\n<p>getty<\/p>\n<p><img src=\"https:\/\/www.europesays.com\/es\/wp-content\/uploads\/2025\/10\/1761932110_94_fdb40614-5afb-491b-84a7-5d9b44b2dcde_1658480441.file\" alt=\"Headshot of Amanda Prado\" title=\"Headshot of Amanda Prado\" width=\"100%\" height=\"100%\" decoding=\"async\" loading=\"lazy\" class=\"css-o0wq4v ev8dhu53\"\/><\/p>\n<p>Amanda Prado es colaboradora de ELLE, experta en moda, tendencias y actualidad. Como buena defensora del periodismo multimedia, tambi\u00e9n es creadora de contenido para redes sociales (empez\u00f3 en Fotolog y ha terminado en TikTok). Su especialidad es localizar las nuevas tendencias de la pasarela y del street style. Amante del estilo boho, la ropa vintage y la moda sostenible. Especialista en transformar b\u00e1sicos en lookazos y en localizar joyitas textiles de donde crees que no se puede sacar nada. De las rom\u00e1nticas que a\u00fan compran en tienda f\u00edsica. \u00a0<\/p>\n<p>Descubrir qu\u00e9 llevan las famosas es otra de sus funciones. Adem\u00e1s de analizar qu\u00e9 prendas visten las celebrities (y, sobre todo, c\u00f3mo lo llevan, su estilo) tambi\u00e9n se encarga de cubrir todo lo que sucede en alfombras rojas y eventos de moda. No deja escapar ning\u00fan detalle del d\u00eda a d\u00eda que comparten las influencers y creadores de contenido en sus redes sociales o en los eventos a los que acuden. \u00a0<\/p>\n<p>Amanda Prado se gradu\u00f3 primero en Derecho y despu\u00e9s en Periodismo en la Universidad Rey Juan Carlos. En tercero de carrera result\u00f3 ganadora de la Superbeca Elle y trabaj\u00f3 durante un a\u00f1o en cuatro empresas: para el equipo de comunicaci\u00f3n de ZARA (Inditex), el departamento de Relaciones P\u00fablicas de Est\u00e9e Lauder, la agencia de comunicaci\u00f3n Equipo Singular y, por \u00faltimo, la redacci\u00f3n de la revista ELLE. Al terminar la beca comenz\u00f3 a colaborar en la revista Cosmopolitan cubriendo temas de belleza y moda y, tras varios a\u00f1os, regres\u00f3 a ELLE.\u00a0<\/p>\n","protected":false},"excerpt":{"rendered":"El estilo de Melania Trump es cl\u00e1sico, pero la primera dama siempre sabe c\u00f3mo darle un &#8216;twist&#8217; a&hellip;\n","protected":false},"author":2,"featured_media":211196,"comment_status":"","ping_status":"","sticky":false,"template":"","format":"standard","meta":{"footnotes":""},"categories":[42],"tags":[17,18,253,13,14,11,61,62,63,64,19,20,9,10,15,16,12,21,22,65,66,67],"class_list":{"0":"post-211195","1":"post","2":"type-post","3":"status-publish","4":"format-standard","5":"has-post-thumbnail","7":"category-internacional","8":"tag-breaking-news","9":"tag-breakingnews","10":"tag-discover","11":"tag-featured-news","12":"tag-featurednews","13":"tag-headlines","14":"tag-internacional","15":"tag-international","16":"tag-international-news","17":"tag-internationalnews","18":"tag-latest-news","19":"tag-latestnews","20":"tag-news","21":"tag-noticias","22":"tag-noticias-destacadas","23":"tag-noticiasdestacadas","24":"tag-titulares","25":"tag-ultimas-noticias","26":"tag-ultimasnoticias","27":"tag-world","28":"tag-world-news","29":"tag-worldnews"},"share_on_mastodon":{"url":"https:\/\/pubeurope.com\/@es\/115469990629594955","error":""},"_links":{"self":[{"href":"https:\/\/www.europesays.com\/es\/wp-json\/wp\/v2\/posts\/211195","targetHints":{"allow":["GET"]}}],"collection":[{"href":"https:\/\/www.europesays.com\/es\/wp-json\/wp\/v2\/posts"}],"about":[{"href":"https:\/\/www.europesays.com\/es\/wp-json\/wp\/v2\/types\/post"}],"author":[{"embeddable":true,"href":"https:\/\/www.europesays.com\/es\/wp-json\/wp\/v2\/users\/2"}],"replies":[{"embeddable":true,"href":"https:\/\/www.europesays.com\/es\/wp-json\/wp\/v2\/comments?post=211195"}],"version-history":[{"count":0,"href":"https:\/\/www.europesays.com\/es\/wp-json\/wp\/v2\/posts\/211195\/revisions"}],"wp:featuredmedia":[{"embeddable":true,"href":"https:\/\/www.europesays.com\/es\/wp-json\/wp\/v2\/media\/211196"}],"wp:attachment":[{"href":"https:\/\/www.europesays.com\/es\/wp-json\/wp\/v2\/media?parent=211195"}],"wp:term":[{"taxonomy":"category","embeddable":true,"href":"https:\/\/www.europesays.com\/es\/wp-json\/wp\/v2\/categories?post=211195"},{"taxonomy":"post_tag","embeddable":true,"href":"https:\/\/www.europesays.com\/es\/wp-json\/wp\/v2\/tags?post=211195"}],"curies":[{"name":"wp","href":"https:\/\/api.w.org\/{rel}","templated":true}]}}