{"id":211203,"date":"2025-10-31T17:42:12","date_gmt":"2025-10-31T17:42:12","guid":{"rendered":"https:\/\/www.europesays.com\/es\/211203\/"},"modified":"2025-10-31T17:42:12","modified_gmt":"2025-10-31T17:42:12","slug":"sinner-no-esta-bien-es-evidente","status":"publish","type":"post","link":"https:\/\/www.europesays.com\/es\/211203\/","title":{"rendered":"Sinner no est\u00e1 bien: \u00abEs evidente\u00bb"},"content":{"rendered":"<p class=\"ft-text\"><a class=\"ft-link ft-link--decoration\" href=\"https:\/\/www.sport.es\/es\/noticias\/tenis\/sinner-supera-voluntarioso-cerundolo-planto-123203926\" rel=\"nofollow noopener\" target=\"_blank\">Jannik Sinner<\/a> est\u00e1 cerca de recuperar el n\u00famero uno del mundo. Para ser concretos, a tres partidos en Par\u00eds. Eso s\u00ed, lo m\u00e1s probable es que, en caso de ganar en Francia, <strong>est\u00e9 en lo m\u00e1s alto del ranking por poco tiempo<\/strong>. Y es que en las ATP Finals, <strong>Alcaraz<\/strong> recuperar\u00eda el trono y acabar\u00eda el a\u00f1o en lo m\u00e1s alto si su papel en el torneo es digno.<\/p>\n<p class=\"ft-text\">El italiano venci\u00f3 en octavos de final a <strong>Francisco Cer\u00fandolo<\/strong>, en un duelo que fue m\u00e1s igualado de lo que refleja el marcador, sobre todo en el primer set. El argentino tuvo varias oportunidades de llevarse el primer set, y <strong>la versi\u00f3n de Sinner fue la de un jugador m\u00e1s vulnerable, adem\u00e1s de no sentirse del todo c\u00f3modo en pista.<\/strong> Su gestualidad indicaba lo mismo que su juego.<\/p>\n<p class=\"ft-text\">\u00ab<strong>Estoy intentando gestionarlo de la mejor manera, pero es evidente que no estoy al 100%<\/strong>\u00ab, confes\u00f3 despu\u00e9s en rueda de prensa. La realidad es que este a\u00f1o ha sido muy intenso para el italiano, principalmente en el aspecto mental. <strong>Varias pol\u00e9micas le han llovido en 2025<\/strong>, empezando por la m\u00e1s importante: el positivo en clostebol que lo mantuvo alejado de las pistas durante tres meses.<\/p>\n<p><img decoding=\"async\" src=\"https:\/\/www.europesays.com\/es\/wp-content\/uploads\/2025\/10\/a1ca022b-8b73-4cb0-94e2-54a152841aad_alta-libre-aspect-ratio_default_0.jpg\" width=\"1200\" height=\"675\" alt=\"Jannik Sinner, durante el partido contra Bergs\" class=\"ft-helper-img-rd\" loading=\"lazy\" hasdataaida=\"true\"\/><\/p>\n<p class=\"ft-helper-fontColor-quaternary ft-helper-fontSize-body-S ft-helper-spacer-t-xxs\">Jannik Sinner, durante el partido contra Bergs en Par\u00eds  \/ EFE<\/p>\n<p class=\"ft-text\">El \u00faltimo aluvi\u00f3n de cr\u00edticas ha llegado desde su propio pa\u00eds, <strong>despu\u00e9s de que Jannik renunciara a jugar las Finales de la Copa Davis<\/strong>, que dar\u00e1n por concluida la temporada. El n\u00famero dos del mundo justific\u00f3 su ausencia por no estar en las mejores condiciones y querer<strong> preparar mejor el pr\u00f3ximo Open de Australia<\/strong>. Visto lo visto, es evidente que el transalpino necesita un descanso.<\/p>\n<p class=\"ft-text\">\u00abEstuve dos veces arriba con el break en el primer set, pero no pude aprovecharlo. <strong>Me puse en una situaci\u00f3n inc\u00f3moda. Estoy contento con c\u00f3mo manej\u00e9 el partido. Me sent\u00ed mucho mejor despu\u00e9s<\/strong>\u00ab, desvel\u00f3 Sinner. Este viernes, tendr\u00e1 un rival muy complicado enfrente, <strong>como es Ben Shelton<\/strong>. Un jugador que ha sido capaz de ganar al italiano en condiciones indoor.<\/p>\n<p><img decoding=\"async\" src=\"https:\/\/www.europesays.com\/es\/wp-content\/uploads\/2025\/10\/2d755636-dc0a-49b4-8496-d68bdd3d341c_alta-libre-aspect-ratio_default_0.jpg\" width=\"1200\" height=\"675\" alt=\"Sinner celebra el t\u00edtulo en Viena\" class=\"ft-helper-img-rd\" loading=\"lazy\" hasdataaida=\"true\"\/><\/p>\n<p class=\"ft-helper-fontColor-quaternary ft-helper-fontSize-body-S ft-helper-spacer-t-xxs\">Sinner celebra el t\u00edtulo en Viena  \/ AP<\/p>\n<p class=\"ft-text\">\u00abEspero recuperarme f\u00edsicamente, esa es mi prioridad. <strong>Ma\u00f1ana me espera un rival muy dif\u00edcil. Tengo que jugar al cien por cien. Ojal\u00e1 pueda hacerlo<\/strong>\u00ab, dijo. En el torneo de Viena, pudo levantar el t\u00edtulo tras ganar en la final a Alexander Zverev, aunque su versi\u00f3n no fue, ni mucho menos, dominante. Perdi\u00f3 el primer set y no estuvo lejos de verse superado por el alem\u00e1n.<\/p>\n<p>\u00daltima parada: las ATP Finals<\/p>\n<p class=\"ft-text\">Par\u00eds es la pen\u00faltima de las paradas de Sinner este a\u00f1o, <strong>que acabar\u00e1 en las ATP Finals de Bolonia<\/strong>. All\u00ed volver\u00e1 a ser el local y buscar\u00e1 defender el t\u00edtulo del a\u00f1o pasado. La superficie en la que se juega el Torneo de Maestros le va como anillo al dedo y lo lleva demostrando en los \u00faltimos a\u00f1os. <strong>Es el mejor jugador del mundo en indoor, gracias a su juego tan plano y r\u00e1pido<\/strong>.<\/p>\n<p class=\"ft-text\">Jannik tambi\u00e9n est\u00e1 intentando<strong> evolucionar en su juego para no quedarse atr\u00e1s.<\/strong> Ya lo dijo tras perder en el US Open contra Alcaraz, que ese era su principal objetivo. Es por eso que \u00faltimamente se le ve hacer m\u00e1s dejadas y subir m\u00e1s a la red, dos aspectos del tenis en los que no ha profundizado en exceso hasta ahora. Contra Shelton seguir\u00e1 su camino hasta la perfecci\u00f3n.<\/p>\n","protected":false},"excerpt":{"rendered":"Jannik Sinner est\u00e1 cerca de recuperar el n\u00famero uno del mundo. Para ser concretos, a tres partidos en&hellip;\n","protected":false},"author":2,"featured_media":211204,"comment_status":"","ping_status":"","sticky":false,"template":"","format":"standard","meta":{"footnotes":""},"categories":[274],"tags":[168,25,24,4759,4466,23,167,327,326],"class_list":{"0":"post-211203","1":"post","2":"type-post","3":"status-publish","4":"format-standard","5":"has-post-thumbnail","7":"category-tenis","8":"tag-deportes","9":"tag-es","10":"tag-espana","11":"tag-paris","12":"tag-sinner","13":"tag-spain","14":"tag-sports","15":"tag-tenis","16":"tag-tennis"},"share_on_mastodon":{"url":"https:\/\/pubeurope.com\/@es\/115470018118307863","error":""},"_links":{"self":[{"href":"https:\/\/www.europesays.com\/es\/wp-json\/wp\/v2\/posts\/211203","targetHints":{"allow":["GET"]}}],"collection":[{"href":"https:\/\/www.europesays.com\/es\/wp-json\/wp\/v2\/posts"}],"about":[{"href":"https:\/\/www.europesays.com\/es\/wp-json\/wp\/v2\/types\/post"}],"author":[{"embeddable":true,"href":"https:\/\/www.europesays.com\/es\/wp-json\/wp\/v2\/users\/2"}],"replies":[{"embeddable":true,"href":"https:\/\/www.europesays.com\/es\/wp-json\/wp\/v2\/comments?post=211203"}],"version-history":[{"count":0,"href":"https:\/\/www.europesays.com\/es\/wp-json\/wp\/v2\/posts\/211203\/revisions"}],"wp:featuredmedia":[{"embeddable":true,"href":"https:\/\/www.europesays.com\/es\/wp-json\/wp\/v2\/media\/211204"}],"wp:attachment":[{"href":"https:\/\/www.europesays.com\/es\/wp-json\/wp\/v2\/media?parent=211203"}],"wp:term":[{"taxonomy":"category","embeddable":true,"href":"https:\/\/www.europesays.com\/es\/wp-json\/wp\/v2\/categories?post=211203"},{"taxonomy":"post_tag","embeddable":true,"href":"https:\/\/www.europesays.com\/es\/wp-json\/wp\/v2\/tags?post=211203"}],"curies":[{"name":"wp","href":"https:\/\/api.w.org\/{rel}","templated":true}]}}