{"id":211205,"date":"2025-10-31T17:43:11","date_gmt":"2025-10-31T17:43:11","guid":{"rendered":"https:\/\/www.europesays.com\/es\/211205\/"},"modified":"2025-10-31T17:43:11","modified_gmt":"2025-10-31T17:43:11","slug":"fin-de-una-era-cube-y-el-intermarche","status":"publish","type":"post","link":"https:\/\/www.europesays.com\/es\/211205\/","title":{"rendered":"Fin de una era: Cube y el Intermarch\u00e9"},"content":{"rendered":"<p>Cube y el equipo Intermarch\u00e9 &#8211; Wanty han anunciado el fin de una colaboraci\u00f3n que se ha extendido durante diez a\u00f1os y que ha dejado una profunda huella en el ciclismo profesional. Desde su inicio en 2015, cuando el conjunto a\u00fan compet\u00eda con licencia Pro-Continental, ambas partes trabajaron codo con codo en un proyecto que combin\u00f3 desarrollo tecnol\u00f3gico, rendimiento deportivo y una confianza mutua constante.<\/p>\n<p><img decoding=\"async\" loading=\"lazy\" width=\"1200\" height=\"1200\" style=\"aspect-ratio: 1200\/1200;\" alt=\"Bicicleta Cube del equipo. Imagen: Intermarch\u00e9 - Wanty\" src=\"https:\/\/www.europesays.com\/es\/wp-content\/uploads\/2025\/10\/cube-fin-relacion-intermarche-wanty.jpg\"\/>Bicicleta Cube del equipo. Imagen: Intermarch\u00e9 &#8211; WantyDiez a\u00f1os de innovaci\u00f3n, victorias y compromiso t\u00e9cnico que marcan el cierre de una alianza ejemplar<\/p>\n<p>El primer gran logro lleg\u00f3 en 2016 con la victoria en la Amstel Gold Race, un \u00e9xito que marc\u00f3 el comienzo de una etapa dorada. Un a\u00f1o despu\u00e9s, en 2017, el equipo debut\u00f3 en el Tour de Francia, alcanzando uno de los objetivos m\u00e1s ambiciosos de su trayectoria y consolidando la presencia de Cube en la m\u00e1xima categor\u00eda del ciclismo internacional.<\/p>\n<p>A lo largo de los a\u00f1os, el binomio entre Cube y el Intermarch\u00e9 &#8211; Wanty cosech\u00f3 triunfos en las tres Grandes Vueltas y en numerosas pruebas de primer nivel. La calidad t\u00e9cnica de las bicicletas de la marca alemana y el talento de los corredores se tradujeron en resultados que reflejaron la constante evoluci\u00f3n de ambos. En 2021, el equipo alcanz\u00f3 el estatus WorldTour, confirmando el \u00e9xito de una colaboraci\u00f3n que hab\u00eda crecido paso a paso.<\/p>\n<p>La temporada 2024 quedar\u00e1 en la memoria de los aficionados gracias a la brillante actuaci\u00f3n de Biniam Girmay, que conquist\u00f3 tres etapas en el Tour de Francia y el maillot verde de la clasificaci\u00f3n por puntos. Fue un momento hist\u00f3rico que evidenci\u00f3 la madurez deportiva del conjunto y la fiabilidad del material de Cube.<\/p>\n<p>A lo largo de esta d\u00e9cada, nombres como Enrico Gasparotto, Alexander Kristoff, Taco van der Hoorn, Rui Costa o Louis Meintjes sumaron importantes victorias, mientras que j\u00f3venes promesas como Georg Zimmermann llevaron el proyecto a nuevos horizontes, proclam\u00e1ndose campe\u00f3n de Alemania en 2025.<\/p>\n<p>Pese a la voluntad de Cube de mantener la alianza, la reciente fusi\u00f3n del Intermarch\u00e9 &#8211; Wanty con el Lotto Dstny ha obligado a poner fin a los acuerdos vigentes debido a compromisos comerciales ya establecidos por la estructura belga.<\/p>\n<p>La marca alemana ha querido despedirse con orgullo y gratitud, agradeciendo a todos los ciclistas, t\u00e9cnicos y personal del equipo su profesionalidad y dedicaci\u00f3n durante estos a\u00f1os. Con la vista puesta en el futuro, Cube ha confirmado su deseo de regresar pronto al pelot\u00f3n profesional e iniciar un nuevo cap\u00edtulo en su historia dentro del ciclismo de \u00e9lite.<\/p>\n","protected":false},"excerpt":{"rendered":"Cube y el equipo Intermarch\u00e9 &#8211; Wanty han anunciado el fin de una colaboraci\u00f3n que se ha extendido&hellip;\n","protected":false},"author":2,"featured_media":211206,"comment_status":"","ping_status":"","sticky":false,"template":"","format":"standard","meta":{"footnotes":""},"categories":[273],"tags":[313,312,168,25,24,23,167],"class_list":{"0":"post-211205","1":"post","2":"type-post","3":"status-publish","4":"format-standard","5":"has-post-thumbnail","7":"category-ciclismo","8":"tag-ciclismo","9":"tag-cycling","10":"tag-deportes","11":"tag-es","12":"tag-espana","13":"tag-spain","14":"tag-sports"},"share_on_mastodon":{"url":"https:\/\/pubeurope.com\/@es\/115470021714195357","error":""},"_links":{"self":[{"href":"https:\/\/www.europesays.com\/es\/wp-json\/wp\/v2\/posts\/211205","targetHints":{"allow":["GET"]}}],"collection":[{"href":"https:\/\/www.europesays.com\/es\/wp-json\/wp\/v2\/posts"}],"about":[{"href":"https:\/\/www.europesays.com\/es\/wp-json\/wp\/v2\/types\/post"}],"author":[{"embeddable":true,"href":"https:\/\/www.europesays.com\/es\/wp-json\/wp\/v2\/users\/2"}],"replies":[{"embeddable":true,"href":"https:\/\/www.europesays.com\/es\/wp-json\/wp\/v2\/comments?post=211205"}],"version-history":[{"count":0,"href":"https:\/\/www.europesays.com\/es\/wp-json\/wp\/v2\/posts\/211205\/revisions"}],"wp:featuredmedia":[{"embeddable":true,"href":"https:\/\/www.europesays.com\/es\/wp-json\/wp\/v2\/media\/211206"}],"wp:attachment":[{"href":"https:\/\/www.europesays.com\/es\/wp-json\/wp\/v2\/media?parent=211205"}],"wp:term":[{"taxonomy":"category","embeddable":true,"href":"https:\/\/www.europesays.com\/es\/wp-json\/wp\/v2\/categories?post=211205"},{"taxonomy":"post_tag","embeddable":true,"href":"https:\/\/www.europesays.com\/es\/wp-json\/wp\/v2\/tags?post=211205"}],"curies":[{"name":"wp","href":"https:\/\/api.w.org\/{rel}","templated":true}]}}