{"id":211207,"date":"2025-10-31T17:45:19","date_gmt":"2025-10-31T17:45:19","guid":{"rendered":"https:\/\/www.europesays.com\/es\/211207\/"},"modified":"2025-10-31T17:45:19","modified_gmt":"2025-10-31T17:45:19","slug":"el-lointek-cumple-en-las-azores-sin-gastar-mucho","status":"publish","type":"post","link":"https:\/\/www.europesays.com\/es\/211207\/","title":{"rendered":"El Lointek cumple en las Azores sin gastar mucho"},"content":{"rendered":"<p>\n        El <a href=\"https:\/\/www.deia.eus\/tags\/lointek-gernika\/\" title=\"Lointek Gernika Bizkaia\" class=\"link copy\" rel=\"nofollow noopener\" target=\"_blank\">Lointek Gernika Bizkaia<\/a> cumpli\u00f3 con lo esperado en su visita a las islas Azores, un viaje siempre largo y fatigoso y al que se a\u00f1adi\u00f3 el proceso v\u00edrico que debilit\u00f3 a alguna jugadora. En la cancha,<strong> las granates se mostraron superiores al Uniao Sportiva para acabar con un marcador de 48-82<\/strong>.<strong> A falta de 6.25 para concluir el tercer cuarto, el equipo gernikarra solo ganaba por 35-39<\/strong>, m\u00e1s por sus propios errores en lanzamientos sencillos y en p\u00e9rdidas de bal\u00f3n no forzadas que por las propias dificultades que plantearon las lusas con su defensa en zona. A<strong> partir de ah\u00ed, el Lointek Gernika meti\u00f3 una marcha m\u00e1s en los dos lados de la cancha para lograr una victoria que era imprescindible para seguir aspirando a lo m\u00e1s alto del grupo de la<\/strong><a href=\"https:\/\/www.deia.eus\/tags\/eurocup\/\" title=\"Eurocup\" class=\"link copy\" rel=\"nofollow noopener\" target=\"_blank\"><strong> Eurocup<\/strong><\/a><strong>.<\/strong>\n<\/p>\n<p class=\"article-body__text \">\n        <strong>\u201cEsta victoria nos permite seguir afrontando la competici\u00f3n europea con mucha ambici\u00f3n\u201d, apunt\u00f3 <\/strong><a href=\"https:\/\/www.deia.eus\/tags\/lucas-fernandez\/\" title=\"Lucas Fern\u00e1ndez\" class=\"link copy\" rel=\"nofollow noopener\" target=\"_blank\">Lucas Fern\u00e1ndez<\/a> tras una cita en la que pudo repartir los esfuerzos pensando en que ahora llegan tres partidos en seis d\u00edas. Sara Krnjic, que apenas lleva una semana en el equipo, estuvo en cancha m\u00e1s de 22 minutos para firmar ocho puntos y siete rebotes y mostrar que puede ofrecer solidez defensiva cerca del aro y capacidad de pase en ataque, aunque a veces parece que el ritmo de sus compa\u00f1eras le super<strong>a. Sarah Polleros, m\u00e1xima anotadora con 16 puntos, tambi\u00e9n mejor\u00f3 sensaciones respecto a partidos precedentes y el t\u00e9cnico no necesit\u00f3 estirar la rotaci\u00f3n de ninguna jugadora de una plantilla que est\u00e1 deseando el regreso de \u00c1ngela Salvadores <\/strong>para colocar todas las piezas en su sitio.\n<\/p>\n<p class=\"article-body__text \">\n        Cumplido el tr\u00e1mite de las Azores,<strong> el conjunto gernikarra tiene ahora tres exigentes partidos antes del par\u00f3n de selecciones y al menos los tres son en Maloste, lo que ahorrar\u00e1 cansancio y permitir\u00e1 ganar tiempo en la preparaci\u00f3n. El domingo llega el Joventu<\/strong>t y el viernes de la semana que viene el rival ser\u00e1 el Jairis en dos partidos importantes en el objetivo de alcanzar una plaza en la Copa porque son dos equipos que van a estar ese esa pelea.\n<\/p>\n<p>  <strong>DUELOS EUROPEOS DECISIVOS<\/strong><\/p>\n<p class=\"article-body__text \">\n        <strong> Entre medias, queda en el calendario el choque del pr\u00f3ximo mi\u00e9rcoles ante el Universitas Pecs que ahora mismo es el l\u00edder del grupo C de la Eurocup con pleno de victorias<\/strong>. Las gernikarras cayeron en Hungr\u00eda por solo dos puntos por lo que una victoria por m\u00e1s de esa diferencia supondr\u00eda dar un gran paso hacia la fase de eliminatorias a las que acceden los dos primeros de cada uno de los doce grupos y los cuatro mejores terceros.\n<\/p>\n<p class=\"article-body__text \">\n        <strong>A la vuelta del par\u00f3n de las ventanas FIBA, quedar\u00edan pendientes los dos partidos ante el Elitzur Ramla, programados en principio para los d\u00edas 25 y 27 de noviembre en Maloste<\/strong>, La patata caliente que supone decidir sobre este doble enfrentamiento se ha dilatado todo lo posible y a\u00fan no hay ninguna decisi\u00f3n oficial, teniendo en cuenta, adem\u00e1s, que uno o los dos partidos pueden ser decisivos para la suerte del grupo.<\/p>\n","protected":false},"excerpt":{"rendered":"El Lointek Gernika Bizkaia cumpli\u00f3 con lo esperado en su visita a las islas Azores, un viaje siempre&hellip;\n","protected":false},"author":2,"featured_media":211208,"comment_status":"","ping_status":"","sticky":false,"template":"","format":"standard","meta":{"footnotes":""},"categories":[269],"tags":[57130,299,298,7677,168,25,24,42654,9276,23,167],"class_list":{"0":"post-211207","1":"post","2":"type-post","3":"status-publish","4":"format-standard","5":"has-post-thumbnail","7":"category-baloncesto","8":"tag-azores","9":"tag-baloncesto","10":"tag-basketball","11":"tag-cumple","12":"tag-deportes","13":"tag-es","14":"tag-espana","15":"tag-gastar","16":"tag-lointek","17":"tag-spain","18":"tag-sports"},"share_on_mastodon":{"url":"https:\/\/pubeurope.com\/@es\/115470029586335198","error":""},"_links":{"self":[{"href":"https:\/\/www.europesays.com\/es\/wp-json\/wp\/v2\/posts\/211207","targetHints":{"allow":["GET"]}}],"collection":[{"href":"https:\/\/www.europesays.com\/es\/wp-json\/wp\/v2\/posts"}],"about":[{"href":"https:\/\/www.europesays.com\/es\/wp-json\/wp\/v2\/types\/post"}],"author":[{"embeddable":true,"href":"https:\/\/www.europesays.com\/es\/wp-json\/wp\/v2\/users\/2"}],"replies":[{"embeddable":true,"href":"https:\/\/www.europesays.com\/es\/wp-json\/wp\/v2\/comments?post=211207"}],"version-history":[{"count":0,"href":"https:\/\/www.europesays.com\/es\/wp-json\/wp\/v2\/posts\/211207\/revisions"}],"wp:featuredmedia":[{"embeddable":true,"href":"https:\/\/www.europesays.com\/es\/wp-json\/wp\/v2\/media\/211208"}],"wp:attachment":[{"href":"https:\/\/www.europesays.com\/es\/wp-json\/wp\/v2\/media?parent=211207"}],"wp:term":[{"taxonomy":"category","embeddable":true,"href":"https:\/\/www.europesays.com\/es\/wp-json\/wp\/v2\/categories?post=211207"},{"taxonomy":"post_tag","embeddable":true,"href":"https:\/\/www.europesays.com\/es\/wp-json\/wp\/v2\/tags?post=211207"}],"curies":[{"name":"wp","href":"https:\/\/api.w.org\/{rel}","templated":true}]}}