{"id":211215,"date":"2025-10-31T17:50:08","date_gmt":"2025-10-31T17:50:08","guid":{"rendered":"https:\/\/www.europesays.com\/es\/211215\/"},"modified":"2025-10-31T17:50:08","modified_gmt":"2025-10-31T17:50:08","slug":"welcome-to-derry-y-adelanta-su-capitulo-2-para-aprovechar-halloween","status":"publish","type":"post","link":"https:\/\/www.europesays.com\/es\/211215\/","title":{"rendered":"Welcome to Derry&#8217; y adelanta su cap\u00edtulo 2 para aprovechar Halloween"},"content":{"rendered":"<p class=\"article-text\">\n        Adem\u00e1s de ser una de las series m\u00e1s terror\u00edficas del a\u00f1o, <strong>IT: Welcome to Derry<\/strong> se ha convertido en uno de los mayores \u00e9xitos de <strong>HBO Max<\/strong>.\n    <\/p>\n<p>    <a href=\"https:\/\/www.eldiario.es\/vertele\/noticias\/especial-halloween-first-dates-acabo-caperucita-comiendose-lobo_1_12731226.html\" data-mrf-recirculation=\"saber-mas\" data-dl-event=\"saber-mas\" rel=\"nofollow noopener\" target=\"_blank\"><\/p>\n<p class=\"know-more__title\">El especial Halloween de &#8216;First Dates&#8217; acab\u00f3 con Caperucita comi\u00e9ndose al Lobo<\/p>\n<p>            <img decoding=\"async\" class=\"lazy\" loading=\"lazy\" data-src=\"https:\/\/static.eldiario.es\/clip\/066cc309-63fc-4772-9669-50cdb99928d5_16-9-aspect-ratio_default_0.jpg\" src=\"data:image\/svg+xml,%3Csvg xmlns=\" http:=\"\" viewbox=\"0 0 880 495\" alt=\"El especial Halloween de 'First Dates' acab\u00f3 con Caperucita comi\u00e9ndose al Lobo\"\/><\/p>\n<p>                        <\/a><\/p>\n<p class=\"article-text\">\n        Seg\u00fan la plataforma, el primer episodio de la serie, estrenado el pasado 26 de octubre, acumul\u00f3 <strong>5,7 millones de espectadores en tres d\u00edas<\/strong>. Es su tercer estreno m\u00e1s visto, solo por detr\u00e1s de La casa del drag\u00f3n y The last of us.\n    <\/p>\n<p class=\"article-text\">\n        No obstante, conviene hacer dos matizaciones importantes: por un lado, este dato se registr\u00f3 en territorio estadounidense, as\u00ed que todav\u00eda se desconoce qu\u00e9 acogida ha tenido en otros pa\u00edses; por otro, la audiencia se calcul\u00f3 al sumar la emisi\u00f3n lineal de HBO y el streaming de HBO Max. Adem\u00e1s, las cifras de audiencia de las plataformas son siempre una inc\u00f3gnita ya que<strong> no est\u00e1n auditadas por organismos independientes<\/strong>.\n    <\/p>\n<p class=\"article-text\">\n        En cualquier caso, desde HBO Max sacan m\u00fasculo ante el debut de su nueva serie y tratar\u00e1n de potenciarla al m\u00e1ximo.\n    <\/p>\n<p>    <a href=\"https:\/\/www.eldiario.es\/vertele\/analisis\/dime-tu-nombre-serie-terror-amazon-prime-video-michelle-jenner-dario-grandinetti-elena-rivera_1_12728124.html\" data-mrf-recirculation=\"saber-mas-abajo\" data-dl-event=\"saber-mas-abajo\" rel=\"nofollow noopener\" target=\"_blank\"><\/p>\n<p class=\"know-more__title\">&#8216;Dime tu nombre&#8217;: la nueva serie de Prime Video aterra con su met\u00e1fora sobre los demonios de nuestra sociedad<\/p>\n<p>            <img decoding=\"async\" class=\"lazy\" loading=\"lazy\" data-src=\"https:\/\/static.eldiario.es\/clip\/0858f990-71ed-4bf5-845f-2509681923c4_16-9-aspect-ratio_default_0.jpg\" src=\"data:image\/svg+xml,%3Csvg xmlns=\" http:=\"\" viewbox=\"0 0 880 495\" alt=\"'Dime tu nombre': la nueva serie de Prime Video aterra con su met\u00e1fora sobre los demonios de nuestra sociedad\"\/><\/p>\n<p>                        <\/a><\/p>\n<p class=\"article-text\">\n        De hecho, la plataforma se ha saltado su propio calendario para dar m\u00e1s protagonismo al siniestro payaso de IT. El segundo cap\u00edtulo de la serie <strong>se ha estrenado este viernes 31 de octubre<\/strong> (estaba previsto para el lunes) para coincidir con la noche de <strong>Halloween<\/strong>. Sus pr\u00f3ximos cap\u00edtulos (seis en total) ir\u00e1n estren\u00e1ndose semana a semana en la jornada del lunes.\n    <\/p>\n","protected":false},"excerpt":{"rendered":"Adem\u00e1s de ser una de las series m\u00e1s terror\u00edficas del a\u00f1o, IT: Welcome to Derry se ha convertido&hellip;\n","protected":false},"author":2,"featured_media":211216,"comment_status":"","ping_status":"","sticky":false,"template":"","format":"standard","meta":{"footnotes":""},"categories":[171],"tags":[4294,57132,146,147,25,24,3526,22802,47722,23,214,57131],"class_list":{"0":"post-211215","1":"post","2":"type-post","3":"status-publish","4":"format-standard","5":"has-post-thumbnail","7":"category-tv","8":"tag-audiencia","9":"tag-capitulo-2","10":"tag-entertainment","11":"tag-entretenimiento","12":"tag-es","13":"tag-espana","14":"tag-hbo-max","15":"tag-it","16":"tag-series-terror","17":"tag-spain","18":"tag-tv","19":"tag-welcome-to-derry"},"share_on_mastodon":{"url":"https:\/\/pubeurope.com\/@es\/115470049133448604","error":""},"_links":{"self":[{"href":"https:\/\/www.europesays.com\/es\/wp-json\/wp\/v2\/posts\/211215","targetHints":{"allow":["GET"]}}],"collection":[{"href":"https:\/\/www.europesays.com\/es\/wp-json\/wp\/v2\/posts"}],"about":[{"href":"https:\/\/www.europesays.com\/es\/wp-json\/wp\/v2\/types\/post"}],"author":[{"embeddable":true,"href":"https:\/\/www.europesays.com\/es\/wp-json\/wp\/v2\/users\/2"}],"replies":[{"embeddable":true,"href":"https:\/\/www.europesays.com\/es\/wp-json\/wp\/v2\/comments?post=211215"}],"version-history":[{"count":0,"href":"https:\/\/www.europesays.com\/es\/wp-json\/wp\/v2\/posts\/211215\/revisions"}],"wp:featuredmedia":[{"embeddable":true,"href":"https:\/\/www.europesays.com\/es\/wp-json\/wp\/v2\/media\/211216"}],"wp:attachment":[{"href":"https:\/\/www.europesays.com\/es\/wp-json\/wp\/v2\/media?parent=211215"}],"wp:term":[{"taxonomy":"category","embeddable":true,"href":"https:\/\/www.europesays.com\/es\/wp-json\/wp\/v2\/categories?post=211215"},{"taxonomy":"post_tag","embeddable":true,"href":"https:\/\/www.europesays.com\/es\/wp-json\/wp\/v2\/tags?post=211215"}],"curies":[{"name":"wp","href":"https:\/\/api.w.org\/{rel}","templated":true}]}}