{"id":211217,"date":"2025-10-31T17:52:14","date_gmt":"2025-10-31T17:52:14","guid":{"rendered":"https:\/\/www.europesays.com\/es\/211217\/"},"modified":"2025-10-31T17:52:14","modified_gmt":"2025-10-31T17:52:14","slug":"dracula-frankestein-o-por-que-el-terror-gotico-sigue-triunfando-pasen-los-siglos-que-pasen","status":"publish","type":"post","link":"https:\/\/www.europesays.com\/es\/211217\/","title":{"rendered":"&#8216;Dr\u00e1cula&#8217;, &#8216;Frankestein&#8217; o por qu\u00e9 el terror g\u00f3tico sigue triunfando pasen los siglos que pasen"},"content":{"rendered":"<p>Hace unos a\u00f1os fue el Joker. En los \u00faltimos,\u00a0dominaba El juego del calamar, con una tem\u00e1tica m\u00e1s de intriga que de terror. Y este 2025, la cartelera, las librer\u00edas y, en general, la cultura popular parece haber vuelto a los ata\u00fades, los castillos, los cementerios y los bosques sombr\u00edos propios del terror g\u00f3tico.<\/p>\n<p>No es casualidad que en estas semanas dos de los estrenos de la temporada lo hayan marcado dos figuras cl\u00e1sicas: la de\u00a0Frankestein, de la mano de Guillermo del Toro <a href=\"https:\/\/www.huffingtonpost.es\/life\/cultura\/el-nuevo-frankenstein-guillermo-toroa-actor-raices-vascas.html\" rel=\"nofollow noopener\" target=\"_blank\">protagonizada por Jacob Elordi<\/a>, en cines desde el pasado 24 de octubre y desde el 7 de noviembre tambi\u00e9n en Netflix; y la de Dr\u00e1cula, de Luc Besson, que se estrenar\u00e1 el pr\u00f3ximo 21 de noviembre.\u00a0<\/p>\n<p>Pero tambi\u00e9n el regreso a las bibliotecas de las obras de Mary Shelley y Bram Stoker: en la peque\u00f1a pantalla con <a href=\"https:\/\/www.huffingtonpost.es\/life\/cultura\/miercoles-vuelveun-mas-oscura-netflix-cambios-reparto-golpe-mesa-jenna-ortega.html\" rel=\"nofollow noopener\" target=\"_blank\">Mi\u00e9rcoles<\/a>;\u00a0en la m\u00fasica, con la \u00faltima gira de <a href=\"https:\/\/www.huffingtonpost.es\/life\/cultura\/lady-gaga-resurge-nueva-triunfa-sabrina-carpenter-ariana-grande-mtv-vma.html\" rel=\"nofollow noopener\" target=\"_blank\">Lady Gaga, The Mayhem Ball<\/a>;\u00a0y en los maquillajes y la moda, con encajes en la ropa y <a href=\"https:\/\/www.huffingtonpost.es\/life\/moda\/los-trucos-maquillador-kim-kardashian-lograr-look-dark-otono.html\" rel=\"nofollow noopener\" target=\"_blank\">tonos oscuros en los ojos como tendencia reina.<\/a><\/p>\n<p>Un regreso a la monstruosidad m\u00e1s cl\u00e1sica que se ha dado tambi\u00e9n en otras figuras como la de Nosferatu de Robert Eggers, con la cinta estrenada el pasado 2024, que revisitaba el cl\u00e1sico del expresionismo alem\u00e1n de 1922 basado en la leyenda folcl\u00f3rica alemana.\u00a0<\/p>\n<p>Sin embargo, para los expertos esto no es casualidad y, aunque admiten que no todas las nuevas producciones son de la misma calidad, creen que hay varios motivos detr\u00e1s de este regreso a lo cl\u00e1sico m\u00e1s all\u00e1 de que son recursos que nunca pasan de moda.<\/p>\n<p>Lo g\u00f3tico en tiempos revueltos<\/p>\n<p>Para Marjorie\u00a0Eljach, directora del <a href=\"https:\/\/www.suigenerismadrid.com\/\" target=\"_blank\" rel=\"nofollow noopener\">festival Sui Generis<\/a> y experta en cultura g\u00f3tica, la vuelta en auge de lo g\u00f3tico puede que se deba a una cuesti\u00f3n puramente psicol\u00f3gica e incluso sociol\u00f3gica. \u00abQuiz\u00e1 se deba a la exploraci\u00f3n que el terror g\u00f3tico cl\u00e1sico hace de los miedos m\u00e1s profundos del ser humano. Adem\u00e1s el resurgimiento del g\u00e9nero siempre se ha visto marcado por tiempos de crisis\u00bb, explica a El HuffPost.\u00a0<\/p>\n<p>\u00abLa literatura g\u00f3tica surge como una respuesta a la Ilustraci\u00f3n, y actualmente vemos el resurgimiento a trav\u00e9s de subg\u00e9neros como el g\u00f3tico marxista o el g\u00f3tico andino y el suburbano, que reflejan problemas econ\u00f3micos y sociales haciendo uso de las atm\u00f3sferas y espacios similares a los propuestos en los relatos y novelas originales, pero ajustados a entornos contempor\u00e1neos\u00bb, detalla.<\/p>\n<p><img decoding=\"async\" loading=\"lazy\" src=\"https:\/\/img2.huffingtonpost.es\/files\/image_720\/uploads\/2025\/10\/30\/bela-lugosi-como-dracula-en-1931.jpeg\" width=\"720\" height=\"0\"  data-full-src=\"https:\/\/www.europesays.com\/es\/wp-content\/uploads\/2025\/10\/bela-lugosi-como-dracula-en-1931.jpeg\" \/><\/p>\n<p>            \u00a0<\/p>\n<p>        Bela Lugosi como &#8216;Dr\u00e1cula&#8217; en 1931.Getty Images<\/p>\n<p>Jos\u00e9 Mellinas, director de la web <a href=\"https:\/\/terroracto.com\/\" target=\"_blank\" rel=\"nofollow noopener\">Terror Acto<\/a>, cree que tambi\u00e9n surge como una respuesta a la era m\u00e1s tecnol\u00f3gica y et\u00e9rea que vivimos. \u00abCreo que responde, en parte, a una necesidad de volver a lo tangible, a lo atmosf\u00e9rico. Durante a\u00f1os, el terror ha estado dominado por lo hiperrealista o lo conceptual, por un tipo de cine m\u00e1s psicol\u00f3gico o metanarrativo. Pero el g\u00f3tico, con su textura, su melancol\u00eda y su romanticismo oscuro, supone una forma de miedo que tambi\u00e9n es belleza. Quiz\u00e1 ech\u00e1bamos de menos eso\u00bb, recuerda.<\/p>\n<p>Mellinas lo califica como \u00abun refugio est\u00e9tico en tiempos de ruido digital\u00bb y que eso precisamente atrae al p\u00fablico actual que busca romper con esto y experimentar con sensaciones m\u00e1s artesanales.<\/p>\n<p><img decoding=\"async\" loading=\"lazy\" src=\"https:\/\/img2.huffingtonpost.es\/files\/image_720\/uploads\/2025\/10\/30\/boris-karloff-como-frankestein-en-1931.jpeg\" width=\"720\" height=\"0\"  data-full-src=\"https:\/\/www.europesays.com\/es\/wp-content\/uploads\/2025\/10\/boris-karloff-como-frankestein-en-1931.jpeg\" \/><\/p>\n<p>            \u00a0<\/p>\n<p>        Boris Karloff como &#8216;Frankestein&#8217; en 1931.Getty Images<\/p>\n<p>En ese juego entre la fantas\u00eda y el terror, Eljach apunta que \u00abel g\u00f3tico es m\u00e1s sutil que lo que entendemos como terror al uso\u00bb debido a las met\u00e1foras que utiliza. Algunas de ellas pueden ser los miedos ocultos o lo desconocido a trav\u00e9s de la oscuridad, los traumas o recuerdos reprimidos a trav\u00e9s de los fantasmas o espectros, los vampiros como cr\u00edtica al orden social y a lo prohibido, y las ruinas y castillos sombr\u00edos como s\u00edmbolo de la decadencia.<\/p>\n<p>\u00abEn ese sentido es m\u00e1s profundo porque no requiere del efectismo del terror. No toda historia g\u00f3tica es de terror, pero s\u00ed apunta hacia lo que como humanos nos atormenta\u00bb, explica la experta, que cree que hay un acercamiento desde lo g\u00f3tico a asuntos contempor\u00e1neos.<\/p>\n<p>\u00abEl g\u00f3tico, con su textura, su melancol\u00eda y su romanticismo oscuro, supone una forma de miedo que tambi\u00e9n es belleza\u00bb<\/p>\n<p>Jos\u00e9 Mellinas, director de &#8216;Terror Acto&#8217;<\/p>\n<p>La ola de los remakes en Hollywood y el regreso del Tim Burton m\u00e1s cl\u00e1sico<\/p>\n<p>Aunque hay ficciones g\u00f3ticas de nuevo cu\u00f1o como la pel\u00edcula Sinners o la cinta de 2011 El despertar de los muertos, buena parte de este nuevo auge llega de la mano de remakes de personajes cl\u00e1sicos que quieren devolver a la vida a Bela Lugosi o\u00a0Boris Karloff.\u00a0<\/p>\n<p>Para\u00a0Eljach, aunque opina que es \u00abuna cuesti\u00f3n de gustos\u00bb considera \u00abinnecesario\u00bb el remake de Nosferatu, pero matiza que \u00abes posible que estos directores que crecieron con esas pel\u00edculas sientan la necesidad de revisitarlas y aportar su propia mirada\u00bb.<\/p>\n<p>Mellinas no coincide con Eljach y cree que la reinterpretaci\u00f3n de Eggers tiene una \u00abverdadera intenci\u00f3n de di\u00e1logo con el material original\u00bb y cree que en Hollywood \u00abm\u00e1s que una falta de imaginaci\u00f3n\u00bb, hay una \u00abnecesidad de volver a los mitos de siempre desde una sensibilidad contempor\u00e1nea\u00bb. \u00abNo podemos contar el mismo Dr\u00e1cula de 1931 en 2025, pero s\u00ed podemos preguntarnos qu\u00e9 nos dice hoy sobre el deseo, el control o la soledad. Que lo consigan o no ya es otra cosa\u00bb, explica.\u00a0<\/p>\n<p><img decoding=\"async\" loading=\"lazy\" src=\"https:\/\/img2.huffingtonpost.es\/files\/image_720\/uploads\/2025\/10\/30\/imagen-de-dracula-a-love-tale-de-luc-besson.jpeg\" width=\"720\" height=\"0\"  data-full-src=\"https:\/\/www.europesays.com\/es\/wp-content\/uploads\/2025\/10\/imagen-de-dracula-a-love-tale-de-luc-besson.jpeg\" \/><\/p>\n<p>            \u00a0<\/p>\n<p>        Imagen de &#8216;Dr\u00e1cula: a love tale&#8217;, de Luc Besson.Canal +<\/p>\n<p>Para la experta, el terror g\u00f3tico va mucho m\u00e1s all\u00e1 de una est\u00e9tica y tiene mucho que ver con \u00abel tono y el tipo de historia que se cuentan\u00bb. \u00abFavorece la introspecci\u00f3n, los dilemas morales, el peso de la culpa o la herencia maldita. Todo eso influye en los nuevos relatos de terror, que creo que est\u00e1n recuperando una dimensi\u00f3n m\u00e1s emocional y menos dependiente del susto o del llamado shock value\u00bb.<\/p>\n<p>\u00abFavorece la introspecci\u00f3n, los dilemas morales, el peso de la culpa o la herencia maldita. Todo eso influye en los nuevos relatos de terror, que creo que est\u00e1n recuperando una dimensi\u00f3n m\u00e1s emocional\u00bb<\/p>\n<p>Marjorie Eljach, directora del festival Sui Generis y experta en cultura g\u00f3tica<\/p>\n<p>\u00abLas tramas al final siempre son las mismas: lo que nos atormenta, los fantasmas, la muerte, los miedos at\u00e1vicos, etc. Lo que var\u00eda es la forma de narrar. La cuesti\u00f3n es si esas formas de narrar se hacen con gracia y son un acierto o un desprop\u00f3sito, pero all\u00ed ya entramos en el territorio sagrado del &#8216;gusto personal\u00bb, argumenta Eljach.<\/p>\n<p>Aunque la cultura g\u00f3tica siempre ha estado asociada a lo \u00abmarginal\u00bb o lo \u00abextra\u00f1o\u00bb, como ha utilizado Lady Gaga a sus monstruos en su discurso a lo largo de pr\u00e1cticamente toda su producci\u00f3n, y especialmente en esta \u00faltima gira, algunos fen\u00f3menos pop mainstream hacen que se vuelvan populares.<\/p>\n<p><img decoding=\"async\" loading=\"lazy\" src=\"https:\/\/img2.huffingtonpost.es\/files\/image_720\/uploads\/2025\/10\/30\/fotograma-de-frankestein-de-guillermo-del-toro.jpeg\" width=\"720\" height=\"0\"  data-full-src=\"https:\/\/www.europesays.com\/es\/wp-content\/uploads\/2025\/10\/fotograma-de-frankestein-de-guillermo-del-toro.jpeg\" \/><\/p>\n<p>            \u00a0<\/p>\n<p>        Fotograma de &#8216;Frankestein&#8217; de Guillermo del Toro.Netflix<\/p>\n<p>Muestra de ello es que Mi\u00e9rcoles, la serie de Tim Burton para Netflix protagonizada por Jenna Ortega, se haya convertido en todo un fen\u00f3meno que haya situado su vestuario como uno de los disfraces estrella para este Halloween.\u00a0<\/p>\n<p>\u00abCon todo, la serie ha ayudado a reabrir la puerta a una sensibilidad g\u00f3tica m\u00e1s pop, m\u00e1s accesible. Ha recordado al p\u00fablico joven que lo oscuro tambi\u00e9n puede ser elegante, divertido y profundamente humano\u00bb, explica Mellinas. \u00abEsa est\u00e9tica, que combina lo siniestro con lo sentimental, est\u00e1 impregnando tanto la moda como las producciones audiovisuales y tambi\u00e9n forma parte del legado de Burton\u00bb, se\u00f1ala el experto.<\/p>\n<p>Eljach recuerda que \u00abBurton tiene una est\u00e9tica muy personal influenciada por el expresionismo alem\u00e1n y el cine de terror cl\u00e1sico\u00bb y que su cine ha marcado impronta en la cultura popular y, especialmente, en la ilustraci\u00f3n. \u00abMuchos ilustradores actuales se inspiran en su obra que a su vez est\u00e1 influenciada por Edward Gorey\u00bb, recuerda la directora de Sui Generis.<\/p>\n<p><img decoding=\"async\" loading=\"lazy\" src=\"https:\/\/img2.huffingtonpost.es\/files\/image_720\/uploads\/2025\/08\/06\/jenna-ortega-como-miercoles-en-un-fotograma-de-la-serie-de-netflix.jpeg\" width=\"720\" height=\"0\"  data-full-src=\"https:\/\/www.europesays.com\/es\/wp-content\/uploads\/2025\/10\/jenna-ortega-como-miercoles-en-un-fotograma-de-la-serie-de-netflix.jpeg\" \/><\/p>\n<p>            \u00a0<\/p>\n<p>        Jenna Ortega como Mi\u00e9rcoles en un fotograma de la serie de Netflix.Netflix<\/p>\n<p>Del terror cotidiano al body horror basado en la Cenicienta: las recomendaciones g\u00f3ticas de este Halloween<\/p>\n<p>Al preguntar a ambos especialistas sobre una cinta de esta temporada, Mellinas destaca el remake de Frankestein de Del Toro. Pero tambi\u00e9n otras producciones independientes, que \u00abexploran esa melancol\u00eda rom\u00e1ntica desde lo cotidiano, y creo que ah\u00ed est\u00e1 el verdadero pulso del g\u00e9nero en esta temporada de Halloween: en volver a sentir el terror como algo hermoso y tr\u00e1gico a la vez\u00bb.\u00a0<\/p>\n<p>Aunque en este caso se trata de un cl\u00e1sico revisitado, Eljach apuesta por La hermanastra fea,\u00a0de Emilie Blichfeldt: \u00abEs una historia de terror g\u00f3tico con tintes de body horror que me ha fascinado porque cuenta la historia de Cenicienta desde el punto de vista de las hermanastras, y apunta claramente a temas como la insatisfacci\u00f3n con el propio cuerpo y la necesidad de cumplir con est\u00e1ndares de belleza impuestos por la sociedad, lo cual es uno de los terrores m\u00e1s comunes en la \u00e9poca actual\u00bb.<\/p>\n<p>Siguiendo con esta visi\u00f3n feminista y actual tambi\u00e9n de los cl\u00e1sicos, el director de Terror Acto recomienda no perderse el pr\u00f3ximo 2026 la \u00abintimista\u00bb \u00a1La novia! de Maggie\u00a0 Gyllenhaal, que revisita el cl\u00e1sico La novia de Frankestein.<\/p>\n","protected":false},"excerpt":{"rendered":"Hace unos a\u00f1os fue el Joker. En los \u00faltimos,\u00a0dominaba El juego del calamar, con una tem\u00e1tica m\u00e1s de&hellip;\n","protected":false},"author":2,"featured_media":211218,"comment_status":"","ping_status":"","sticky":false,"template":"","format":"standard","meta":{"footnotes":""},"categories":[169],"tags":[177,21812,146,147,25,24,176,45315,175,753,23,6667],"class_list":{"0":"post-211217","1":"post","2":"type-post","3":"status-publish","4":"format-standard","5":"has-post-thumbnail","7":"category-cine","8":"tag-cine","9":"tag-dracula","10":"tag-entertainment","11":"tag-entretenimiento","12":"tag-es","13":"tag-espana","14":"tag-film","15":"tag-halloween","16":"tag-movies","17":"tag-peliculas","18":"tag-spain","19":"tag-terror"},"share_on_mastodon":{"url":"https:\/\/pubeurope.com\/@es\/115470057415977440","error":""},"_links":{"self":[{"href":"https:\/\/www.europesays.com\/es\/wp-json\/wp\/v2\/posts\/211217","targetHints":{"allow":["GET"]}}],"collection":[{"href":"https:\/\/www.europesays.com\/es\/wp-json\/wp\/v2\/posts"}],"about":[{"href":"https:\/\/www.europesays.com\/es\/wp-json\/wp\/v2\/types\/post"}],"author":[{"embeddable":true,"href":"https:\/\/www.europesays.com\/es\/wp-json\/wp\/v2\/users\/2"}],"replies":[{"embeddable":true,"href":"https:\/\/www.europesays.com\/es\/wp-json\/wp\/v2\/comments?post=211217"}],"version-history":[{"count":0,"href":"https:\/\/www.europesays.com\/es\/wp-json\/wp\/v2\/posts\/211217\/revisions"}],"wp:featuredmedia":[{"embeddable":true,"href":"https:\/\/www.europesays.com\/es\/wp-json\/wp\/v2\/media\/211218"}],"wp:attachment":[{"href":"https:\/\/www.europesays.com\/es\/wp-json\/wp\/v2\/media?parent=211217"}],"wp:term":[{"taxonomy":"category","embeddable":true,"href":"https:\/\/www.europesays.com\/es\/wp-json\/wp\/v2\/categories?post=211217"},{"taxonomy":"post_tag","embeddable":true,"href":"https:\/\/www.europesays.com\/es\/wp-json\/wp\/v2\/tags?post=211217"}],"curies":[{"name":"wp","href":"https:\/\/api.w.org\/{rel}","templated":true}]}}