{"id":211221,"date":"2025-10-31T17:54:16","date_gmt":"2025-10-31T17:54:16","guid":{"rendered":"https:\/\/www.europesays.com\/es\/211221\/"},"modified":"2025-10-31T17:54:16","modified_gmt":"2025-10-31T17:54:16","slug":"alrededor-de-7-500-ourensanos-padecen-psoriasis-el-30-en-grado-moderado-o-grave-la-voz-de-galicia","status":"publish","type":"post","link":"https:\/\/www.europesays.com\/es\/211221\/","title":{"rendered":"Alrededor de 7.500 ourensanos padecen psoriasis, el 30 % en grado moderado o grave &#8211; La Voz de Galicia"},"content":{"rendered":"<ol>\n<li><a href=\"https:\/\/news.google.com\/rss\/articles\/CBMi4gFBVV95cUxQZkUzZkppQlFoQ2xzMTlTTnVRM1QwNmVJbktSY3EwZXRiaHdNeTRkWXZTNV90WVhGbTY5U1VEcldNdkdCUjkyYVJKMU9ZY3N4WU9GZ3AxbDljQlAxNnBJelk3UF9MVC1hSUJTQkVlYXFsSDdvZE9XcFRVMFlOVlFWNWNiMGNOWUl3M1Z3d2JkTVlNWjE3cjhiZlRjUWcyaVBzRm81LVQwVWhMUDlGSlBtYWlQT0hiczBOaHkzVFNONndrczVMb2t1eTlfaXdDVTc3RF9rbl9xRlpVaTBFQVM0MTFR0gH-AUFVX3lxTE1sek1ZTWxmY0dDTXQ0czcwZjZpbFV5UmJJWWEydHp4SkhmN0c4Uzl4dHlOYTRyMDZOMXU0b1FSXzNZR0RYdVVPZFRzcW1wbFNkRlY2eWRwNlJ6OUhWS3FZbnlnd05QUHlQSUhRX2RNYm1PRUlWdUlKN3RQanY1TmNqSTNINEQtZUV5TzVwVFNWVzdwWmNvWXcwa2NqODVweHoxNE5UVGhHS1BTaVBVNWFobWR1VURpVTRxb0xSUVlMYU1Vb1RMc0ZKZ3lZcGlBRXRRWERrT0NZTnNOODdvR2xzUHhWeTA4RUdJVlJxaWFXVEpBRlN6aUh5YlcxUFdR?oc=5\" target=\"_blank\" rel=\"nofollow noopener\">Alrededor de 7.500 ourensanos padecen psoriasis, el 30 % en grado moderado o grave<\/a>&nbsp;&nbsp;La Voz de Galicia<\/li>\n<li><a href=\"https:\/\/news.google.com\/rss\/articles\/CBMi6gFBVV95cUxPQ3NYNS1oOUo4Q0FYbDFfYVd5NXNrMlA1LVd4NGQ1eGtvRzgxR0ZIVWZVNFlSWk1majhrb2c4TGRGNFFfdFVMNE9qWTVNbXJGZ2ZpT2NkZ3czWERDYkt2UHMxdDlPN28tSTRwWUZ5R3pHdEROaXRSN0xwS1F1UjVWUDJMY09HdENucGhEcF8tcGFwS1Nwd3hHTUFqRzhlQzN2RVY2LUNpOTgwTVBYR0ZIVGxDdTRucHIzdXNtY1M5X2lsTnpNUGlvLURtMzNESVkwZTZpVFdmLTdTSGNkTHdPV2lsdkNpWHZrbEHSAe8BQVVfeXFMUEVSdm9MczdFNXFCQW9ON2g0cU10WGcyUXlMNXRnZ29Cd3l6QURwNlN5M0VNbFgxbllBOFZJeXY5dWgxOW5Rc3dZc0loVmRXc25jMTQ0cVdpWGd4ZzUzMlZCOExtSnVqbXVSVXpkOWhLQmt5NXhjX0E5TzNFRHpMbnZlOENsTUZZZkhfbEhsOXAzUkZjaFZpWlVmdHVMcVRLa3N2Z29FU0p4aEF3d0EwTHBrT1h6aDRMb084UTBzS0gwRWVsYzVRSEpQbEpmVTE1aGcwQTFvdV9TZlVHZ3ZFZEZJa2tESXVnUWM4T2RmeXM?oc=5\" target=\"_blank\" rel=\"nofollow noopener\">Arranca la campa\u00f1a &#8216;Psomos Inconformistas&#8217; para dar voz a los pacientes que desaf\u00edan la psoriasis<\/a>&nbsp;&nbsp;La Vanguardia<\/li>\n<li><a href=\"https:\/\/news.google.com\/rss\/articles\/CBMiiAFBVV95cUxPZjBoVmxmQ053TFFjZHVUVHYxd1o4VU9KTU1FLVFnMnc4RUZyc0oydlA2dXZMWEpIMFR0VHpLU3p1U2JIdkRXSndRUEpPenFEUk1PcF9uLVdBZWVFVEc2YmphbHFVWkJLU2tQdjZ1dDFZb2NjbkpLNG5NT0d3WG03TWJfcjVXQnZw?oc=5\" target=\"_blank\" rel=\"nofollow noopener\">La psoriasis, una enfermedad que va m\u00e1s all\u00e1 de la piel<\/a>&nbsp;&nbsp;La Regi\u00f3n<\/li>\n<li><a href=\"https:\/\/news.google.com\/rss\/articles\/CBMiygFBVV95cUxQR3g2d0xWZmFvYUZlQXEzVk9iU3hzcW5fak5zVFFQLVdramlILTJEaTJKaTR1RWl1emhKb3lsMjF4cW05NGtVWHFYZDdSc00yQnYzTmJ4VjNMVl9ob1U3SDdtQTQ1NXhuLW1CWVJCSzI1N3RYVEZraTlBZ2RSZUtNdDJ3ZWVGRTBuS1BYNFpPcU80dGpub0VDMmE0OXE2U25rT2JNU3o1a2poUWZMX2hqRXV2eE5WZzBzSjJTd2VNcGVrVURXRlkxS2Vn0gHPAUFVX3lxTFBhRldOVEs3clhoWXZ0Vy1fdVlYOE1ZR2FuenBtM3hHQjRDMU9lMWgzbGxlM1MyNEI2S1Y0bmdyd1hvNktJOUs0NnpyTTJIMEFIM2E4aDNNUm9hbzFkOU1MWEYxYUVmR0FmSFZEeWpyU3lMengyQjJIZ3cxTU1yV21nbjZNTGNvMFkwR1Q0SGVVaXNUbHNrNnBZNGF1TDFlYUlMWTdDZ0xlMjcxNWNNMHdzWGxTUkFMTzYzUzdSVmVkODA0SkxxNXlveFNKcTJsWQ?oc=5\" target=\"_blank\" rel=\"nofollow noopener\">D\u00eda internacional de la psoriasis, la enfermedad autoinmune que m\u00e1s afecta a la piel y a la autoestima<\/a>&nbsp;&nbsp;Mujerhoy<\/li>\n<li><a href=\"https:\/\/news.google.com\/rss\/articles\/CBMizwFBVV95cUxPUFRiUHR1UE1kQUc0Y1JXT1kxMnJXSnotdER5c19raTJXQ0QydVN0WUxlUW1hZzRKUmNJSFpxeEdvMFRVS295VGFIOEx6ZjRuYWM4a1cxaDNSWTNydHFlUEFRZXdPcDZlVVRSajViNjhhQ3dJenNZMEd2V3RhcFBNMmFtYzB6VWlrWTQyRF9QMWVQV3ViUXp1X1lReVJ2NGpjYWRfYTlDOHJlV2Z5RVZIS29IaEthai1jY2VtU3ZkY0RYUmRvRG96QnFMSEhtTXPSAdQBQVVfeXFMUDlVY3lycUhlY3RReXFhRkY1U244RkZOckpfRDRxc2pyOUNBeENVcG9FRlk5T3NVTTRBa0xYZmI0TGZuNU5FTFlNQ2VVWmtDX0lvRmY0NERIOVRic2pYQzBvRDl5OC13RloxSlpXRWRTQUNWeUNXNnFPSDQ2S3hrSXZCXzRFdDdlQndBRGVMZzlwSkE3eEVJcU43ZTdQT0hTSGpFTlNacmVMaWZFOEFLUHk1RFZZbEwzTjlZVVRtVExrVGRlanpxOEpocmJMVDQ2QWRDRmE?oc=5\" target=\"_blank\" rel=\"nofollow noopener\">Psoriasis, m\u00e1s all\u00e1 de la piel: c\u00f3mo evitar el efecto domin\u00f3, y la diferencia clave que puede cambiar el pron\u00f3stico<\/a>&nbsp;&nbsp;Clarin.com<\/li>\n<\/ol>\n","protected":false},"excerpt":{"rendered":"Alrededor de 7.500 ourensanos padecen psoriasis, el 30 % en grado moderado o grave&nbsp;&nbsp;La Voz de Galicia Arranca&hellip;\n","protected":false},"author":2,"featured_media":211222,"comment_status":"","ping_status":"","sticky":false,"template":"","format":"standard","meta":{"footnotes":""},"categories":[92],"tags":[4807,25,24,165,5693,2386,166,23],"class_list":{"0":"post-211221","1":"post","2":"type-post","3":"status-publish","4":"format-standard","5":"has-post-thumbnail","7":"category-salud","8":"tag-diabetes","9":"tag-es","10":"tag-espana","11":"tag-health","12":"tag-obesidad","13":"tag-psoriasis","14":"tag-salud","15":"tag-spain"},"share_on_mastodon":{"url":"https:\/\/pubeurope.com\/@es\/115470064921738571","error":""},"_links":{"self":[{"href":"https:\/\/www.europesays.com\/es\/wp-json\/wp\/v2\/posts\/211221","targetHints":{"allow":["GET"]}}],"collection":[{"href":"https:\/\/www.europesays.com\/es\/wp-json\/wp\/v2\/posts"}],"about":[{"href":"https:\/\/www.europesays.com\/es\/wp-json\/wp\/v2\/types\/post"}],"author":[{"embeddable":true,"href":"https:\/\/www.europesays.com\/es\/wp-json\/wp\/v2\/users\/2"}],"replies":[{"embeddable":true,"href":"https:\/\/www.europesays.com\/es\/wp-json\/wp\/v2\/comments?post=211221"}],"version-history":[{"count":0,"href":"https:\/\/www.europesays.com\/es\/wp-json\/wp\/v2\/posts\/211221\/revisions"}],"wp:featuredmedia":[{"embeddable":true,"href":"https:\/\/www.europesays.com\/es\/wp-json\/wp\/v2\/media\/211222"}],"wp:attachment":[{"href":"https:\/\/www.europesays.com\/es\/wp-json\/wp\/v2\/media?parent=211221"}],"wp:term":[{"taxonomy":"category","embeddable":true,"href":"https:\/\/www.europesays.com\/es\/wp-json\/wp\/v2\/categories?post=211221"},{"taxonomy":"post_tag","embeddable":true,"href":"https:\/\/www.europesays.com\/es\/wp-json\/wp\/v2\/tags?post=211221"}],"curies":[{"name":"wp","href":"https:\/\/api.w.org\/{rel}","templated":true}]}}