{"id":211223,"date":"2025-10-31T17:55:08","date_gmt":"2025-10-31T17:55:08","guid":{"rendered":"https:\/\/www.europesays.com\/es\/211223\/"},"modified":"2025-10-31T17:55:08","modified_gmt":"2025-10-31T17:55:08","slug":"70-edicion-de-la-seminci","status":"publish","type":"post","link":"https:\/\/www.europesays.com\/es\/211223\/","title":{"rendered":"70 edici\u00f3n de la Seminci"},"content":{"rendered":"<p>Hoy El ojo cr\u00edtico se desplaza a Valladolid para asistir a la 70 edici\u00f3n de la SEMINCI. Nos acompa\u00f1a su director, Jos\u00e9 Luis Cienfuegos. Tambi\u00e9n Mia Hansen L\u00f8ve, directora francesa que ha ganado la Espiga de Honor. David Trueba y David Verdaguer nos presentan Siempre es invierno, que clausura el Festival. Y viajamos a Yakarta, la nueva serie protagonizada por Javier C\u00e1mara.<\/p>\n","protected":false},"excerpt":{"rendered":"Hoy El ojo cr\u00edtico se desplaza a Valladolid para asistir a la 70 edici\u00f3n de la SEMINCI. Nos&hellip;\n","protected":false},"author":2,"featured_media":211224,"comment_status":"","ping_status":"","sticky":false,"template":"","format":"standard","meta":{"footnotes":""},"categories":[91],"tags":[57133,8519,146,147,25,24,133,1448,1986,1987,23],"class_list":{"0":"post-211223","1":"post","2":"type-post","3":"status-publish","4":"format-standard","5":"has-post-thumbnail","7":"category-entretenimiento","8":"tag-70-edicion-de-la-seminci","9":"tag-el-ojo-critico","10":"tag-entertainment","11":"tag-entretenimiento","12":"tag-es","13":"tag-espana","14":"tag-online","15":"tag-radio","16":"tag-rne","17":"tag-rtve-play","18":"tag-spain"},"share_on_mastodon":{"url":"https:\/\/pubeurope.com\/@es\/115470068799647398","error":""},"_links":{"self":[{"href":"https:\/\/www.europesays.com\/es\/wp-json\/wp\/v2\/posts\/211223","targetHints":{"allow":["GET"]}}],"collection":[{"href":"https:\/\/www.europesays.com\/es\/wp-json\/wp\/v2\/posts"}],"about":[{"href":"https:\/\/www.europesays.com\/es\/wp-json\/wp\/v2\/types\/post"}],"author":[{"embeddable":true,"href":"https:\/\/www.europesays.com\/es\/wp-json\/wp\/v2\/users\/2"}],"replies":[{"embeddable":true,"href":"https:\/\/www.europesays.com\/es\/wp-json\/wp\/v2\/comments?post=211223"}],"version-history":[{"count":0,"href":"https:\/\/www.europesays.com\/es\/wp-json\/wp\/v2\/posts\/211223\/revisions"}],"wp:featuredmedia":[{"embeddable":true,"href":"https:\/\/www.europesays.com\/es\/wp-json\/wp\/v2\/media\/211224"}],"wp:attachment":[{"href":"https:\/\/www.europesays.com\/es\/wp-json\/wp\/v2\/media?parent=211223"}],"wp:term":[{"taxonomy":"category","embeddable":true,"href":"https:\/\/www.europesays.com\/es\/wp-json\/wp\/v2\/categories?post=211223"},{"taxonomy":"post_tag","embeddable":true,"href":"https:\/\/www.europesays.com\/es\/wp-json\/wp\/v2\/tags?post=211223"}],"curies":[{"name":"wp","href":"https:\/\/api.w.org\/{rel}","templated":true}]}}