{"id":211268,"date":"2025-10-31T18:29:22","date_gmt":"2025-10-31T18:29:22","guid":{"rendered":"https:\/\/www.europesays.com\/es\/211268\/"},"modified":"2025-10-31T18:29:22","modified_gmt":"2025-10-31T18:29:22","slug":"un-peloton-en-retirada-2","status":"publish","type":"post","link":"https:\/\/www.europesays.com\/es\/211268\/","title":{"rendered":"Un pelot\u00f3n en retirada"},"content":{"rendered":"<p>\n        En oto\u00f1o el sol cae antes, se desprende en el horizonte con la melancol\u00eda de las hojas que planean su descenso desde las alturas de los \u00e1rboles hasta el suelo.\n<\/p>\n<p class=\"article-body__text \">\n        Es el ciclo de la vida, que deja la plenitud de los d\u00edas al sol para arrullarse en los tonos ocres, en los paisajes que mutan, en las chimeneas que lanzan t\u00edmidas bocanadas de humo.\n<\/p>\n<p class=\"article-body__text \">\n        Discurre el r\u00edo de la vida al mar de los recuerdos, a la memoria de lo que fue. Aquello que era cascada, es ahora lago. La quietud tras el frenes\u00ed, los lunes al sol de la jubilaci\u00f3n despu\u00e9s de la adrenalina.\n<\/p>\n<p class=\"article-body__text \">\n        En el ocaso de <strong>2025 <\/strong>se apagan las velas que fueron incendio entre el tintineo de los susurros. En la era digital se despide un ciclismo con deje anal\u00f3gico.\n<\/p>\n<p class=\"article-body__text \">\n        Ciclistas de otro mundo que ven el final de sus carreras en una ecosistema radicalmente distinto al que conocieron. El galope de los tiempos modernos descabalga a un pelot\u00f3n entero.\n<\/p>\n<p>            <a href=\"https:\/\/www.noticiasdegipuzkoa.eus\/ciclismo\/2025\/10\/12\/omar-fraile-jonathan-castroviejo-apagan-10203854.html\" title=\"Omar Fraile y Jonathan Castroviejo apagan las luces\" class=\"new__media\" rel=\"nofollow noopener\" target=\"_blank\"><\/p>\n<p>                <img alt=\"Omar Fraile y Jonathan Castroviejo apagan las luces\" data-src=\"https:\/\/www.europesays.com\/es\/wp-content\/uploads\/2025\/10\/2dc5be89-32c4-4b70-8e00-a6f4c46c47c0_16-9-aspect-ratio_default_0.jpg\" class=\"lozad\"\/><\/p>\n<p>        <\/a><\/p>\n<p>        <a href=\"https:\/\/www.noticiasdegipuzkoa.eus\/ciclismo\/2025\/10\/12\/omar-fraile-jonathan-castroviejo-apagan-10203854.html\" title=\"Omar Fraile y Jonathan Castroviejo apagan las luces\" class=\"new__headline\" rel=\"nofollow noopener\" target=\"_blank\"><br \/>\n            Omar Fraile y Jonathan Castroviejo apagan las luces<br \/>\n        <\/a><\/p>\n<p class=\"article-body__text \">\n        En la despedida se conectan unos cuarenta ciclistas de toda clase y condici\u00f3n. El general <strong>McArthur <\/strong>dec\u00eda que los viejos soldados no mueren, sino que se desvanecen en la lejan\u00eda.\n<\/p>\n<p class=\"article-body__text \">\n        En la distancia se pierden los veteranos<strong> Omar Fraile, Jonathan Castroviejo y V\u00edctor de la Parte<\/strong> tras largas carreras.<strong> Unai Zubeldia<\/strong>, por su parte se ha visto obligado a dejarlo a los 22 a\u00f1os para emprender un camino laboral.\u00a0Alg\u00fan dorsal m\u00e1s entre los ciclistas de Euskal Herria tambi\u00e9n podr\u00eda recogerse.\u00a0\n<\/p>\n<p>            <a href=\"https:\/\/www.noticiasdegipuzkoa.eus\/ciclismo\/2025\/08\/28\/chris-froome-ganador-cuatro-tours-10022450.html\" title=\"Chris Froome, ganador de cuatro Tours, hospitalizado tras sufrir una ca\u00edda entrenando\" class=\"new__media\" rel=\"nofollow noopener\" target=\"_blank\"><\/p>\n<p>                <img alt=\"Chris Froome, ganador de cuatro Tours, hospitalizado tras sufrir una ca\u00edda entrenando\" data-src=\"https:\/\/www.europesays.com\/es\/wp-content\/uploads\/2025\/10\/15f30b4e-9af5-4fd3-ab8d-74c75ed4f01f_16-9-aspect-ratio_default_0_x1983y1339.jpg\" class=\"lozad\"\/><\/p>\n<p>        <\/a><\/p>\n<p>        <a href=\"https:\/\/www.noticiasdegipuzkoa.eus\/ciclismo\/2025\/08\/28\/chris-froome-ganador-cuatro-tours-10022450.html\" title=\"Chris Froome, ganador de cuatro Tours, hospitalizado tras sufrir una ca\u00edda entrenando\" class=\"new__headline\" rel=\"nofollow noopener\" target=\"_blank\"><br \/>\n            Chris Froome, ganador de cuatro Tours, hospitalizado tras sufrir una ca\u00edda entrenando<br \/>\n        <\/a><\/p>\n<p>  Grandes cl\u00e1sicos<\/p>\n<p class=\"article-body__text \">\n        El adi\u00f3s recorre el espinazo del pelot\u00f3n y toca el hombro para acompa\u00f1ar la despedida de uno de los mejores del presente siglo: <strong>Chris Froome<\/strong>, cuatro veces campe\u00f3n del Tour, dos de la Vuelta y una del Giro.\n<\/p>\n<p class=\"article-body__text \">\n        El brit\u00e1nico a\u00fan se recupera del accidente que sufri\u00f3 entrenando en septiembre. La ca\u00edda le provoc\u00f3 un neumot\u00f3rax, la fractura de varias costillas y la rotura de una v\u00e9rtebra.\n<\/p>\n<p class=\"article-body__text \">\n        Si bien no ha anunciado oficialmente su despedida, con 40 a\u00f1os, no parece que pueda volver a competir. Desde su espeluznante ca\u00edda en el reconocimiento de una crono en el <strong>Dauphin\u00e9 <\/strong>de 2019, Froome, que fich\u00f3 despu\u00e9s por el Israel, ha penado por las carreteras persiguiendo un estatus que no recuper\u00f3.\n<\/p>\n<p class=\"article-body__text \">\n        Astillado y reconstruido, Froome nunca se aproxim\u00f3 ni de lejos al excelso nivel que le situ\u00f3 en el centro del universo ciclista. No pudo recuperar esa huella profunda. La decadencia le ha acompa\u00f1ado en los \u00faltimos cursos, convertidos en un calvario.\n<\/p>\n<p class=\"article-body__text \">\n        A su lado, en aquel superlativo Sky, estuvo <strong>Geraint Thomas<\/strong>, que se coron\u00f3 en el Tour de 2018. El gal\u00e9s, tantas veces lugarteniente de Froome, es otra de las figuras del ciclismo que se bate en retirada.\n<\/p>\n<p class=\"article-body__text \">\n        Era el \u00faltimo eslab\u00f3n que un\u00eda el Sky con el Ineos.<strong> Michael Woods<\/strong>, el atleta que se hizo escalador, es otro que baja la persiana.\n<\/p>\n<p class=\"article-body__text \">\n        Otro gran escalador, <strong>Romain Bardet<\/strong>, el que fuera la gran esperanza francesa en la pasada d\u00e9cada, opt\u00f3 por el fundido a negro a mitad de campa\u00f1a.\n<\/p>\n<p class=\"article-body__text \">\n        <strong>Rafal Majka<\/strong>, escudero de Pogacar, espero hasta el final de curso, hasta Il Lombardia, para impulsar al esloveno con un \u00faltimo servicio.\n<\/p>\n<p class=\"article-body__text \">\n        El mismo camino emprende <strong>Louis Meintjens<\/strong>, el sudafricano que peleaba por los puestos honrosos en las grandes carreras.\n<\/p>\n<p class=\"article-photo__footer\">\n            Ewan entra en la meta como ganador de la segunda etapa de la Itzulia 2025.            Javier Bergasa        <\/p>\n<p>  Estupendos velocistas<\/p>\n<p class=\"article-body__text \">\n        Entre los velocistas se baj\u00f3 <strong>Caleb Ewan<\/strong> de manera repentina. The pocket rocket dej\u00f3 varios esprints memorables. El australiano colg\u00f3 la bici despu\u00e9s de triunfar en cinco etapas en el Tour y otras tantas en el Giro hasta sumar 65 en su carrera. Abandon\u00f3 de modo inopinado en abril, tras conquistar la etapa de la <strong>Itzulia <\/strong>con final en Lodosa.\n<\/p>\n<p class=\"article-body__text \">\n        Otro velocista que dej\u00f3 el frenes\u00ed de los esprints fue <strong>Alexander Kristoff<\/strong>. El noruego imprimi\u00f3 su rastro en las llegadas de adrenalina. Obtuvo 98 triunfos, entre ellos un Tour de Flandes y una Mil\u00e1n-San Remo.\n<\/p>\n<p class=\"article-body__text \">\n        <strong>Elia Viviani,<\/strong> otro hombre r\u00e1pido, tambi\u00e9n se arranca el dorsal. Lo mismo que <strong>Arnaud D\u00e9mare<\/strong>, el mejor velocista franc\u00e9s de los \u00faltimos a\u00f1os. Vencedor de la Mil\u00e1n-San Remo, logr\u00f3 dos victorias de etapa en el Tour y ocho en el Giro.\u00a0\n<\/p>\n<p class=\"article-body__text \">\n        Entre quienes trabajaron con fervor en favor de sus l\u00edderes, Tim Declerq, el Tractor, cierra su etapa, al igual que Pieter Serry, otro cl\u00e1sico.\n<\/p>\n<p class=\"article-body__text \">\n        Anthony Perez, Anthony Delaplace, Geoffrey Bouchard y Adrien Petit dejan un hueco entre los franceses. Daniel McLay, Giacomo Nizzolo, Nans Peters y Tosh van der Sande se despiden junto a Kristian Sbaragli o Jimmy Janssens.\n<\/p>\n<p class=\"article-body__text \">\n        Les acompa\u00f1an Gianluca Brambilla, Simone Petilli o Pierre Latour, preso de sus miedos a los descensos tras sufrir varias ca\u00eddas. <strong>Ide Schelling<\/strong> cierra su etapa por problemas derivados de la salud mental.\n<\/p>\n<p class=\"article-body__text \">\n        Todos ellos dejan paso a la voracidad de los ciclistas que son en un cambio de guardia que releva a una generaci\u00f3n que vivi\u00f3 los d\u00edas felices, amargos otros, que marcaron un ciclismo que ahora parece a\u00f1ejo y nost\u00e1lgico. Su tiempo se fue. Un pelot\u00f3n se bate en retirada.<\/p>\n","protected":false},"excerpt":{"rendered":"En oto\u00f1o el sol cae antes, se desprende en el horizonte con la melancol\u00eda de las hojas que&hellip;\n","protected":false},"author":2,"featured_media":209012,"comment_status":"","ping_status":"","sticky":false,"template":"","format":"standard","meta":{"footnotes":""},"categories":[273],"tags":[313,312,168,25,24,4690,1367,23,167],"class_list":{"0":"post-211268","1":"post","2":"type-post","3":"status-publish","4":"format-standard","5":"has-post-thumbnail","7":"category-ciclismo","8":"tag-ciclismo","9":"tag-cycling","10":"tag-deportes","11":"tag-es","12":"tag-espana","13":"tag-peloton","14":"tag-retirada","15":"tag-spain","16":"tag-sports"},"share_on_mastodon":{"url":"https:\/\/pubeurope.com\/@es\/115470202514778858","error":""},"_links":{"self":[{"href":"https:\/\/www.europesays.com\/es\/wp-json\/wp\/v2\/posts\/211268","targetHints":{"allow":["GET"]}}],"collection":[{"href":"https:\/\/www.europesays.com\/es\/wp-json\/wp\/v2\/posts"}],"about":[{"href":"https:\/\/www.europesays.com\/es\/wp-json\/wp\/v2\/types\/post"}],"author":[{"embeddable":true,"href":"https:\/\/www.europesays.com\/es\/wp-json\/wp\/v2\/users\/2"}],"replies":[{"embeddable":true,"href":"https:\/\/www.europesays.com\/es\/wp-json\/wp\/v2\/comments?post=211268"}],"version-history":[{"count":0,"href":"https:\/\/www.europesays.com\/es\/wp-json\/wp\/v2\/posts\/211268\/revisions"}],"wp:featuredmedia":[{"embeddable":true,"href":"https:\/\/www.europesays.com\/es\/wp-json\/wp\/v2\/media\/209012"}],"wp:attachment":[{"href":"https:\/\/www.europesays.com\/es\/wp-json\/wp\/v2\/media?parent=211268"}],"wp:term":[{"taxonomy":"category","embeddable":true,"href":"https:\/\/www.europesays.com\/es\/wp-json\/wp\/v2\/categories?post=211268"},{"taxonomy":"post_tag","embeddable":true,"href":"https:\/\/www.europesays.com\/es\/wp-json\/wp\/v2\/tags?post=211268"}],"curies":[{"name":"wp","href":"https:\/\/api.w.org\/{rel}","templated":true}]}}