{"id":211271,"date":"2025-10-31T18:32:15","date_gmt":"2025-10-31T18:32:15","guid":{"rendered":"https:\/\/www.europesays.com\/es\/211271\/"},"modified":"2025-10-31T18:32:15","modified_gmt":"2025-10-31T18:32:15","slug":"12-minutos-para-saltar-de-pantalla","status":"publish","type":"post","link":"https:\/\/www.europesays.com\/es\/211271\/","title":{"rendered":"12 minutos para saltar de pantalla"},"content":{"rendered":"<p class=\"ft-text\"><strong>Los 12 minutos que jug\u00f3 Dani Rodr\u00edguez en el \u00faltimo partido liguero del Bar\u00e7a Atl\u00e8tic son los m\u00e1s extra\u00f1os de su carrera en la cantera blaugrana.<\/strong> El de Astigarraga arranc\u00f3 el partido como titular en una delantera que completaban sama Nomoko y \u00d3scar Ure\u00f1a. Dani part\u00eda como extremo izquierdo puro.<\/p>\n<p class=\"ft-text\">El &#8216;7&#8217; blaugrana arranc\u00f3 muy enchufado y en los primeros instantes fue el gran protagonista del encuentro. Una buena presi\u00f3n, un pase impreciso y un buen control fueron el preludio al primer gol en el que Dani interviene de manera determinante.<\/p>\n<p class=\"ft-text\"><strong>El extremo blaugrana est\u00e1 bien posicionado enganchado a la banda izquierda y estirando el campo hasta que Oduro le env\u00eda un pase largo tenso m\u00e1s que interesante. <\/strong><\/p>\n<p><img decoding=\"async\" src=\"https:\/\/www.europesays.com\/es\/wp-content\/uploads\/2025\/10\/0f211ca9-0697-41b1-b3cc-139301259c0b_alta-libre-aspect-ratio_default_0.jpg\" width=\"1200\" height=\"675\" alt=\"Dani fue titular con el Poblense\" class=\"ft-helper-img-rd\" loading=\"lazy\" hasdataaida=\"true\"\/><\/p>\n<p class=\"ft-helper-fontColor-quaternary ft-helper-fontSize-body-S ft-helper-spacer-t-xxs\">Dani fue titular con el Poblense  \/ FCB<\/p>\n<p class=\"ft-text\">Este env\u00edo para el ex de la Real Sociedad lo aprovecha el delantero blaugrana con una maniobra genial en la que arranca con potencia, supera por velocidad a su marcador y <strong>despu\u00e9s de dejar botar cuatro veces el bal\u00f3n engancha un centro impecable para Ure\u00f1a. <\/strong><\/p>\n<p class=\"ft-text\"><strong>El ampurdan\u00e9s remata al primer palo aprovechando un servicio impecable <\/strong>de Dani que certificaba su primera asistencia del curso. Era la tercera titularidad y el sexto partido del extremo zurdo en la segunda Federaci\u00f3n y parec\u00eda que todo funcionaba a las mil maravillas.<\/p>\n<p class=\"ft-text\">Dos minutos despu\u00e9s el portero Emilio Bernad lo busca con un pase largo al que Dani no puede llegar ya que su gran desmarque es insuficiente ante el env\u00edo excesivamente directo del guardameta.<\/p>\n<p><img decoding=\"async\" src=\"https:\/\/www.europesays.com\/es\/wp-content\/uploads\/2025\/10\/6fca5af2-6430-4072-b3c9-274b643d16bf_alta-libre-aspect-ratio_default_0.jpg\" width=\"1200\" height=\"675\" alt=\"Dani es un extremo prodigioso\" class=\"ft-helper-img-rd\" loading=\"lazy\" hasdataaida=\"true\"\/><\/p>\n<p class=\"ft-helper-fontColor-quaternary ft-helper-fontSize-body-S ft-helper-spacer-t-xxs\">Dani es un extremo prodigioso  \/ FCB<\/p>\n<p class=\"ft-text\">Un minuto despu\u00e9s vuelve a entrar en juego Dani que es alimentado por Oduro y busca aprovechar su gran confianza para seguir desequilibrando.<strong> <\/strong><\/p>\n<p class=\"ft-text\"><strong>Cambio de ritmo del extremo de Astigarraga con el que supera al lateral del Poblense que se ve obligado a bloquear el centro peligroso del 7 blaugrana.<\/strong> C\u00f3rner forzado que curiosamente va a ser nefasto para los intereses de dani y del Bar\u00e7a.<\/p>\n<p class=\"ft-text\">El filial blaugrana no acierta en el saque de esquina y en la contra del conjunto balear Joan Anaya acaba cometiendo una falta que le cuesta la expulsi\u00f3n. Adem\u00e1s de quedarse con 10, el Bar\u00e7a Atl\u00e8tic recibe el empate en la falta posterior a la acci\u00f3n de Anaya.<\/p>\n<p><img decoding=\"async\" src=\"https:\/\/www.europesays.com\/es\/wp-content\/uploads\/2025\/10\/0c24bdb3-dd88-4899-8b20-7c008e882a9e_alta-libre-aspect-ratio_default_0.jpg\" width=\"1200\" height=\"675\" alt=\"Dani Rodr\u00edguez es un extremo de un futuro enorme\" class=\"ft-helper-img-rd\" loading=\"lazy\" hasdataaida=\"true\"\/><\/p>\n<p class=\"ft-helper-fontColor-quaternary ft-helper-fontSize-body-S ft-helper-spacer-t-xxs\">Dani Rodr\u00edguez es un extremo de un futuro enorme  \/ FCB<\/p>\n<p class=\"ft-text\">Belletti mueve ficha y decide reequilibrar el equipo. Sama est\u00e1 en un momento de forma \u00fanico y Ure\u00f1a es la apuesta para jugar de nueve&#8230;Con todo, el sacrificado es Dani Rodr\u00edguez que es reemplazado por Mbacke.<\/p>\n<p class=\"ft-text\"><strong>El extremo izquierdo de 20 a\u00f1os ha vivido los 12 minutos m\u00e1s surrealistas de su corta carrera. Lo ha hecho todo bien pero ha sido v\u00edctima de las circunstancias.<\/strong><\/p>\n<p class=\"ft-text\">Su cara refleja una mezcla de impotencia y resignaci\u00f3n. El partido se disput\u00f3 el domingo y con el paso de las horas y los d\u00edas Dani ha podido centrarse en el siguiente reto.<\/p>\n<p><img decoding=\"async\" src=\"https:\/\/www.europesays.com\/es\/wp-content\/uploads\/2025\/10\/8da993fd-a919-4da4-b7ef-700235556079_alta-libre-aspect-ratio_default_0.jpg\" width=\"1200\" height=\"675\" alt=\"Dani Rodr\u00edguez es un extremo explosivo\" class=\"ft-helper-img-rd\" loading=\"lazy\" hasdataaida=\"true\"\/><\/p>\n<p class=\"ft-helper-fontColor-quaternary ft-helper-fontSize-body-S ft-helper-spacer-t-xxs\">Dani Rodr\u00edguez es un extremo explosivo  \/ FCB<\/p>\n<p class=\"ft-text\">Tras ocho jornadas de campeonato el &#8216;7&#8217; blaugrana a\u00fan no ha podido completar los 90 minutos de un partido ni estrenarse como goleador.<\/p>\n<p class=\"ft-text\">En el curso pasado sum\u00f3 tres goles y tres asistencias en los 384 minutos que las lesiones le permitieron jugar con el filial. Ahora toca seguir disfrutando de la salud deportiva y entender que si los problemas f\u00edsicos no interfieren Dani va a dar un salto de calidad evidente.<\/p>\n<p><img decoding=\"async\" src=\"https:\/\/www.europesays.com\/es\/wp-content\/uploads\/2025\/10\/6c05190f-aaf2-40f3-a6fe-085827c3cdc6_alta-libre-aspect-ratio_default_0.jpg\" width=\"1200\" height=\"675\" alt=\"Dani Rodr\u00edguez es un portento t\u00e9cnico\" class=\"ft-helper-img-rd\" loading=\"lazy\" hasdataaida=\"true\"\/><\/p>\n<p class=\"ft-helper-fontColor-quaternary ft-helper-fontSize-body-S ft-helper-spacer-t-xxs\">Dani Rodr\u00edguez es un portento t\u00e9cnico  \/ FCB<\/p>\n<p class=\"ft-text\"><strong>El primer paso es convertirse en una pieza clave para Belletti y en Montilivi este domingo (12h) puede ser el d\u00eda. Ante el Girona B y en un campo de Primera Dani pueda explotar todo el potencial inmenso que ya dej\u00f3 entrever en los primeros instantes del partido ante el Poblense.<\/strong><\/p>\n<p class=\"ft-text\">Si Dani logra rendir con continuidad y regularidad Flick puede acordarse en cualquier momento de un futbolista al que ya hizo debutar el pasado curso en Valladolid. Con un Sama Nomoko inmenso en la demarcaci\u00f3n de extremo derecho, Dani puede aprovechar el momento para reivindicarse como un &#8217;11&#8217; de gran presente y enorme futuro.<strong> Con un Raphinha renqueante y un rashford irregular si dani consigue volar, el primer equipo no es una utop\u00eda.<\/strong><\/p>\n<p><img decoding=\"async\" src=\"https:\/\/www.europesays.com\/es\/wp-content\/uploads\/2025\/10\/f6b71a81-c79e-4250-adbb-252cd4ae8951_alta-libre-aspect-ratio_default_0.jpg\" width=\"1200\" height=\"675\" alt=\"Dani Rodr\u00edguez es feliz en el Bar\u00e7a\" class=\"ft-helper-img-rd\" loading=\"lazy\" hasdataaida=\"true\"\/><\/p>\n<p class=\"ft-helper-fontColor-quaternary ft-helper-fontSize-body-S ft-helper-spacer-t-xxs\">Dani Rodr\u00edguez es feliz en el Bar\u00e7a  \/ FCB<\/p>\n<p class=\"ft-text\">Para ello tienen que alinearse los astros por una vez. Las lesiones y un contexto desgraciado como contra el Poblense pueden quedar atr\u00e1s y que por una vez la din\u00e1mica positiva confluya para que el potencial estelar de Dani Rodr\u00edguez Crespo se abra paso. Los 12 minutos m\u00e1s extra\u00f1os tienen que ser una plataforma para saltar de pantalla.<\/p>\n","protected":false},"excerpt":{"rendered":"Los 12 minutos que jug\u00f3 Dani Rodr\u00edguez en el \u00faltimo partido liguero del Bar\u00e7a Atl\u00e8tic son los m\u00e1s&hellip;\n","protected":false},"author":2,"featured_media":211272,"comment_status":"","ping_status":"","sticky":false,"template":"","format":"standard","meta":{"footnotes":""},"categories":[268],"tags":[2296,33069,168,25,24,280,282,281,23,167],"class_list":{"0":"post-211271","1":"post","2":"type-post","3":"status-publish","4":"format-standard","5":"has-post-thumbnail","7":"category-futbol","8":"tag-barca","9":"tag-dani-rodriguez","10":"tag-deportes","11":"tag-es","12":"tag-espana","13":"tag-football","14":"tag-futbol","15":"tag-soccer","16":"tag-spain","17":"tag-sports"},"share_on_mastodon":{"url":"https:\/\/pubeurope.com\/@es\/115470214580175879","error":""},"_links":{"self":[{"href":"https:\/\/www.europesays.com\/es\/wp-json\/wp\/v2\/posts\/211271","targetHints":{"allow":["GET"]}}],"collection":[{"href":"https:\/\/www.europesays.com\/es\/wp-json\/wp\/v2\/posts"}],"about":[{"href":"https:\/\/www.europesays.com\/es\/wp-json\/wp\/v2\/types\/post"}],"author":[{"embeddable":true,"href":"https:\/\/www.europesays.com\/es\/wp-json\/wp\/v2\/users\/2"}],"replies":[{"embeddable":true,"href":"https:\/\/www.europesays.com\/es\/wp-json\/wp\/v2\/comments?post=211271"}],"version-history":[{"count":0,"href":"https:\/\/www.europesays.com\/es\/wp-json\/wp\/v2\/posts\/211271\/revisions"}],"wp:featuredmedia":[{"embeddable":true,"href":"https:\/\/www.europesays.com\/es\/wp-json\/wp\/v2\/media\/211272"}],"wp:attachment":[{"href":"https:\/\/www.europesays.com\/es\/wp-json\/wp\/v2\/media?parent=211271"}],"wp:term":[{"taxonomy":"category","embeddable":true,"href":"https:\/\/www.europesays.com\/es\/wp-json\/wp\/v2\/categories?post=211271"},{"taxonomy":"post_tag","embeddable":true,"href":"https:\/\/www.europesays.com\/es\/wp-json\/wp\/v2\/tags?post=211271"}],"curies":[{"name":"wp","href":"https:\/\/api.w.org\/{rel}","templated":true}]}}