{"id":211361,"date":"2025-10-31T19:41:09","date_gmt":"2025-10-31T19:41:09","guid":{"rendered":"https:\/\/www.europesays.com\/es\/211361\/"},"modified":"2025-10-31T19:41:09","modified_gmt":"2025-10-31T19:41:09","slug":"partizan-barca-en-directo-octava-jornada-de-la-euroliga-hoy-en-vivo-sport","status":"publish","type":"post","link":"https:\/\/www.europesays.com\/es\/211361\/","title":{"rendered":"Partizan &#8211; Bar\u00e7a, en directo: octava jornada de la Euroliga, hoy en vivo &#8211; SPORT"},"content":{"rendered":"<ol>\n<li><a href=\"https:\/\/news.google.com\/rss\/articles\/CBMingFBVV95cUxQdHB5S2xVN2FhSmhHcGFYbWdaRkllbmpIWUU1elZnbmpHRmt5cmEzRTdTdVo4aTZENUo4NGVuQjhTWi1fRzRwSk5mNTVLN1dmbGhFSDgtN3E3RkNlV2ZrTzdjN2hwR1l6MEtzZThGSWMyNTRyQkR3TVE5LTI5Yy0wUkpHamh3Yk9fQVQ0UDBPNzk0SV91dGFtSmJ1REszd9IBngFBVV95cUxQTGVORkxHVk5NdlU5MWczZTZJV2syTjFZcWlKaGFkM1lpZ3FNSVVPeW56aU41S21ZQmVCOWdhTmdJaElhOGVWVm9LSlFLX1JDb2pWbldKZUptOFhmTkVfcGxkWVBHMkdrT1Ntc1g2MWZDblZVYWowOUh0czBSblZKUGtiQjFCNThGMnN4bF9PLXBjdnFKeENwWTdlN0drZw?oc=5\" target=\"_blank\" rel=\"nofollow noopener\">Partizan &#8211; Bar\u00e7a, en directo: octava jornada de la Euroliga, hoy en vivo<\/a>&nbsp;&nbsp;SPORT<\/li>\n<li><a href=\"https:\/\/news.google.com\/rss\/articles\/CBMirgFBVV95cUxQSFZFNHNSemNkRVRrbURxakw0QjNCVXlCWEVJem1sLWs3Z1V3alpoclR0eHNSYlgxNGdhVExLZXhOREVYMXFkR2VORDZDRVpLalhkOGFtTE9fYzJaNFJVMmUwYjBEbG1fbmRaTEk4OU1ZcmFnWE9GMXJOS0NGQnNDYmNXU0NpMTFad01RVW5heDJKSlNQcTZ6WXl6bzNXV3JUWnRwR3d5LTZIZmxOTUHSAcIBQVVfeXFMTnNqY0lpeTZqSmw5dnc5MnRKQnpMMzV1Q1I5RWVTdUFUVHp4eFNTc2Z1VmNWZER0ZTFGLWhjS05uX0tnaTk4bElncWQweXFMalI0bmVuRV9qS1RWSk5tWGhUcHNrdHotUUZxVDZGd3RUUGVaOXNpeUJpNy01T3JiQ2t2ZDZRYnNqMWtWN0lOWFVHbld6d1JxODRRUkowR19VSzVLRGtMSlNlT2NQSGR5OU5PWExSWHFoYUlDanlVZDNKSkE?oc=5\" target=\"_blank\" rel=\"nofollow noopener\">Partizan &#8211; Barcelona , en directo: Euroliga de baloncesto 2025-26 en vivo hoy<\/a>&nbsp;&nbsp;Diario AS<\/li>\n<li><a href=\"https:\/\/news.google.com\/rss\/articles\/CBMiwwFBVV95cUxPMXpXRW9sazYyOFYxQXFPLWtHRlZrNno1WjBXd1hvcmRkdnlxYUJ3ejlrbmUxTkwxYmozNnpDYTJtekxMTnRhclFzazRvRnlFUnNPd0xWRFhCSlpHN1BJbmpRUDNFUWVBNjVtUTB4N1hMRlZvc3J3NjFUSWJnOGQteTJ0ZlFEX0UyYjZhclJ6Z3dnZTYyNml6RVFFb0U2c3VZLTVKam9HSXBxR0Z2Q25hcjJCWnB0UEd0OVRfckNyUWJ5ZkE?oc=5\" target=\"_blank\" rel=\"nofollow noopener\">Partizan de Belgrado &#8211; Bar\u00e7a: Visita a la caldera serbia<\/a>&nbsp;&nbsp;FC Barcelona<\/li>\n<li><a href=\"https:\/\/news.google.com\/rss\/articles\/CBMitwFBVV95cUxPV0lKN3J6eHprQ2hBb2lIU2FtQk5TQThDaGZvZHVta2tsb0Q2VDZ0Zms5ZXNibFFYQjJac3dqNmdYRGxrc3Mwd3E0T3JNUE9aaXd2SVd4a2lPSk02dGVzX1JxOENicnhxX1FMVzlYdUV3SG9PZEh4elpCSzVqWUFVVlphZFhvSm1uU18xT2t0el9fUU1CSm5GZmdQUXA0bHUtQmNEaTRjQ1owRUxaS3pjUkxjOUpVWFk?oc=5\" target=\"_blank\" rel=\"nofollow noopener\">Apuestas y pron\u00f3sticos Partiz\u00e1n vs Bar\u00e7a Basket<\/a>&nbsp;&nbsp;MARCA<\/li>\n<li><a href=\"https:\/\/news.google.com\/rss\/articles\/CBMixwFBVV95cUxOekNyRFlQSXJFZkkwRkNIZXV6bWZmdDNmQllSRFdBdElEYXkzSEpNTU9WU0V1WmZVajZmaG5mZkgzSHZEeXRlVlU5YXFKMkZpVUl2R1kyNkdBTUpCNGplbElUR21vWldVb2tYdVZGYXRqYlZFX2V2VkRmOXpnc004YjZYeGJuc1h2cE5XOFhLYk9xM2ZXSUx1aXZKVWtEeFRMcDZ1R2FpWC1tdXE5R1BMTDFoSEh1bHdGTG5NMFMzQ1Z4eW00bXVB?oc=5\" target=\"_blank\" rel=\"nofollow noopener\">El Bar\u00e7a debe neutralizar al Partiz\u00e1n de Parker y Calathes<\/a>&nbsp;&nbsp;Europa Press<\/li>\n<\/ol>\n","protected":false},"excerpt":{"rendered":"Partizan &#8211; Bar\u00e7a, en directo: octava jornada de la Euroliga, hoy en vivo&nbsp;&nbsp;SPORT Partizan &#8211; Barcelona , en&hellip;\n","protected":false},"author":2,"featured_media":211362,"comment_status":"","ping_status":"","sticky":false,"template":"","format":"standard","meta":{"footnotes":""},"categories":[269],"tags":[299,2296,298,168,2125,25,24,833,315,53489,133,45749,4819,23,167,1852],"class_list":{"0":"post-211361","1":"post","2":"type-post","3":"status-publish","4":"format-standard","5":"has-post-thumbnail","7":"category-baloncesto","8":"tag-baloncesto","9":"tag-barca","10":"tag-basketball","11":"tag-deportes","12":"tag-directo","13":"tag-es","14":"tag-espana","15":"tag-euroliga","16":"tag-hoy","17":"tag-obradovic","18":"tag-online","19":"tag-partizan","20":"tag-penarroya","21":"tag-spain","22":"tag-sports","23":"tag-vivo"},"share_on_mastodon":{"url":"https:\/\/pubeurope.com\/@es\/115470485679469879","error":""},"_links":{"self":[{"href":"https:\/\/www.europesays.com\/es\/wp-json\/wp\/v2\/posts\/211361","targetHints":{"allow":["GET"]}}],"collection":[{"href":"https:\/\/www.europesays.com\/es\/wp-json\/wp\/v2\/posts"}],"about":[{"href":"https:\/\/www.europesays.com\/es\/wp-json\/wp\/v2\/types\/post"}],"author":[{"embeddable":true,"href":"https:\/\/www.europesays.com\/es\/wp-json\/wp\/v2\/users\/2"}],"replies":[{"embeddable":true,"href":"https:\/\/www.europesays.com\/es\/wp-json\/wp\/v2\/comments?post=211361"}],"version-history":[{"count":0,"href":"https:\/\/www.europesays.com\/es\/wp-json\/wp\/v2\/posts\/211361\/revisions"}],"wp:featuredmedia":[{"embeddable":true,"href":"https:\/\/www.europesays.com\/es\/wp-json\/wp\/v2\/media\/211362"}],"wp:attachment":[{"href":"https:\/\/www.europesays.com\/es\/wp-json\/wp\/v2\/media?parent=211361"}],"wp:term":[{"taxonomy":"category","embeddable":true,"href":"https:\/\/www.europesays.com\/es\/wp-json\/wp\/v2\/categories?post=211361"},{"taxonomy":"post_tag","embeddable":true,"href":"https:\/\/www.europesays.com\/es\/wp-json\/wp\/v2\/tags?post=211361"}],"curies":[{"name":"wp","href":"https:\/\/api.w.org\/{rel}","templated":true}]}}