{"id":211373,"date":"2025-10-31T19:48:14","date_gmt":"2025-10-31T19:48:14","guid":{"rendered":"https:\/\/www.europesays.com\/es\/211373\/"},"modified":"2025-10-31T19:48:14","modified_gmt":"2025-10-31T19:48:14","slug":"david-trueba-cierra-seminci-con-siempre-es-invierno","status":"publish","type":"post","link":"https:\/\/www.europesays.com\/es\/211373\/","title":{"rendered":"David Trueba cierra Seminci con &#8216;Siempre es invierno&#8217;"},"content":{"rendered":"<p>\u00abSin amor, siempre es invierno\u00bb. La frase resuena y marca el tono de la \u00faltima pel\u00edcula de David Trueba, que por primera vez en tres d\u00e9cadas como director se lanza a adaptar una novela propia a la gran pantalla. Once a\u00f1os despu\u00e9s de publicar &#8216;Blitz&#8217; (destello o rel\u00e1mpago, en alem\u00e1n), el cineasta retoma la historia de un joven protagonista que llega a M\u00fanich en medio de un naufragio vital y sentimental. Aqu\u00ed, por necesidades de producci\u00f3n, M\u00fanich se convierte en la gris Lieja belga, un escenario donde Miguel (David Verdaguer), el protagonista, se queda \u00abcongelado\u00bb en el tiempo cuando Marta (Amaia Salamanca), su pareja, decide romper su relaci\u00f3n.<\/p>\n<p>&#8216;Siempre es invierno&#8217; clausurar\u00e1 ma\u00f1ana s\u00e1bado la 70 Semana Internacional de Cine de Valladolid. La pel\u00edcula arranca con la quiebra de la relaci\u00f3n de pareja: un WhatsApp para un destinatario \u00bfequivocado? brinda luz la situaci\u00f3n, y con cuatro escuetas frases queda claro que se acab\u00f3 el humor, y con el el amor.<\/p>\n<p>La c\u00e1mara acompa\u00f1a a Miguel en su fracaso, extensible no solo a lo personal sino tambi\u00e9n a lo profesional, hasta que el destino le cruza con Olga (Isabelle Renaud), una mujer mayor que colabora en el congreso donde le han invitado. La relaci\u00f3n que surge entre ambos, junto con el paso del tiempo, har\u00e1 despertar a Miguel de su letargo, del eterno invierno en el que vive desde hace m\u00e1s tiempo del que \u00e9l mismo quiere reconocer.<\/p>\n<p>En el encuentro con los medios tras el primer pase de prensa de la pel\u00edcula, Trueba confes\u00f3 que al aproximarse a la historia de &#8216;Blitz&#8217; hace doce a\u00f1os, fue la primera vez que dud\u00f3 si lo que ten\u00eda entre manos era una pel\u00edcula o una novela. \u00abAcababa de rodar &#8216;Vivir es f\u00e1cil con los ojos cerrados&#8217;, y llevaba un tiempo escribiendo &#8216;Tierra de Campos&#8217;, cuando surgi\u00f3 la idea de &#8216;Blitz&#8217;, que se me cruz\u00f3 como el propio t\u00edtulo dice, como un rel\u00e1mpago. Me surgi\u00f3 la necesidad de escribirla y detuve todo lo dem\u00e1s. En alg\u00fan momento pens\u00e9 en el cine, pero ten\u00eda tan cerca el rodaje previo que lo descart\u00e9. Soy una persona muy casera y tranquila, que no disfruta en los rodaje, donde est\u00e1s demasiado expuesto a los elementos y a problemas de todo tipo. Necesitaba refugiarme pero desde bien pronto sent\u00ed ganas de llevarla al cine. Despu\u00e9s de colaborar con los productores Edmon Roch y Jaime Ortiz en &#8216;Saben aquell&#8217; me preguntaron si ten\u00eda algo entre manos y comenzamos a darle forma\u00bb, relat\u00f3.<\/p>\n<p>El director, que comenz\u00f3 su intervenci\u00f3n reconociendo que le hace \u00abmucha ilusi\u00f3n\u00bb estrenar por primera vez en Seminci (\u00abun festival que los que amamos el cine tenemos en muy alta estima\u00bb, se\u00f1al\u00f3), record\u00f3 que su padre procede de Tierra de Campos y explic\u00f3 que enseguida pens\u00f3 en David Verdaguer para interpretar al protagonista, porque en &#8216;Saben aquell&#8217;, donde interpretaba a Eugenio, \u00abse vio obligado a hacer una introspecci\u00f3n muy profunda\u00bb. \u00abNos conocimos en ese rodaje, y ya entonces me di cuenta de que \u00e9l era capaz de desplegar un gran abanico de tonalidades: te pod\u00eda hacer re\u00edr con algo muy triste, o emocionarte con su iron\u00eda. Le dije que ten\u00eda que escribir algo donde pudiera desplegar todos sus maties, \u00e9l hab\u00eda le\u00eda &#8216;Blitz&#8217; tiempo atr\u00e1s y result\u00f3 ser la combinaci\u00f3n perfecta\u00bb, explic\u00f3.<\/p>\n<p>Para Verdaguer, por su parte, \u00abLieja es un personaje m\u00e1s de la pel\u00edcula\u00bb, que habla de \u00abun se\u00f1or que se queda un a\u00f1o en invierno eterno, congelado, porque le han roto el coraz\u00f3n\u00bb. Adem\u00e1s, se refiri\u00f3 a su relaci\u00f3n con el personaje de Isabelle Renaud, y explic\u00f3 que como \u00e9l no habla franc\u00e9s y ella no habla espa\u00f1ol, \u00abconocerte con una persona en un idioma que no es el tuyo te obliga a un trabajo m\u00e1s f\u00edsico\u00bb. \u00abEs como trabajar con ni\u00f1os, que te obliga a estar constantemente pendiente del otro para que te entienda\u00bb, aclar\u00f3.<\/p>\n<p>La actriz, por su parte, explic\u00f3 que conoci\u00f3 a David Trueba treinta a\u00f1os atr\u00e1s, cuando \u00e9l preparaba &#8216;La buena vida&#8217;, su \u00f3pera prima, y buscaba a una actriz francesa para interpretar a la profesora del protagonista. \u00abSu papel era en castellano y ella no sab\u00eda el idioma, as\u00ed que no pudo ser, pero le segu\u00ed la pista todo este tiempo\u00bb, explic\u00f3 Trueba. Ella, por su parte, se\u00f1al\u00f3 que recibir el guion treinta a\u00f1os despu\u00e9s de aquello fue \u00abtoda una sorpresa\u00bb, y que al leer el guion pens\u00f3 que \u00abser\u00eda totlamente est\u00fapido dejar pasar esta oportunidad\u00bb, de forma que acept\u00f3. \u00abEn Francia es muy dif\u00edcil encontrar un papel as\u00ed a partir de los 50 a\u00f1os, porque hay una invisibilizaci\u00f3n de la mujer. Me hizo muy feliz poder interpretarlo\u00bb, se\u00f1al\u00f3.<\/p>\n<p>David Trueba, tambi\u00e9n se refiri\u00f3 al edadismo, y coment\u00f3 con chanza c\u00f3mo en las listas de hombres m\u00e1s guapos la edad se va elevando cada a\u00f1o, mientras en el caso de las mujeres cada vez son m\u00e1s j\u00f3venes. \u00abEs loquisimo este mundo, donde no se acepta que el envejecimiento nos hace m\u00e1s interesantes. Son realidades que est\u00e1n ah\u00ed y no vemos\u00bb, asegur\u00f3. El cineasta reconoci\u00f3 que no sabe \u00abhacer g\u00e9neros\u00bb. \u00abEl g\u00e9nero principal es el de la vida; t\u00fa cortas un trozo de vida y descubres que las cosas no son como nos cuentan. Hay much\u00edsimo hambre y ganas de estar vivos. Nos han compartimentado la vida con las etiquetas, y ese proceso ha sido especialmente cruel con las mujeres, a las que les han marcado hasta d\u00f3nde pueden llegar en cada momento\u00bb, remat\u00f3.<\/p>\n","protected":false},"excerpt":{"rendered":"\u00abSin amor, siempre es invierno\u00bb. La frase resuena y marca el tono de la \u00faltima pel\u00edcula de David&hellip;\n","protected":false},"author":2,"featured_media":211374,"comment_status":"","ping_status":"","sticky":false,"template":"","format":"standard","meta":{"footnotes":""},"categories":[169],"tags":[177,146,147,25,24,176,317,175,20886,1645,39589,23,36484],"class_list":{"0":"post-211373","1":"post","2":"type-post","3":"status-publish","4":"format-standard","5":"has-post-thumbnail","7":"category-cine","8":"tag-cine","9":"tag-entertainment","10":"tag-entretenimiento","11":"tag-es","12":"tag-espana","13":"tag-film","14":"tag-francia","15":"tag-movies","16":"tag-naufragio","17":"tag-novela","18":"tag-seminci","19":"tag-spain","20":"tag-tierra-de-campos"},"share_on_mastodon":{"url":"https:\/\/pubeurope.com\/@es\/115470513257361013","error":""},"_links":{"self":[{"href":"https:\/\/www.europesays.com\/es\/wp-json\/wp\/v2\/posts\/211373","targetHints":{"allow":["GET"]}}],"collection":[{"href":"https:\/\/www.europesays.com\/es\/wp-json\/wp\/v2\/posts"}],"about":[{"href":"https:\/\/www.europesays.com\/es\/wp-json\/wp\/v2\/types\/post"}],"author":[{"embeddable":true,"href":"https:\/\/www.europesays.com\/es\/wp-json\/wp\/v2\/users\/2"}],"replies":[{"embeddable":true,"href":"https:\/\/www.europesays.com\/es\/wp-json\/wp\/v2\/comments?post=211373"}],"version-history":[{"count":0,"href":"https:\/\/www.europesays.com\/es\/wp-json\/wp\/v2\/posts\/211373\/revisions"}],"wp:featuredmedia":[{"embeddable":true,"href":"https:\/\/www.europesays.com\/es\/wp-json\/wp\/v2\/media\/211374"}],"wp:attachment":[{"href":"https:\/\/www.europesays.com\/es\/wp-json\/wp\/v2\/media?parent=211373"}],"wp:term":[{"taxonomy":"category","embeddable":true,"href":"https:\/\/www.europesays.com\/es\/wp-json\/wp\/v2\/categories?post=211373"},{"taxonomy":"post_tag","embeddable":true,"href":"https:\/\/www.europesays.com\/es\/wp-json\/wp\/v2\/tags?post=211373"}],"curies":[{"name":"wp","href":"https:\/\/api.w.org\/{rel}","templated":true}]}}