{"id":211383,"date":"2025-10-31T19:54:08","date_gmt":"2025-10-31T19:54:08","guid":{"rendered":"https:\/\/www.europesays.com\/es\/211383\/"},"modified":"2025-10-31T19:54:08","modified_gmt":"2025-10-31T19:54:08","slug":"el-papa-a-la-oducal-conviertanse-en-itinerarios-de-la-mente-hacia-dios","status":"publish","type":"post","link":"https:\/\/www.europesays.com\/es\/211383\/","title":{"rendered":"El Papa a la ODUCAL: Convi\u00e9rtanse en \u201citinerarios de la mente hacia Dios\u201d"},"content":{"rendered":"<p>Con ocasi\u00f3n del Jubileo del Mundo Educativo, el Santo Padre recibi\u00f3 en audiencia a los miembros de la Organizaci\u00f3n de Universidades Cat\u00f3licas de Am\u00e9rica Latina y el Caribe (ODUCAL). A ellos, el Pont\u00edfice los alent\u00f3 a ser un \u00abcentro incomparable de creatividad y de irradiaci\u00f3n del saber para el bien de la humanidad\u00bb y los exhort\u00f3 a promover el desarrollo integral de la persona con excelencia, competencia y profesionalidad.<\/p>\n<p>Renato Martinez \u2013 Ciudad del Vaticano<\/p>\n<p>\u201cBuscar el desarrollo integral de la persona humana, formando inteligencias con sentido cr\u00edtico, corazones creyentes y ciudadanos comprometidos con el bien com\u00fan\u201d, son los tres aspectos de la propuesta de la educaci\u00f3n superior cat\u00f3lica que el Papa Le\u00f3n XIV destac\u00f3 en sus <a href=\"https:\/\/www.vatican.va\/content\/leo-xiv\/es\/speeches\/2025\/october\/documents\/20251031-oducal.html\" rel=\"external nofollow noopener\" target=\"_blank\">saludos a los miembros de la Organizaci\u00f3n de Universidades Cat\u00f3licas de Am\u00e9rica Latina y el Caribe<\/a> (ODUCAL), a quienes recibi\u00f3 en audiencia este viernes, 31 de octubre, en la Sala Clementina del Vaticano.<\/p>\n<p><b>Crear espacios de encuentro entre fe y cultura<\/b> <\/p>\n<p>A los m\u00e1s de cien representantes de las universidades cat\u00f3licas latinoamericanas, que peregrinan a Roma con ocasi\u00f3n del Jubileo del Mundo Educativo, el Santo Padre los salud\u00f3 destacando los diversos roles que desempe\u00f1an al servicio de la \u201cmisi\u00f3n educativa de la Iglesia\u201d.<\/p>\n<p>\u201cSu peregrinaci\u00f3n a Roma, con motivo del Jubileo del Mundo Educativo, es un signo visible de los lazos de colaboraci\u00f3n y afecto que deben caracterizar a su Organizaci\u00f3n. Ustedes son conscientes de que, entre las finalidades de esta red de m\u00e1s de cien instituciones, est\u00e1 el progreso de la educaci\u00f3n superior cat\u00f3lica y el servir a la sociedad, creando espacios de encuentro entre fe y cultura, para anunciar el Evangelio en el \u00e1mbito universitario\u201d.<\/p>\n<p>    <img decoding=\"async\" src=\"data:image\/gif;base64,R0lGODlhAQABAIAAAAAAAP\/\/\/yH5BAEAAAAALAAAAAABAAEAAAIBRAA7\" data-original=\"https:\/\/www.vaticannews.va\/content\/dam\/vaticannews\/agenzie\/images\/srv\/2025\/10\/31\/2025-10-31-membri-della--organizacion-de-universidades-catolicas\/1761898696121.JPG\/_jcr_content\/renditions\/cq5dam.thumbnail.cropped.750.422.jpeg\" alt=\"El saludo del Papa a los miembros de la ODUCAL\" title=\"El saludo del Papa a los miembros de la ODUCAL\"\/><\/p>\n<p>\n   El saludo del Papa a los miembros de la ODUCAL \u00a0 (@Vatican Media)\n  <\/p>\n<p><b>Un \u00abcentro incomparable de creatividad y de irradiaci\u00f3n del saber<\/b> <\/p>\n<p>Esta peregrinaci\u00f3n, afirm\u00f3 el Papa, expresa la misi\u00f3n misma por la que la universidad naci\u00f3 en el seno de la Iglesia cat\u00f3lica: ser un \u00abcentro incomparable de creatividad y de irradiaci\u00f3n del saber para el bien de la humanidad\u00bb en el que \u00abel esfuerzo conjunto de la inteligencia y de la fe permita a los hombres alcanzar la medida plena de su humanidad\u00bb.<\/p>\n<p>\u201cHoy, la universidad cat\u00f3lica, \u2014como afirm\u00f3 el Papa Francisco\u2014, sigue siendo uno de los mejores instrumentos que la Iglesia ofrece a nuestra \u00e9poca, y es expresi\u00f3n de aquel amor que anima cada acci\u00f3n de la Iglesia, es decir, el amor de Dios por la persona humana\u201d.<\/p>\n<p>    <img decoding=\"async\" src=\"data:image\/gif;base64,R0lGODlhAQABAIAAAAAAAP\/\/\/yH5BAEAAAAALAAAAAABAAEAAAIBRAA7\" data-original=\"https:\/\/www.vaticannews.va\/content\/dam\/vaticannews\/agenzie\/images\/srv\/2025\/10\/31\/2025-10-31-membri-della--organizacion-de-universidades-catolicas\/1761898689244.JPG\/_jcr_content\/renditions\/cq5dam.thumbnail.cropped.750.422.jpeg\" alt=\"Un momento de la audiencia\" title=\"Un momento de la audiencia\"\/><\/p>\n<p>\n   Un momento de la audiencia \u00a0 (@Vatican Media)\n  <\/p>\n<p><b>La Iglesia ha sido motor en la educaci\u00f3n<\/b> <\/p>\n<p>Recordando los or\u00edgenes de la vida universitaria en Am\u00e9rica Latina, el Pont\u00edfice se\u00f1al\u00f3 que, la Iglesia ha sido motor en la educaci\u00f3n. Las primeras universidades del continente \u2014como la de Santo Domingo, San Marcos de Lima, M\u00e9xico, y muchas otras\u2014 nacieron de la iniciativa de obispos, religiosos y misioneros convencidos de que anunciar a Jesucristo, \u00abCamino, Verdad y Vida\u00bb, \u00abes parte integrante del mensaje salv\u00edfico cristiano\u00bb.<\/p>\n<p>\u201cLas universidades que ustedes representan, movidas por la misma convicci\u00f3n, \u00abest\u00e1n llamadas a convertirse en \u201citinerarios de la mente hacia Dios\u201d\u00bb encarnando as\u00ed, la identidad cat\u00f3lica que debe distinguirlas. La propuesta de la educaci\u00f3n superior cat\u00f3lica no es otra que buscar el desarrollo integral de la persona humana, formando inteligencias con sentido cr\u00edtico, corazones creyentes y ciudadanos comprometidos con el bien com\u00fan. Y todo esto, con excelencia, competencia y profesionalidad\u201d.<\/p>\n<p>    <img decoding=\"async\" src=\"data:image\/gif;base64,R0lGODlhAQABAIAAAAAAAP\/\/\/yH5BAEAAAAALAAAAAABAAEAAAIBRAA7\" data-original=\"https:\/\/www.vaticannews.va\/content\/dam\/vaticannews\/agenzie\/images\/srv\/2025\/10\/31\/2025-10-31-membri-della--organizacion-de-universidades-catolicas\/1761898692023.JPG\/_jcr_content\/renditions\/cq5dam.thumbnail.cropped.750.422.jpeg\" alt=\"Sala Clementina del Vaticano\" title=\"Sala Clementina del Vaticano\"\/><\/p>\n<p>\n   Sala Clementina del Vaticano \u00a0 (@Vatican Media)\n  <\/p>\n<p><b>Sean d\u00f3ciles a la acci\u00f3n de la Sabidur\u00eda<\/b> <\/p>\n<p>Finalmente, antes de encomendarlos a la materna protecci\u00f3n de la Virgen Mar\u00eda, el Papa Le\u00f3n XIV los alent\u00f3 a seguir adelante con la misi\u00f3n que la Iglesia les conf\u00eda y a enfrentar los retos que hoy la educaci\u00f3n enfrenta con creatividad.<\/p>\n<p>\u201cAgradezco todos sus esfuerzos y trabajos para llevar adelante esta gran tarea y los encomiendo a la Virgen Mar\u00eda, Trono de la Sabidur\u00eda, para que, como ella, siempre sean d\u00f3ciles a la acci\u00f3n de Aqu\u00e9l que es la Sabidur\u00eda misma, Jesucristo nuestro Se\u00f1or. Que Dios los bendiga. Muchas gracias\u201d.<\/p>\n","protected":false},"excerpt":{"rendered":"Con ocasi\u00f3n del Jubileo del Mundo Educativo, el Santo Padre recibi\u00f3 en audiencia a los miembros de la&hellip;\n","protected":false},"author":2,"featured_media":211384,"comment_status":"","ping_status":"","sticky":false,"template":"","format":"standard","meta":{"footnotes":""},"categories":[42],"tags":[436,2509,17,18,2507,13,14,11,61,62,63,64,19,20,9,10,15,16,400,12,21,22,65,66,67],"class_list":{"0":"post-211383","1":"post","2":"type-post","3":"status-publish","4":"format-standard","5":"has-post-thumbnail","7":"category-internacional","8":"tag-jubileo2025","9":"tag-audiencias","10":"tag-breaking-news","11":"tag-breakingnews","12":"tag-escuela-y-universidad","13":"tag-featured-news","14":"tag-featurednews","15":"tag-headlines","16":"tag-internacional","17":"tag-international","18":"tag-international-news","19":"tag-internationalnews","20":"tag-latest-news","21":"tag-latestnews","22":"tag-news","23":"tag-noticias","24":"tag-noticias-destacadas","25":"tag-noticiasdestacadas","26":"tag-papa-leon-xiv","27":"tag-titulares","28":"tag-ultimas-noticias","29":"tag-ultimasnoticias","30":"tag-world","31":"tag-world-news","32":"tag-worldnews"},"share_on_mastodon":{"url":"https:\/\/pubeurope.com\/@es\/115470536859174751","error":""},"_links":{"self":[{"href":"https:\/\/www.europesays.com\/es\/wp-json\/wp\/v2\/posts\/211383","targetHints":{"allow":["GET"]}}],"collection":[{"href":"https:\/\/www.europesays.com\/es\/wp-json\/wp\/v2\/posts"}],"about":[{"href":"https:\/\/www.europesays.com\/es\/wp-json\/wp\/v2\/types\/post"}],"author":[{"embeddable":true,"href":"https:\/\/www.europesays.com\/es\/wp-json\/wp\/v2\/users\/2"}],"replies":[{"embeddable":true,"href":"https:\/\/www.europesays.com\/es\/wp-json\/wp\/v2\/comments?post=211383"}],"version-history":[{"count":0,"href":"https:\/\/www.europesays.com\/es\/wp-json\/wp\/v2\/posts\/211383\/revisions"}],"wp:featuredmedia":[{"embeddable":true,"href":"https:\/\/www.europesays.com\/es\/wp-json\/wp\/v2\/media\/211384"}],"wp:attachment":[{"href":"https:\/\/www.europesays.com\/es\/wp-json\/wp\/v2\/media?parent=211383"}],"wp:term":[{"taxonomy":"category","embeddable":true,"href":"https:\/\/www.europesays.com\/es\/wp-json\/wp\/v2\/categories?post=211383"},{"taxonomy":"post_tag","embeddable":true,"href":"https:\/\/www.europesays.com\/es\/wp-json\/wp\/v2\/tags?post=211383"}],"curies":[{"name":"wp","href":"https:\/\/api.w.org\/{rel}","templated":true}]}}