{"id":211395,"date":"2025-10-31T20:05:13","date_gmt":"2025-10-31T20:05:13","guid":{"rendered":"https:\/\/www.europesays.com\/es\/211395\/"},"modified":"2025-10-31T20:05:13","modified_gmt":"2025-10-31T20:05:13","slug":"selton-la-samba-de-valverde-para-el-derbi-contra-la-real-sociedad-tiene-un-gran-talento","status":"publish","type":"post","link":"https:\/\/www.europesays.com\/es\/211395\/","title":{"rendered":"Selton, la samba de Valverde para el derbi contra la Real Sociedad: \u00abTiene un gran talento\u00bb"},"content":{"rendered":"<p><a class=\"v-mdl-ath__fig-a\" href=\"https:\/\/www.diariovasco.com\/autor\/angel-lopez-6967.html\" title=\"\u00c1ngel L\u00f3pez\" rel=\"nofollow noopener\" target=\"_blank\"><br \/>\n<img decoding=\"async\" class=\"v-mdl-ath__img\" src=\"https:\/\/www.europesays.com\/es\/wp-content\/uploads\/2025\/08\/autor-6967-foto-2.jpeg\" alt=\"\u00c1ngel L\u00f3pez\"\/><br \/>\n<\/a><\/p>\n<p class=\"v-mdl-ath__p v-mdl-ath__p--6\">\nViernes, 31 de octubre 2025, 15:50<\/p>\n<p>| Actualizado 17:16h.<\/p>\n<p class=\"v-p\"> No le va a faltar el toque ex\u00f3tico al derbi de ma\u00f1ana. En la Real Sociedad <a href=\"https:\/\/www.diariovasco.com\/real-sociedad\/kubo-convocado-real-sociedad-derbi-athletic-20251031140021-nt.html\" data-voc-vtm-id=\"in-text-traffic\" title=\"vuelve el japon\u00e9s Take Kubo\" data-mrf-link=\"www.diariovasco.com\" rel=\"nofollow noopener\" target=\"_blank\">vuelve el japon\u00e9s Take Kubo<\/a> y en el Athletic ha sido convocado Selton Sued S\u00e1nchez Camilo, nacido en Durango en 2007, por el que corre sangre basile\u00f1a. Y es que el centrocampista rojiblanco, que despunt\u00f3 en la presente edici\u00f3n de la Youth League, es de padre vizca\u00edno y de madre brasile\u00f1a, que adem\u00e1s es la prima de Firmino, el crack de Brasil que jug\u00f3 en el Liverpool de Klopp y en la &#8216;canarinha&#8217;. Tras s\u00f3lo dos encuentros con el filial y tras una lesi\u00f3n y una severa enfermedad sufridas el pasado curso, Selton representa la gran esperanza de los aficionados del Athletic para el futuro. <\/p>\n<p class=\"v-p\"> \u00abEs un jugador que tiene un gran talento, pensamos que nos puede venir bien y que nos puede ayudar de aqu\u00ed en adelante\u00bb, dice <a href=\"https:\/\/www.diariovasco.com\/temas\/personajes\/ernesto-valverde\/pagina-1.html\" data-voc-vtm-id=\"in-text-traffic\" title=\"Ernesto Valderde\" data-mrf-link=\"www.diariovasco.com\" rel=\"nofollow noopener\" target=\"_blank\">Ernesto Valderde<\/a> sobre este futbolista, muy dotado para recibir entre l\u00edneas y trazar \u00faltimos pases. Pese a su ascendencia brasile\u00f1a, ya hay quien le cita como el &#8216;Pedri de Lezama&#8217;. La consideraci\u00f3n de este futbolista tanto del club bilba\u00edno como de su entrenador es muy elevada, ya que Selton S\u00e1nchez, que reside en Bausari, est\u00e1 blindado hasta 2028 y es frecuente su presencia en los entrenamientos de la primera plantilla a las \u00f3rdenes del entrenador de Viandar de la Vera. \u00abCuando viene a entrenar con nosotros, la idea es que vaya cogiendo el ritmo del equipo y tambi\u00e9n calibrar hasta qu\u00e9 punto \u00e9l se puede desenvolver con jugadores con m\u00e1s ritmo, con otro potencial\u00bb, a\u00f1ade Valverde. <\/p>\n<p><img decoding=\"async\" loading=\"lazy\" src=\"https:\/\/www.europesays.com\/es\/wp-content\/uploads\/2025\/10\/Convocatoria del Athletic.jpg\" class=\"v-a-img\" width=\"650\" height=\"455\" alt=\"Convocatoria del Athletic para el derbi\" data-voc-vtm-id=\"in-text-traffic\"\/><\/p>\n<p>Convocatoria del Athletic para el derbi<\/p>\n<p><img loading=\"lazy\" decoding=\"async\" src=\"https:\/\/www.europesays.com\/es\/wp-content\/uploads\/2025\/10\/Convocatoria del Athletic.jpg\" class=\"v-mdl__img-z\" width=\"1920\" height=\"1344\" alt=\"\"\/><\/p>\n<p class=\"v-p\">En el contexto de las ausencias por lesi\u00f3n de jugadores como Prados, I\u00f1aki Williams y de Maroan Sannadi, el &#8216;txingurri&#8217; ha citado a este centrocampista ofensivo al que quieren dotar de una mayor corpulencia para que pueda ser un futbolista de elite. Pasa por ser la gran perla de la cantera del Athletic. \u00abPensamos que tiene ese punto de talento que a nosotros nos puede venir bien\u00bb, aporta su entrenador.<\/p>\n<p>\n\u00abEs un partido que trasciende a la clasificaci\u00f3n; e hay una carga emocional importante y hay que saber jugar con eso\u00bb\n<\/p>\n<p class=\"v-p\">Las otras ausencias en la convocatoria rojiblanca son las de los lesionados Egiluz y Lekue, que tambi\u00e9n est\u00e1 sancionado, y la de Yerai \u00c1lvarez, <a href=\"https:\/\/www.diariovasco.com\/deportes\/futbol\/yeray-positivo-tras-control-antidopaje-uefa-20250710193408-nt.html\" data-voc-vtm-id=\"in-text-traffic\" title=\"castigado por dar positivo \" data-mrf-link=\"www.diariovasco.com\" rel=\"nofollow noopener\" target=\"_blank\">castigado por dar positivo <\/a>en un control antidopaje de la UEFA. El pr\u00f3ximo mi\u00e9rcoles, el Athletic rinde visita al Newcatle United en Champions League, con notable necesidad de puntos. No obstante, el equipo rojiblanco concede toda la importancia a este duelo contra la Real y est\u00e1 enfocado s\u00f3lo en \u00e9l: \u00abEs un partido que trasciende a la clasificaci\u00f3n. Por mucha distancia que pueda haber, los derbis siempre son igualados porque hay una carga emocional importante y hay que saber jugar con eso\u00bb, sostiene Valverde.<\/p>\n<p><a href=\"http:\/\/www.diariovasco.com\/real-sociedad\/arbitro-real-sociedad-athletic-polemico-derbi-martinez-munuera-20251031154514-nt.html#vtm_modulosEngag=mod-rel:real-sociedad:noticia:1:cmp:1-not\" class=\"v-a-link\" aria-label=\"Imagen\" rel=\"nofollow noopener\" target=\"_blank\"><\/p>\n<p><img decoding=\"async\" loading=\"lazy\" src=\"https:\/\/www.europesays.com\/es\/wp-content\/uploads\/2025\/10\/Munuera Montero-k12H--366x256@Diario Vasco.jpg\" class=\"v-a-img\" width=\"258\" height=\"180\" alt=\"\" data-voc-vtm-id=\"in-text-traffic\"\/><\/p>\n<p><\/a><\/p>\n<p class=\"v-p\">En torno a la <a href=\"https:\/\/www.diariovasco.com\/real-sociedad\/\" data-voc-vtm-id=\"in-text-traffic\" title=\"Real Sociedad\" data-mrf-link=\"www.diariovasco.com\" rel=\"nofollow noopener\" target=\"_blank\">Real Sociedad<\/a>, el entrenador del Athletic no aprecia muchas diferencias con respecto a la de cursos precedentes con <a href=\"https:\/\/www.diariovasco.com\/temas\/personajes\/imanol-alguacil.html\" data-voc-vtm-id=\"in-text-traffic\" title=\"Imanol Alguacil\" data-mrf-link=\"www.diariovasco.com\" rel=\"nofollow noopener\" target=\"_blank\">Imanol Alguacil<\/a>, quiz\u00e1 \u00abalgunos matices\u00bb. Ve a su eterno rival \u00abcon el mismo esp\u00edritu y con muchas cosas comunes\u00bb. Considera la de Zubimendi como \u00abuna gran p\u00e9rdida\u00bb, pero subraya la calidad de los fichajes, especialmente Guedes, \u00abun jugador importante\u00bb.<\/p>\n<p>\n\u00abGorrotxategi ha demostrado que puede llevar la manija del equipo y sustituir bien a Zubimendi\u00bb\n<\/p>\n<p class=\"v-p\">Valverde ha tenido toda la semana para espiar y estudiar al detalle a su rival de Anoeta: \u00abLa Real no ha comenzado bien en cuanto a puntos, pero le veo bien en cuanto a juego. Es verdad que hay una igualdad terrible en un grupo muy amplio de la Laliga y cualquier detalle te hace ganar o perder. Nos pasa a nosotros y a la Real. Teniendo en cuenta los fichajes que han hecho, les veo en una buena din\u00e1mica. Todos tenemos necesidad de conseguir puntos. Veo que Oyarzabal est\u00e1 en un buen momento, Barrenetxea est\u00e1 en buen momento, han incorporado a Gorrotxategi que ha demostrado que puede llevar la manija del equipo y sustituir bien a Zubimendi. Le veo como cada a\u00f1o. No teniendo Europa, tiene la ventaja de que a los partidos van con un poco m\u00e1s de margen. Tengo la idea de que con el tiempo van a ganar posiciones\u00bb, relata sobre su adversario.<\/p>\n<p>Reporta un error<\/p>\n","protected":false},"excerpt":{"rendered":"Viernes, 31 de octubre 2025, 15:50 | Actualizado 17:16h. No le va a faltar el toque ex\u00f3tico al&hellip;\n","protected":false},"author":2,"featured_media":211396,"comment_status":"","ping_status":"","sticky":false,"template":"","format":"standard","meta":{"footnotes":""},"categories":[268],"tags":[168,18298,25,24,280,282,3956,16426,39550,281,23,167,16578,57156],"class_list":{"0":"post-211395","1":"post","2":"type-post","3":"status-publish","4":"format-standard","5":"has-post-thumbnail","7":"category-futbol","8":"tag-deportes","9":"tag-derbi","10":"tag-es","11":"tag-espana","12":"tag-football","13":"tag-futbol","14":"tag-gran","15":"tag-samba","16":"tag-selton","17":"tag-soccer","18":"tag-spain","19":"tag-sports","20":"tag-talento","21":"tag-valderde"},"share_on_mastodon":{"url":"https:\/\/pubeurope.com\/@es\/115470580204721331","error":""},"_links":{"self":[{"href":"https:\/\/www.europesays.com\/es\/wp-json\/wp\/v2\/posts\/211395","targetHints":{"allow":["GET"]}}],"collection":[{"href":"https:\/\/www.europesays.com\/es\/wp-json\/wp\/v2\/posts"}],"about":[{"href":"https:\/\/www.europesays.com\/es\/wp-json\/wp\/v2\/types\/post"}],"author":[{"embeddable":true,"href":"https:\/\/www.europesays.com\/es\/wp-json\/wp\/v2\/users\/2"}],"replies":[{"embeddable":true,"href":"https:\/\/www.europesays.com\/es\/wp-json\/wp\/v2\/comments?post=211395"}],"version-history":[{"count":0,"href":"https:\/\/www.europesays.com\/es\/wp-json\/wp\/v2\/posts\/211395\/revisions"}],"wp:featuredmedia":[{"embeddable":true,"href":"https:\/\/www.europesays.com\/es\/wp-json\/wp\/v2\/media\/211396"}],"wp:attachment":[{"href":"https:\/\/www.europesays.com\/es\/wp-json\/wp\/v2\/media?parent=211395"}],"wp:term":[{"taxonomy":"category","embeddable":true,"href":"https:\/\/www.europesays.com\/es\/wp-json\/wp\/v2\/categories?post=211395"},{"taxonomy":"post_tag","embeddable":true,"href":"https:\/\/www.europesays.com\/es\/wp-json\/wp\/v2\/tags?post=211395"}],"curies":[{"name":"wp","href":"https:\/\/api.w.org\/{rel}","templated":true}]}}