{"id":211425,"date":"2025-10-31T20:27:10","date_gmt":"2025-10-31T20:27:10","guid":{"rendered":"https:\/\/www.europesays.com\/es\/211425\/"},"modified":"2025-10-31T20:27:10","modified_gmt":"2025-10-31T20:27:10","slug":"real-madrid-de-la-liga-u-sigue-el-partido-de-baloncesto-en-vivo-hoy","status":"publish","type":"post","link":"https:\/\/www.europesays.com\/es\/211425\/","title":{"rendered":"Real Madrid de la Liga U: sigue el partido de baloncesto, en vivo hoy"},"content":{"rendered":"<p class=\"ft-text\">FINAAAAAAALL!!!! El Bar\u00e7a se impone al Madrid (81-73) en el primer cl\u00e1sico de la historia de Liga U. De esta manera, el cuadro marengue pierde el invicto en la Liga. El partido ha sido fren\u00e9tico y ha ganado el que menos errores ha cometido. Gran partido de la estrella del Bar\u00e7a Kusturica, que ha liderado a los suyos en todo momento. En la pr\u00f3xima jornada el Bar\u00e7a se enfrentar\u00e1 al Valencia Basket y el Madrid har\u00e1 lo propio contra el Casademont Zaragoza.<\/p>\n","protected":false},"excerpt":{"rendered":"FINAAAAAAALL!!!! El Bar\u00e7a se impone al Madrid (81-73) en el primer cl\u00e1sico de la historia de Liga U.&hellip;\n","protected":false},"author":2,"featured_media":211426,"comment_status":"","ping_status":"","sticky":false,"template":"","format":"standard","meta":{"footnotes":""},"categories":[269],"tags":[299,2296,298,168,2125,25,24,43600,3048,23,167],"class_list":{"0":"post-211425","1":"post","2":"type-post","3":"status-publish","4":"format-standard","5":"has-post-thumbnail","7":"category-baloncesto","8":"tag-baloncesto","9":"tag-barca","10":"tag-basketball","11":"tag-deportes","12":"tag-directo","13":"tag-es","14":"tag-espana","15":"tag-liga-u","16":"tag-real-madrid","17":"tag-spain","18":"tag-sports"},"share_on_mastodon":{"url":"https:\/\/pubeurope.com\/@es\/115470666712782782","error":""},"_links":{"self":[{"href":"https:\/\/www.europesays.com\/es\/wp-json\/wp\/v2\/posts\/211425","targetHints":{"allow":["GET"]}}],"collection":[{"href":"https:\/\/www.europesays.com\/es\/wp-json\/wp\/v2\/posts"}],"about":[{"href":"https:\/\/www.europesays.com\/es\/wp-json\/wp\/v2\/types\/post"}],"author":[{"embeddable":true,"href":"https:\/\/www.europesays.com\/es\/wp-json\/wp\/v2\/users\/2"}],"replies":[{"embeddable":true,"href":"https:\/\/www.europesays.com\/es\/wp-json\/wp\/v2\/comments?post=211425"}],"version-history":[{"count":0,"href":"https:\/\/www.europesays.com\/es\/wp-json\/wp\/v2\/posts\/211425\/revisions"}],"wp:featuredmedia":[{"embeddable":true,"href":"https:\/\/www.europesays.com\/es\/wp-json\/wp\/v2\/media\/211426"}],"wp:attachment":[{"href":"https:\/\/www.europesays.com\/es\/wp-json\/wp\/v2\/media?parent=211425"}],"wp:term":[{"taxonomy":"category","embeddable":true,"href":"https:\/\/www.europesays.com\/es\/wp-json\/wp\/v2\/categories?post=211425"},{"taxonomy":"post_tag","embeddable":true,"href":"https:\/\/www.europesays.com\/es\/wp-json\/wp\/v2\/tags?post=211425"}],"curies":[{"name":"wp","href":"https:\/\/api.w.org\/{rel}","templated":true}]}}