{"id":211427,"date":"2025-10-31T20:28:12","date_gmt":"2025-10-31T20:28:12","guid":{"rendered":"https:\/\/www.europesays.com\/es\/211427\/"},"modified":"2025-10-31T20:28:12","modified_gmt":"2025-10-31T20:28:12","slug":"dos-partidos-de-alto-riesgo-y-unas-sanciones-que-aun-colean","status":"publish","type":"post","link":"https:\/\/www.europesays.com\/es\/211427\/","title":{"rendered":"Dos partidos de Alto Riesgo y unas sanciones que a\u00fan colean"},"content":{"rendered":"<p class=\"parrafo\">La <strong>Comisi\u00f3n Estatal contra la Violencia, el Racismo y la Intolerancia en el Deporte<\/strong> ha acordado la designaci\u00f3n como partidos de <strong>Alto Riesgo<\/strong> de dos compromisos inminentes con participaci\u00f3n de los dos clubes hispalenses: la visita liguera del <strong>Sevilla FC<\/strong> este <strong>s\u00e1bado 1 de noviembre <\/strong>(a partir de las <strong>16:15 horas<\/strong>) al <strong>Estadio Metropolitano<\/strong> para enfrentarse con el <strong>Atl\u00e9tico de Madrid<\/strong> (por las diferencias ideol\u00f3gicas entre las facciones m\u00e1s radicales de sus hinchas, el <strong>Frente Atl\u00e9tico<\/strong> y los <strong>Biris Norte<\/strong>), as\u00ed como el siguiente duelo en el <strong>Estadio de La Cartuja<\/strong>, correspondiente a la cuarta jornada de la fase liga de la <strong>Europa League<\/strong> entre el <strong>Real Betis<\/strong> y el <strong>Olympique Lyonnais<\/strong>, que tendr\u00e1 lugar a las nueve de la noche del pr\u00f3ximo <strong>jueves 6-N<\/strong>. En ambos casos, las Polic\u00edas de Madrid y la capital andaluza habr\u00e1n de <strong>redoblar<\/strong> esfuerzos e incrementar tanto la n\u00f3mina de agentes como el dispositivo de seguridad. Entre otras medidas, no se permitir\u00eda la presencia de hinchas visitantes, m\u00e1xime vestidos con los colores de sus equipos, fuera de la zona acotada en ambos recintos deportivos.<\/p>\n<p><img decoding=\"async\" src=\"https:\/\/www.europesays.com\/es\/wp-content\/uploads\/2025\/10\/6719e990-7a4c-43d8-8788-b026a451a835_800x533.jpeg\" loading=\"lazy\"\/><\/p>\n<p class=\"parrafo\">Lo curioso en el caso de los ultras del conjunto franc\u00e9s, conocidos como <strong>Les Identitiers<\/strong> y mayor\u00eda en el barrio conocido como <strong>Nuevo Lyon<\/strong>, son radicales de extrema derecha, igual que ocurre con los <strong>Supporters Gol Sur<\/strong> y &#8216;<strong>United Family<\/strong>&#8216;, enfrentados entre ellos, pero que comparten el mismo lado en teor\u00eda de las inclinaciones pol\u00edticas. Se da el caso de que los seguidores m\u00e1s peligrosos de &#8216;<strong>Les Gones<\/strong>&#8216; ya han protagonizado altercados con sus vecinos del <strong>PSG<\/strong> y en varios desplazamientos por <strong>Europa<\/strong>.<\/p>\n<p><a class=\"elementos-rel-t2\" href=\"https:\/\/www.estadiodeportivo.com\/futbol\/sevilla-fc\/tres-ultras-detenidos-178-identificados-una-pelea-masiva-evitada-por-policia-20250331-488791.html\" title=\"Tres ultras detenidos, 178 identificados y una pelea masiva evitada por la Polic\u00eda\" rel=\"nofollow noopener\" target=\"_blank\">Tres ultras detenidos, 178 identificados y una pelea masiva evitada por la Polic\u00eda<img decoding=\"async\" src=\"https:\/\/www.europesays.com\/es\/wp-content\/uploads\/2025\/10\/bd53b6ab-0ce4-40c9-902b-78f15c1c294d_320x180.jpeg\" alt=\"Tres ultras detenidos, 178 identificados y una pelea masiva evitada por la Polic\u00eda\"\/><\/a><a class=\"elementos-rel-t2\" href=\"https:\/\/www.estadiodeportivo.com\/estar-al-dia\/al-toque\/los-ultras-sevilla-betis-quedaron-viapol-antes-del-derbi-para-pelearse-20241011-467311.html\" title=\"Los ultras de Sevilla y Betis quedaron en Viapol antes del derbi para pelearse\" rel=\"nofollow noopener\" target=\"_blank\">Los ultras de Sevilla y Betis quedaron en Viapol antes del derbi para pelearse<img decoding=\"async\" src=\"https:\/\/www.europesays.com\/es\/wp-content\/uploads\/2025\/10\/8b3aa2e4-9792-403b-a71d-95206b68feb2_320x180.jpeg\" alt=\"Los ultras de Sevilla y Betis quedaron en Viapol antes del derbi para pelearse\"\/><\/a><a class=\"elementos-rel-t2\" href=\"https:\/\/www.estadiodeportivo.com\/futbol\/sevilla-fc\/una-pelea-entre-ultras-antes-del-derbi-reyes-del-deja-condenados-20250211-482051.html\" title=\"Una pelea entre ultras antes del derbi de Reyes del 3-5 deja 23 condenados\" rel=\"nofollow noopener\" target=\"_blank\">Una pelea entre ultras antes del derbi de Reyes del 3-5 deja 23 condenados<img decoding=\"async\" src=\"https:\/\/www.europesays.com\/es\/wp-content\/uploads\/2025\/10\/84327d67-0c75-48fe-83d2-8514731d8821_320x180.png\" alt=\"Una pelea entre ultras antes del derbi de Reyes del 3-5 deja 23 condenados\"\/><\/a>La colaboraci\u00f3n con los &#8216;Boixos Nois&#8217; sigue pasando factura a &#8216;United Family&#8217;<\/p>\n<p class=\"parrafo\">En el comunicado difundido a mediados de esta semana por <strong>Antiviolencia<\/strong>, <a href=\"https:\/\/www.estadiodeportivo.com\/estar-al-dia\/al-toque\/detenidos-miembros-boixos-nois-united-family-por-trifulca-previa-final-ultima-copa-del-rey-20251010-515896.html\" target=\"_blank\" class=\"intext-link\" rel=\"nofollow noopener\">tambi\u00e9n se propusieron sanciones a 22 aficionados por los enfrentamientos registrados antes de la final de la \u00faltima edici\u00f3n de la Copa del Rey de f\u00fatbol<\/a>, disputada el pasado <strong>26 de abril de 2025<\/strong> en el <strong>Estadio de La Cartuja<\/strong>. Miembros de los grupos ultras &#8216;<strong>Boixos Nois<\/strong>&#8216; (partidarios del <strong>FC Barcelona<\/strong>) y &#8216;<strong>United Family<\/strong>&#8216; (del <strong>Real Betis<\/strong>) protagonizaron incidentes en la <strong>Plaza de San Francisco<\/strong> de <strong>Sevilla<\/strong> la tarde previa al partido entre el <strong>Real Madrid<\/strong> y el <strong>Bar\u00e7a<\/strong>. Unos <strong>80 radicales<\/strong> arremetieron contra la <strong>Polic\u00eda<\/strong> <strong>Nacional<\/strong> desplegada en el centro de la ciudad, lanzaron mesas, sillas y otros objetos del mobiliario urbano contra los agentes y provocaron destrozos en establecimientos de la zona. Por ello, refiere Efe, se les han trasladado peticiones de multas de <strong>5.000 euros<\/strong> y la <strong>prohibici\u00f3n de acceso a recintos deportivos<\/strong> durante un periodo de <strong>12 meses <\/strong>por la comisi\u00f3n de infracciones <strong>graves<\/strong>.<\/p>\n<p><img decoding=\"async\" src=\"https:\/\/www.europesays.com\/es\/wp-content\/uploads\/2025\/10\/7d5b288a-f24d-4c2b-ac02-7fa5b3befd15_800x420.png\" loading=\"lazy\"\/><\/p>\n","protected":false},"excerpt":{"rendered":"La Comisi\u00f3n Estatal contra la Violencia, el Racismo y la Intolerancia en el Deporte ha acordado la designaci\u00f3n&hellip;\n","protected":false},"author":2,"featured_media":211428,"comment_status":"","ping_status":"","sticky":false,"template":"","format":"standard","meta":{"footnotes":""},"categories":[268],"tags":[3409,168,25,24,284,280,282,7707,286,2993,281,23,167],"class_list":{"0":"post-211427","1":"post","2":"type-post","3":"status-publish","4":"format-standard","5":"has-post-thumbnail","7":"category-futbol","8":"tag-atletico-de-madrid","9":"tag-deportes","10":"tag-es","11":"tag-espana","12":"tag-estadio-deportivo","13":"tag-football","14":"tag-futbol","15":"tag-lyon","16":"tag-real-betis-balompie","17":"tag-sevilla-futbol-club","18":"tag-soccer","19":"tag-spain","20":"tag-sports"},"share_on_mastodon":{"url":"https:\/\/pubeurope.com\/@es\/115470671253398417","error":""},"_links":{"self":[{"href":"https:\/\/www.europesays.com\/es\/wp-json\/wp\/v2\/posts\/211427","targetHints":{"allow":["GET"]}}],"collection":[{"href":"https:\/\/www.europesays.com\/es\/wp-json\/wp\/v2\/posts"}],"about":[{"href":"https:\/\/www.europesays.com\/es\/wp-json\/wp\/v2\/types\/post"}],"author":[{"embeddable":true,"href":"https:\/\/www.europesays.com\/es\/wp-json\/wp\/v2\/users\/2"}],"replies":[{"embeddable":true,"href":"https:\/\/www.europesays.com\/es\/wp-json\/wp\/v2\/comments?post=211427"}],"version-history":[{"count":0,"href":"https:\/\/www.europesays.com\/es\/wp-json\/wp\/v2\/posts\/211427\/revisions"}],"wp:featuredmedia":[{"embeddable":true,"href":"https:\/\/www.europesays.com\/es\/wp-json\/wp\/v2\/media\/211428"}],"wp:attachment":[{"href":"https:\/\/www.europesays.com\/es\/wp-json\/wp\/v2\/media?parent=211427"}],"wp:term":[{"taxonomy":"category","embeddable":true,"href":"https:\/\/www.europesays.com\/es\/wp-json\/wp\/v2\/categories?post=211427"},{"taxonomy":"post_tag","embeddable":true,"href":"https:\/\/www.europesays.com\/es\/wp-json\/wp\/v2\/tags?post=211427"}],"curies":[{"name":"wp","href":"https:\/\/api.w.org\/{rel}","templated":true}]}}