{"id":211479,"date":"2025-10-31T21:02:08","date_gmt":"2025-10-31T21:02:08","guid":{"rendered":"https:\/\/www.europesays.com\/es\/211479\/"},"modified":"2025-10-31T21:02:08","modified_gmt":"2025-10-31T21:02:08","slug":"que-centros-comerciales-abren-en-sevilla-el-1-de-noviembre-estos-son-los-horarios","status":"publish","type":"post","link":"https:\/\/www.europesays.com\/es\/211479\/","title":{"rendered":"Que centros comerciales abren en Sevilla el 1 de noviembre: estos son los horarios"},"content":{"rendered":"<p style=\"\">El 1 de noviembre, <strong>D\u00eda de Todos los Santos<\/strong>, es festivo nacional en Espa\u00f1a. Muchos aprovechan su d\u00eda no laborable para ir al cementerio, limpiar las l\u00e1pidas de sus familiares y cambiar las flores, tal y como dicta la tradici\u00f3n. Sin embargo, este a\u00f1o  &#8230; aunque caiga en s\u00e1bado, muchos trabajadores no pueden realizarlo porque tienen que trabajar. <\/p>\n<p class=\"voc-p\" style=\"\">Este es el caso de los peque\u00f1os comercios y la hosteler\u00eda, propios de los <strong>centros comerciales<\/strong>. En Sevilla, en el d\u00eda de Todos los Santos, los dependientes, los camareros y el personal de los cines acudir\u00e1n a sus puestos de trabajo ya que, la gran mayor\u00eda de los centros comerciales abrir\u00e1n sus puertas. Pr\u00e1cticamente, estos <strong>mantendr\u00e1n sus  horarios  normales<\/strong> incluyendo peque\u00f1as variaciones, seg\u00fan el centro y el tipo de establecimiento. <\/p>\n<p class=\"voc-p\" style=\"\">El <strong>Centro Comercial Torre Sevilla<\/strong> funcionar\u00e1 con su horario habitual, de 10:00 a 22:00 horas en tiendas. La zona de restauraci\u00f3n abrir\u00e1 de 10:00 a 00:30 horas, como un fin de semana corriente. El \u00fanico cambio se producir\u00e1 en el gimnasio, que reducir\u00e1 su horario de 09:00 a 15:00 horas, en lugar de su cierre habitual de los s\u00e1bados a las 20:00.<\/p>\n<p class=\"voc-p\" style=\"\">Tambi\u00e9n, en el <strong>Centro Comercial Los Arcos<\/strong> habr\u00e1 normalidad. Las tiendas mantendr\u00e1n su horario de 10:00 a 22:00 horas, mientras que los restaurantes y el cine permanecer\u00e1n abiertos de 12:00 a 00:00 horas. <\/p>\n<p class=\"voc-p\" style=\"\">Algo similar suceder\u00e1, en el <strong>Centro Comercial Lagoh<\/strong> tampoco cerrar\u00e1 por festivo. Sus tiendas abrir\u00e1n de 10:00 a 22:00 horas, pero s\u00ed existir\u00e1n peque\u00f1os ajustes en el resto de comercios. El gimnasio recortar\u00e1 su horario de apertura, de 08:00 a 21:00 horas, en lugar de 07:30 a 22:30, mientras que los restaurantes ampliar\u00e1n su horario una hora m\u00e1s, cerrando a la 1:00 de la madrugada.<\/p>\n<p class=\"voc-p\" style=\"\">Por su parte, el <strong>Centro Comercial Nervi\u00f3n Plaza<\/strong> s\u00ed modificar\u00e1 sus horarios con motivo de la festividad. Las tiendas abrir\u00e1n \u00fanicamente de de 12:00 a 20:00 horas, mientras que el resto de negocios mantendr\u00e1n sus horarios habituales: los restaurantes, de 09:00 a 01:00 horas; el supermercado, de 09:00 a 22:00 horas; y los cines de 11:30 a 12:30 y de 15:30 a 22:30 horas.<\/p>\n<p class=\"voc-p\" style=\"\">El <strong>Sevilla Fashion Outlet<\/strong> abrir\u00e1 el s\u00e1bado en su horario habitual, de 10:00 a 22:00 horas, pero permanecer\u00e1 cerrado el domingo 2 de noviembre. Al igual que el <strong>Centro Comercial AireSur<\/strong>, que operar\u00e1 con total normalidad el s\u00e1bado festivo. En este, su zona comercial abrir\u00e1 de 10:00 a 22:00 horas, el playground Globbing funcionar\u00e1 de 12:00 a 14:00 y de 17:00 a 21:00 horas, y el gimnasio, de 09:00 a 22:00 horas.<\/p>\n<p>\nOtros\n<\/p>\n<p class=\"voc-p\" style=\"\">Tambi\u00e9n tanto el <strong>Corte Ingl\u00e9s de Plaza del Duque como el de Nervi\u00f3n<\/strong> abrir\u00e1 el s\u00e1bado 1 de noviembre con normalidad. No obstante, aprovechar\u00e1 este domingo con motivo de la festividad para cerrar sus puertas, siendo as\u00ed el \u00fanico d\u00eda del mes en el que permanecer\u00e1 cerrado. Por su parte, <strong>IKEA Sevilla<\/strong> abrir\u00e1 el s\u00e1bado de 10:00 a 21:00 horas.<\/p>\n<p class=\"voc-p\" style=\"\">Como hemos podido comprobar, a pesar de ser el d\u00eda de Todos los Santos, Sevilla no parar\u00e1 y seguir\u00e1 manteniendo su actividad, por lo menos, en los centros comerciales.<\/p>\n","protected":false},"excerpt":{"rendered":"El 1 de noviembre, D\u00eda de Todos los Santos, es festivo nacional en Espa\u00f1a. Muchos aprovechan su d\u00eda&hellip;\n","protected":false},"author":2,"featured_media":211480,"comment_status":"","ping_status":"","sticky":false,"template":"","format":"standard","meta":{"footnotes":""},"categories":[80],"tags":[12872,82,4114,10153,95,94,25,24,4074,15355,1171,23],"class_list":{"0":"post-211479","1":"post","2":"type-post","3":"status-publish","4":"format-standard","5":"has-post-thumbnail","7":"category-economia","8":"tag-abren","9":"tag-business","10":"tag-centros","11":"tag-comerciales","12":"tag-economia","13":"tag-economy","14":"tag-es","15":"tag-espana","16":"tag-horarios","17":"tag-noviembre","18":"tag-sevilla","19":"tag-spain"},"share_on_mastodon":{"url":"https:\/\/pubeurope.com\/@es\/115470804216148392","error":""},"_links":{"self":[{"href":"https:\/\/www.europesays.com\/es\/wp-json\/wp\/v2\/posts\/211479","targetHints":{"allow":["GET"]}}],"collection":[{"href":"https:\/\/www.europesays.com\/es\/wp-json\/wp\/v2\/posts"}],"about":[{"href":"https:\/\/www.europesays.com\/es\/wp-json\/wp\/v2\/types\/post"}],"author":[{"embeddable":true,"href":"https:\/\/www.europesays.com\/es\/wp-json\/wp\/v2\/users\/2"}],"replies":[{"embeddable":true,"href":"https:\/\/www.europesays.com\/es\/wp-json\/wp\/v2\/comments?post=211479"}],"version-history":[{"count":0,"href":"https:\/\/www.europesays.com\/es\/wp-json\/wp\/v2\/posts\/211479\/revisions"}],"wp:featuredmedia":[{"embeddable":true,"href":"https:\/\/www.europesays.com\/es\/wp-json\/wp\/v2\/media\/211480"}],"wp:attachment":[{"href":"https:\/\/www.europesays.com\/es\/wp-json\/wp\/v2\/media?parent=211479"}],"wp:term":[{"taxonomy":"category","embeddable":true,"href":"https:\/\/www.europesays.com\/es\/wp-json\/wp\/v2\/categories?post=211479"},{"taxonomy":"post_tag","embeddable":true,"href":"https:\/\/www.europesays.com\/es\/wp-json\/wp\/v2\/tags?post=211479"}],"curies":[{"name":"wp","href":"https:\/\/api.w.org\/{rel}","templated":true}]}}