{"id":211483,"date":"2025-10-31T21:04:08","date_gmt":"2025-10-31T21:04:08","guid":{"rendered":"https:\/\/www.europesays.com\/es\/211483\/"},"modified":"2025-10-31T21:04:08","modified_gmt":"2025-10-31T21:04:08","slug":"koldo-molesto-con-sanchez-por-menospreciar-su-relacion-absolutamente-anecdotica","status":"publish","type":"post","link":"https:\/\/www.europesays.com\/es\/211483\/","title":{"rendered":"Koldo, molesto con S\u00e1nchez por menospreciar su relaci\u00f3n \u00ababsolutamente anecd\u00f3tica\u00bb"},"content":{"rendered":"<p>31\/10\/2025<br \/>\n<br \/><strong><br \/>\nActualizado a las 20:42h.<br \/>\n<\/strong><\/p>\n<p class=\"voc-p\" style=\"\">El que fuera asesor de<strong> Jos\u00e9 Luis \u00c1balos<\/strong> est\u00e1 molesto por las palabras del presidente del Gobierno, Pedro S\u00e1nchez, durante su comparecencia en la comisi\u00f3n de investigaci\u00f3n del Senado sobre la operaci\u00f3n Delorme. <\/p>\n<p class=\"voc-p\" style=\"\">El jefe del Ejecutivo quiso quitar importancia a su relaci\u00f3n  &#8230; con el exescolta y la calific\u00f3 de \u00ababsolutamente anecd\u00f3tica\u00bb, pese a que<a href=\"https:\/\/www.abc.es\/espana\/koldo-grabaciones-ocultas-tumbar-gobierno-20250613191322-nt.html\" target=\"_self\" data-voc-vtm-id=\"in-text-traffic\" title=\" Koldo Garc\u00eda Izaguirre\" data-mrf-link=\"www.abc.es\" rel=\"nofollow noopener\"> Koldo Garc\u00eda Izaguirre<\/a> fue su chofer en el famoso Peugeot, cuando S\u00e1nchez trataba de hacerse con la secretar\u00eda general del PSOE. Koldo se volc\u00f3 en esas primarias y hasta fue el custodio de los avales, llegando a dormir junto a ellos. <\/p>\n<p class=\"voc-p\" style=\"\">Hay abundantes fotograf\u00edas de ambos juntos que atestiguan una cercan\u00eda que ir\u00eda m\u00e1s all\u00e1 de lo anecd\u00f3tico. Adem\u00e1s, el presidente del Gobierno lo lleg\u00f3 a elogiar en un acto calific\u00e1ndolo como \u00abel \u00faltimo aizkolari socialista\u00bb. La imagen que ilustra esta informaci\u00f3n pertenece a una exhibici\u00f3n del deporte rural vasco a la que asisti\u00f3 S\u00e1nchez y vio c\u00f3mo el exescolta part\u00eda troncos. Tambi\u00e9n estaba el que luego ser\u00eda <strong>secretario de Organizaci\u00f3n del PSOE, Santos Cerd\u00e1n<\/strong>, en prisi\u00f3n preventiva por las sospechas de ser el cabecilla de la trama de adjudicaciones.<\/p>\n<p class=\"voc-p\" style=\"\">\u00abLa relaci\u00f3n que yo ten\u00eda con Koldo Garc\u00eda era absolutamente anecd\u00f3tica, es decir, \u00e9l era al final el asesor o una persona de colaboraci\u00f3n de Jos\u00e9 Luis \u00c1balos, con lo cual yo no recuerdo en cu\u00e1ntas ocasiones habr\u00e9 podido hablar con \u00e9l, pero ya le puedo garantizar que han sido <strong>las m\u00ednimas posibles<\/strong>\u00bb, dijo S\u00e1nchez, lo que ha provoc\u00f3 el malestar del exasesor de \u00c1balos, seg\u00fan fuentes de su entorno.<\/p>\n<p><img loading=\"lazy\" decoding=\"async\" width=\"530\" height=\"64\" class=\"logo-premium\" src=\"data:image\/gif;base64,R0lGODlhAQABAAAAACH5BAEKAAEALAAAAAABAAEAAAICTAEAOw==\" alt=\"ABC Premium\"\/><br \/>\nL\u00edmite de sesiones alcanzadas<\/p>\n<ul class=\"listado\">\n<li>El acceso al contenido Premium est\u00e1 abierto por cortes\u00eda del establecimiento donde te encuentras, pero ahora mismo hay demasiados usuarios conectados a la vez. Por favor, int\u00e9ntalo pasados unos minutos.<\/li>\n<\/ul>\n<p>Volver a intentar<\/p>\n<p><img loading=\"lazy\" decoding=\"async\" width=\"530\" height=\"64\" class=\"logo-premium\" src=\"data:image\/gif;base64,R0lGODlhAQABAAAAACH5BAEKAAEALAAAAAABAAEAAAICTAEAOw==\" alt=\"ABC Premium\"\/><br \/>\nHas superado el l\u00edmite de sesiones<\/p>\n<ul class=\"listado\">\n<li>S\u00f3lo puedes tener tres sesiones iniciadas a la vez. Hemos cerrado la sesi\u00f3n m\u00e1s antigua para que sigas navegando sin l\u00edmites en el resto.<\/li>\n<\/ul>\n<p>Sigue navegando<\/p>\n<p>\nArt\u00edculo solo para suscriptores\n<\/p>\n<p>Reportar un error<\/p>\n","protected":false},"excerpt":{"rendered":"31\/10\/2025 Actualizado a las 20:42h. El que fuera asesor de Jos\u00e9 Luis \u00c1balos est\u00e1 molesto por las palabras&hellip;\n","protected":false},"author":2,"featured_media":211484,"comment_status":"","ping_status":"","sticky":false,"template":"","format":"standard","meta":{"footnotes":""},"categories":[8],"tags":[9442,57159,17,18,25,24,13,14,11,4164,19,20,30463,26903,9,10,15,16,5977,199,23,12,21,22],"class_list":{"0":"post-211483","1":"post","2":"type-post","3":"status-publish","4":"format-standard","5":"has-post-thumbnail","7":"category-espana","8":"tag-absolutamente","9":"tag-anecdotica","10":"tag-breaking-news","11":"tag-breakingnews","12":"tag-es","13":"tag-espana","14":"tag-featured-news","15":"tag-featurednews","16":"tag-headlines","17":"tag-koldo","18":"tag-latest-news","19":"tag-latestnews","20":"tag-menospreciar","21":"tag-molesto","22":"tag-news","23":"tag-noticias","24":"tag-noticias-destacadas","25":"tag-noticiasdestacadas","26":"tag-relacion","27":"tag-sanchez","28":"tag-spain","29":"tag-titulares","30":"tag-ultimas-noticias","31":"tag-ultimasnoticias"},"share_on_mastodon":{"url":"https:\/\/pubeurope.com\/@es\/115470812142004277","error":""},"_links":{"self":[{"href":"https:\/\/www.europesays.com\/es\/wp-json\/wp\/v2\/posts\/211483","targetHints":{"allow":["GET"]}}],"collection":[{"href":"https:\/\/www.europesays.com\/es\/wp-json\/wp\/v2\/posts"}],"about":[{"href":"https:\/\/www.europesays.com\/es\/wp-json\/wp\/v2\/types\/post"}],"author":[{"embeddable":true,"href":"https:\/\/www.europesays.com\/es\/wp-json\/wp\/v2\/users\/2"}],"replies":[{"embeddable":true,"href":"https:\/\/www.europesays.com\/es\/wp-json\/wp\/v2\/comments?post=211483"}],"version-history":[{"count":0,"href":"https:\/\/www.europesays.com\/es\/wp-json\/wp\/v2\/posts\/211483\/revisions"}],"wp:featuredmedia":[{"embeddable":true,"href":"https:\/\/www.europesays.com\/es\/wp-json\/wp\/v2\/media\/211484"}],"wp:attachment":[{"href":"https:\/\/www.europesays.com\/es\/wp-json\/wp\/v2\/media?parent=211483"}],"wp:term":[{"taxonomy":"category","embeddable":true,"href":"https:\/\/www.europesays.com\/es\/wp-json\/wp\/v2\/categories?post=211483"},{"taxonomy":"post_tag","embeddable":true,"href":"https:\/\/www.europesays.com\/es\/wp-json\/wp\/v2\/tags?post=211483"}],"curies":[{"name":"wp","href":"https:\/\/api.w.org\/{rel}","templated":true}]}}