{"id":211497,"date":"2025-10-31T21:18:10","date_gmt":"2025-10-31T21:18:10","guid":{"rendered":"https:\/\/www.europesays.com\/es\/211497\/"},"modified":"2025-10-31T21:18:10","modified_gmt":"2025-10-31T21:18:10","slug":"me-preguntaron-que-como-me-atrevia","status":"publish","type":"post","link":"https:\/\/www.europesays.com\/es\/211497\/","title":{"rendered":"Me preguntaron que c\u00f3mo me atrev\u00eda"},"content":{"rendered":"<p class=\"ft-text\"><strong>Tamara Falc\u00f3 siempre acapara la atenci\u00f3n de la audiencia<\/strong>. La colaboradora de &#8216;El Hormiguero&#8217;, programa presentado por Pablo Motos, estuvo presente en la \u00faltima tertulia de actualidad del programa, donde explic\u00f3 una an\u00e9cdota que vivi\u00f3 con la Guardia Civil.<\/p>\n<p class=\"ft-text\"><strong>La marquesa de Gri\u00f1\u00f3n relat\u00f3 que los agentes de seguridad la detuvieron inesperadamente en mitad de la carretera<\/strong>, un hecho que llam\u00f3 poderosamente su atenci\u00f3n hasta que finalmente comprendi\u00f3 el motivo de la parada. \u00abEs que no me parece tan il\u00f3gico lo que me pas\u00f3\u00bb, comparti\u00f3.<\/p>\n<p class=\"ft-text\">La colaboradora empez\u00f3 explicando la historia: \u00abEstaba haciendo un cambio de sentido y justamente me toc\u00f3 en frente la Guardia Civil. <strong>Iban muy lentos y entonces, como era de noche, les di las largas. Y claro, me pararon<\/strong>\u00ab.<\/p>\n<p class=\"ft-text\">El motivo por el que decidi\u00f3 hacerles largarse era que \u00abno iba lo suficientemente r\u00e1pido\u00bb. Cuando se lo coment\u00f3 a los agentes, alucinaron: \u00ab<strong>Me preguntaron que c\u00f3mo me atrev\u00eda a darle las largas a la Guardia Civil<\/strong>\u00ab.<\/p>\n<p class=\"ft-text\">No solo activ\u00f3 las largas una vez, sino que lo hizo hasta en dos ocasiones: \u00ab<strong>Se bajaron y me dijeron: &#8216;\u00bfPero usted?&#8217;<\/strong>\u00ab.<\/p>\n<p class=\"ft-text\">En ese instante, la marquesa de Gri\u00f1\u00f3n contest\u00f3 a los dos agentes de la Guardia Civil: \u00ab<strong>Pero se\u00f1ores agentes, es que ustedes iban muy lentos<\/strong>\u00ab.<\/p>\n<p class=\"ft-text\">La Guardia Civil le explic\u00f3 que estaba prohibido dar las largas, algo que ella desconoc\u00eda por completo. Aunque ella pensaba que todo el mundo activaba las largas \u00ab<strong>cuando alguien va despacio\u00bb para adelantarlos, seg\u00fan coment\u00f3 en &#8216;El Hormiguero&#8217;<\/strong>.<\/p>\n","protected":false},"excerpt":{"rendered":"Tamara Falc\u00f3 siempre acapara la atenci\u00f3n de la audiencia. La colaboradora de &#8216;El Hormiguero&#8217;, programa presentado por Pablo&hellip;\n","protected":false},"author":2,"featured_media":211498,"comment_status":"","ping_status":"","sticky":false,"template":"","format":"standard","meta":{"footnotes":""},"categories":[171],"tags":[14271,4083,146,147,25,24,5177,2313,17775,23,5176,214],"class_list":{"0":"post-211497","1":"post","2":"type-post","3":"status-publish","4":"format-standard","5":"has-post-thumbnail","7":"category-tv","8":"tag-colaboradora","9":"tag-desvela","10":"tag-entertainment","11":"tag-entretenimiento","12":"tag-es","13":"tag-espana","14":"tag-falco","15":"tag-fuera-de-juego","16":"tag-hormiguero","17":"tag-spain","18":"tag-tamara","19":"tag-tv"},"share_on_mastodon":{"url":"https:\/\/pubeurope.com\/@es\/115470867110468091","error":""},"_links":{"self":[{"href":"https:\/\/www.europesays.com\/es\/wp-json\/wp\/v2\/posts\/211497","targetHints":{"allow":["GET"]}}],"collection":[{"href":"https:\/\/www.europesays.com\/es\/wp-json\/wp\/v2\/posts"}],"about":[{"href":"https:\/\/www.europesays.com\/es\/wp-json\/wp\/v2\/types\/post"}],"author":[{"embeddable":true,"href":"https:\/\/www.europesays.com\/es\/wp-json\/wp\/v2\/users\/2"}],"replies":[{"embeddable":true,"href":"https:\/\/www.europesays.com\/es\/wp-json\/wp\/v2\/comments?post=211497"}],"version-history":[{"count":0,"href":"https:\/\/www.europesays.com\/es\/wp-json\/wp\/v2\/posts\/211497\/revisions"}],"wp:featuredmedia":[{"embeddable":true,"href":"https:\/\/www.europesays.com\/es\/wp-json\/wp\/v2\/media\/211498"}],"wp:attachment":[{"href":"https:\/\/www.europesays.com\/es\/wp-json\/wp\/v2\/media?parent=211497"}],"wp:term":[{"taxonomy":"category","embeddable":true,"href":"https:\/\/www.europesays.com\/es\/wp-json\/wp\/v2\/categories?post=211497"},{"taxonomy":"post_tag","embeddable":true,"href":"https:\/\/www.europesays.com\/es\/wp-json\/wp\/v2\/tags?post=211497"}],"curies":[{"name":"wp","href":"https:\/\/api.w.org\/{rel}","templated":true}]}}