{"id":211551,"date":"2025-10-31T21:57:09","date_gmt":"2025-10-31T21:57:09","guid":{"rendered":"https:\/\/www.europesays.com\/es\/211551\/"},"modified":"2025-10-31T21:57:09","modified_gmt":"2025-10-31T21:57:09","slug":"rodrigo-contreras-gana-la-8a-etapa-en-patzun-cristian-munoz-resiste-de-lider","status":"publish","type":"post","link":"https:\/\/www.europesays.com\/es\/211551\/","title":{"rendered":"Rodrigo Contreras gana la 8\u00aa etapa en Patz\u00fan, Cristian Mu\u00f1oz resiste de l\u00edder"},"content":{"rendered":"<p>&#13;<br \/>\n&#13;<\/p>\n<p><img loading=\"lazy\" decoding=\"async\" src=\"https:\/\/www.europesays.com\/es\/wp-content\/uploads\/2025\/10\/rodrigo-contreras-vuelta-guatemala-et8-2025-fedeguatemala-fb.jpg\" width=\"556\" height=\"418\" class=\"setborder\" alt=\"Vuelta a Guatemala: Rodrigo Contreras gana la 8\u00aa etapa en Patz\u00fan, Cristian Mu\u00f1oz resiste de l\u00edder\" title=\"Vuelta a Guatemala: Rodrigo Contreras gana la 8\u00aa etapa en Patz\u00fan, Cristian Mu\u00f1oz resiste de l\u00edder\"\/><br \/>\n&#13;<br \/>\n&#13;<br \/>\n&#13;<br \/>\n<a href=\"https:\/\/www.esciclismo.com\/actualidad\/esciclismo\/\" rel=\"nofollow noopener\" target=\"_blank\">EsCiclismo.com<\/a> \u00b7 <a href=\"https:\/\/www.esciclismo.com\/actualidad\/carretera\/\" rel=\"nofollow noopener\" target=\"_blank\">Competici\u00f3n Carretera<\/a>  \u00b7 31\/10\/2025<\/p>\n<p>El ciclista colombiano Rodrigo Contreras (Nu Colombia) se impuso este viernes en la octava etapa de la 64\u00aa edici\u00f3n de la Vuelta Internacional a Guatemala, disputada entre San Juan La Laguna y Patz\u00fan sobre un recortado pero exigente recorrido de 119,8 kil\u00f3metros.<\/p>\n<p>&#13;<\/p>\n<p><b id=\"P1\"\/>El triunfo del exprofesional del WorldTour se gest\u00f3 tras una larga escapada junto al guatemalteco Fredy Orlando Toc (ECA Electricidad Ciclismo), quien fue segundo en la meta situada frente a la Municipalidad de Patz\u00fan. El l\u00edder de la general, Cristian Camilo Mu\u00f1oz (Nu Colombia), logr\u00f3 conservar el maillot amarillo por apenas cuatro segundos tras una jornada de desgaste m\u00e1ximo.<\/p>\n<p>&#13;<br \/>\nMonta\u00f1a desde el inicio y batalla entre los favoritos&#13;<\/p>\n<p><b id=\"P2\"\/>La etapa m\u00e1s esperada de la semana arranc\u00f3 a las 10:00 h locales con una temperatura agradable de 23\u00baC y un recorrido repleto de dificultades monta\u00f1osas. El pelot\u00f3n comenz\u00f3 a fracturarse desde las primeras rampas del Mirador de Santa Clara, donde un grupo de nueve corredores, entre ellos los favoritos Cristian Mu\u00f1oz, Yesid Pira, Robinson Fabi\u00e1n L\u00f3pez y Fredy Toc, marcaron el primer corte serio del d\u00eda.<\/p>\n<p>&#13;<\/p>\n<p>En el Alto de Pamezabal (1\u00aa categor\u00eda, 4,6 km al 12,4%), Pira lanz\u00f3 un ataque contundente que s\u00f3lo pudo ser seguido por Carlos Alberto Guti\u00e9rrez (Movistar-Best PC) y Fredy Toc. El tr\u00edo pas\u00f3 por la cima con ventajas significativas sobre un grupo perseguidor en el que rodaban los hombres clave de la clasificaci\u00f3n general, incluido el l\u00edder Mu\u00f1oz.<\/p>\n<p>&#13;<br \/>\nSe forma el grupo de \u00e9lite camino de Patz\u00fan&#13;<\/p>\n<p>A partir del kil\u00f3metro 35, los grupos se fusionaron para formar un octeto de lujo en cabeza con ciclistas de Nu Colombia, GW-Erco-Shimano, Hino-One-La Red, Movistar-Best PC y ECA. El entendimiento fue bueno hasta que, a la altura del kil\u00f3metro 68, Rodrigo Contreras (Nu Colombia) se march\u00f3 en solitario en una maniobra t\u00e1ctica, a la que m\u00e1s tarde se sum\u00f3 Fredy Toc.<\/p>\n<p>&#13;<\/p>\n<p><b id=\"P4\"\/>Ambos corredores colaboraron a la perfecci\u00f3n durante casi 50 kil\u00f3metros, abriendo una ventaja superior a los dos minutos sobre un grupo perseguidor compuesto por trece ciclistas de alto nivel, entre ellos Yesid Pira, \u00d3scar Santiago Garz\u00f3n, Jos\u00e9 Ram\u00f3n Mu\u00f1iz o Juan Diego Alba.<\/p>\n<p>&#13;<br \/>\nContreras remata, Mu\u00f1oz aguanta&#13;<\/p>\n<p><b id=\"P5\"\/>En los \u00faltimos 300 metros, Contreras lanz\u00f3 el sprint con decisi\u00f3n y cruz\u00f3 la meta con un tiempo de 3 horas, 16 minutos y 25 segundos, logrando adem\u00e1s los 10 segundos de bonificaci\u00f3n que le a\u00fapan al octavo puesto de la general. Toc, exhausto tras su segundo intento de victoria en esta edici\u00f3n, tuvo que conformarse con la segunda plaza. Yesid Pira lleg\u00f3 tercero a 1:25, mientras que Mu\u00f1oz cruz\u00f3 la l\u00ednea junto a sus principales rivales a 1:34 del vencedor, defendiendo su liderato un d\u00eda m\u00e1s.<\/p>\n<p>&#13;<\/p>\n<p>Carlos Guti\u00e9rrez, tras una jornada combativa, cedi\u00f3 1:49 aunque se mantuvo en el tercer puesto de la general, mientras que Garz\u00f3n, cuarto en la etapa, se mantiene segundo a s\u00f3lo cuatro segundos del l\u00edder.<\/p>\n<p>&#13;<br \/>\nEl mejor guatemalteco&#13;<\/p>\n<p>Fredy Orlando Toc (ECA Electricidad Ciclismo) fue el mejor ciclista local tanto en la etapa como en la general, con una destacada segunda posici\u00f3n en la jornada y una presencia constante en las escapadas de monta\u00f1a.<\/p>\n<p>&#13;<br \/>\nPr\u00f3xima etapa: jornada reina con final en Antigua Guatemala&#13;<\/p>\n<p>La novena etapa de la <a href=\"https:\/\/www.esciclismo.com\/especiales\/vuelta-guatemala\/\" rel=\"nofollow noopener\" target=\"_blank\">Vuelta a Guatemala<\/a> llevar\u00e1 al pelot\u00f3n desde Chimaltenango hasta la hist\u00f3rica ciudad de Antigua Guatemala sobre 200,3 kil\u00f3metros, en la que ser\u00e1 la jornada m\u00e1s larga de esta edici\u00f3n. El trazado incluye una ascensi\u00f3n final a Alotenango &#8211; Gasolinera Puma (1\u00aa categor\u00eda) con 26,2 kil\u00f3metros al 4,5% de pendiente media. Con las diferencias tan ajustadas, el maillot amarillo est\u00e1 en serio peligro.<\/p>\n<p>&#13;<\/p>\n<p><b>Clasificaciones de la Vuelta a Guatemala 2025 &#8211; Etapa 8<\/b> [<a href=\"https:\/\/www.esciclismo.com\/actualidad\/carretera\/88632.html\" title=\"Clasificaciones de la Vuelta a Guatemala 2025 - Etapa 8\" rel=\"nofollow noopener\" target=\"_blank\">Clasificaciones completas<\/a>]<\/p>\n<p>&#13;<\/p>\n<p><b>Clasificaci\u00f3n de la 8\u00aa etapa:<\/b><br \/>&#13;<br \/>\n1. Rodrigo Contreras (COL\/Nu Colombia) &#8211; 3:16:25<br \/>&#13;<br \/>\n2. Fredy Orlando Toc (GTM\/ECA Electricidad Ciclismo) &#8211; m.t.<br \/>&#13;<br \/>\n3. Yesid Albeiro Pira (COL\/Hino-One-La Red) a 1:25<br \/>&#13;<br \/>\n4. \u00d3scar Santiago Garz\u00f3n (COL\/GW-Erco-Shimano) a 1:34<br \/>&#13;<br \/>\n5. Cristian Camilo Mu\u00f1oz (COL\/Nu Colombia) a 1:34<br \/>&#13;<br \/>\n6. Javier Jamaica (COL\/Nu Colombia) a 1:34<br \/>&#13;<br \/>\n7. Gerson Toc (GTM\/ECA Electricidad Ciclismo) a 1:34<br \/>&#13;<br \/>\n8. Carlos Alberto Guti\u00e9rrez (COL\/Movistar-Best PC) a 1:49<br \/>&#13;<br \/>\n9. Jos\u00e9 Ram\u00f3n Mu\u00f1iz (MEX\/Olinka-Specialized) a 1:56<br \/>&#13;<br \/>\n10. Juan Diego Alba (COL\/Nu Colombia) a  1:56<\/p>\n<p>&#13;<\/p>\n<p><b>Clasificaci\u00f3n general tras la 8\u00aa etapa:<\/b><br \/>&#13;<br \/>\n1. Cristian Camilo Mu\u00f1oz (COL\/Nu Colombia) &#8211; 28:17:43<br \/>&#13;<br \/>\n2. \u00d3scar Santiago Garz\u00f3n (COL\/GW-Erco-Shimano) a 0:04<br \/>&#13;<br \/>\n3. Carlos Alberto Guti\u00e9rrez (COL\/Movistar-Best PC) a 0:19<br \/>&#13;<br \/>\n4. Yesid Albeiro Pira (COL\/Hino-One-La Red) a 4:07<br \/>&#13;<br \/>\n5. Bryan Raul Obando (ECU\/Movistar-Best PC) a 5:38<br \/>&#13;<br \/>\n6. Robinson Fabi\u00e1n L\u00f3pez (COL\/GW-Erco-Shimano) a 5:57<br \/>&#13;<br \/>\n7. Jos\u00e9 Ram\u00f3n Mu\u00f1iz (MEX\/Olinka-Specialized) a 5:59<br \/>&#13;<br \/>\n8. Rodrigo Contreras (COL\/Nu Colombia) a 6:22<br \/>&#13;<br \/>\n9. Julio A. Ispache (GTM\/Decoraba\u00f1os-Bantrab) a 6:48<br \/>&#13;<br \/>\n10. Juan Carlos L\u00f3pez (COL\/GW-Erco-Shimano) a 6:54<\/p>\n<p>&#13;<br \/>\nPr\u00f3xima etapa, 9\u00aa: Chimaltenango &#8211; Antigua Guatemala \/ 200,3 Km.&#13;<\/p>\n<p><img decoding=\"async\" src=\"https:\/\/www.europesays.com\/es\/wp-content\/uploads\/2025\/10\/vuelta-guatemala-et9-perfil-g-2025-fedeguatemala-fb.jpg\" alt=\"Vuelta a Guatemala 2025 - Etapa 9\" title=\"Vuelta a Guatemala 2025 - Etapa 9\" width=\"100%\" loading=\"lazy\"\/><\/p>\n<p>&#13;<br \/>\n&#13;<br \/>\n&#13;<br \/>\nEsCiclismo &#8211; Todos los derechos reservados. Est\u00e1 prohibido todo tipo de reproducci\u00f3n sin autorizaci\u00f3n expresa escrita.<br \/>&#13;<br \/>\n&#13;<\/p>\n","protected":false},"excerpt":{"rendered":"&#13; &#13; &#13; &#13; &#13; EsCiclismo.com \u00b7 Competici\u00f3n Carretera \u00b7 31\/10\/2025 El ciclista colombiano Rodrigo Contreras (Nu Colombia)&hellip;\n","protected":false},"author":2,"featured_media":211552,"comment_status":"","ping_status":"","sticky":false,"template":"","format":"standard","meta":{"footnotes":""},"categories":[273],"tags":[313,1757,1803,10084,13651,312,168,7368,2197,158,25,24,314,14641,15112,61,409,36379,13652,15406,7106,2228,23,167,381,1357],"class_list":{"0":"post-211551","1":"post","2":"type-post","3":"status-publish","4":"format-standard","5":"has-post-thumbnail","7":"category-ciclismo","8":"tag-ciclismo","9":"tag-ciclista","10":"tag-colombia","11":"tag-colombiano","12":"tag-contreras","13":"tag-cycling","14":"tag-deportes","15":"tag-disputada","16":"tag-edicion","17":"tag-el","18":"tag-es","19":"tag-espana","20":"tag-etapa","21":"tag-guatemala","22":"tag-impuso","23":"tag-internacional","24":"tag-juan","25":"tag-laguna","26":"tag-nu","27":"tag-octava","28":"tag-rodrigo","29":"tag-san","30":"tag-spain","31":"tag-sports","32":"tag-viernes","33":"tag-vuelta"},"share_on_mastodon":{"url":"https:\/\/pubeurope.com\/@es\/115471020864674536","error":""},"_links":{"self":[{"href":"https:\/\/www.europesays.com\/es\/wp-json\/wp\/v2\/posts\/211551","targetHints":{"allow":["GET"]}}],"collection":[{"href":"https:\/\/www.europesays.com\/es\/wp-json\/wp\/v2\/posts"}],"about":[{"href":"https:\/\/www.europesays.com\/es\/wp-json\/wp\/v2\/types\/post"}],"author":[{"embeddable":true,"href":"https:\/\/www.europesays.com\/es\/wp-json\/wp\/v2\/users\/2"}],"replies":[{"embeddable":true,"href":"https:\/\/www.europesays.com\/es\/wp-json\/wp\/v2\/comments?post=211551"}],"version-history":[{"count":0,"href":"https:\/\/www.europesays.com\/es\/wp-json\/wp\/v2\/posts\/211551\/revisions"}],"wp:featuredmedia":[{"embeddable":true,"href":"https:\/\/www.europesays.com\/es\/wp-json\/wp\/v2\/media\/211552"}],"wp:attachment":[{"href":"https:\/\/www.europesays.com\/es\/wp-json\/wp\/v2\/media?parent=211551"}],"wp:term":[{"taxonomy":"category","embeddable":true,"href":"https:\/\/www.europesays.com\/es\/wp-json\/wp\/v2\/categories?post=211551"},{"taxonomy":"post_tag","embeddable":true,"href":"https:\/\/www.europesays.com\/es\/wp-json\/wp\/v2\/tags?post=211551"}],"curies":[{"name":"wp","href":"https:\/\/api.w.org\/{rel}","templated":true}]}}