{"id":211557,"date":"2025-10-31T22:01:11","date_gmt":"2025-10-31T22:01:11","guid":{"rendered":"https:\/\/www.europesays.com\/es\/211557\/"},"modified":"2025-10-31T22:01:11","modified_gmt":"2025-10-31T22:01:11","slug":"salen-a-la-luz-los-verdaderos-motivos-detras-de-la-ruptura-de-ana-de-armas-y-tom-cruise","status":"publish","type":"post","link":"https:\/\/www.europesays.com\/es\/211557\/","title":{"rendered":"Salen a la luz los verdaderos motivos detr\u00e1s de la ruptura de Ana de Armas y Tom Cruise"},"content":{"rendered":"\n<p>De acuerdo con fuentes cercanas citadas por Us Weekly, Ana de Armas fue quien decidi\u00f3 terminar la relaci\u00f3n, al sentirse inc\u00f3moda con la velocidad con la que avanzaba el v\u00ednculo. Aunque entre ambos exist\u00eda una qu\u00edmica innegable, la actriz habr\u00eda preferido frenar antes de que la situaci\u00f3n se tornara m\u00e1s seria.<\/p>\n<p>\u00abLas cosas se mov\u00edan r\u00e1pido y ella comenz\u00f3 a sentirse un poco inc\u00f3moda con la rapidez con la que iban\u00bb, dijo la fuente al medio.<\/p>\n<p>Esta versi\u00f3n tambi\u00e9n apunta a que la separaci\u00f3n se produjo de manera amistosa y consensuada: ambos reconocieron que, pese a su buena conexi\u00f3n, no estaban destinados a seguir juntos sentimentalmente.<\/p>\n<p>             <img loading=\"lazy\" decoding=\"async\" src=\"https:\/\/www.europesays.com\/es\/wp-content\/uploads\/2025\/10\/1761948071_322_\" class=\"lazyload\" alt=\"ana-de-armas-y-tom-cruise.png\"  width=\"1200\" height=\"630\"\/> <\/p>\n<p>              Tom Cruise y Ana de Armas<br \/>\n              (Getty Images)<\/p>\n<p>\u00abTienen una conexi\u00f3n\u00bb, comparti\u00f3 la fuente. \u00abVer\u00e1n c\u00f3mo van las cosas en el futuro&#8230; Tom y Ana han terminado por ahora. Quieren seguir siendo amigos, pero ella necesitaba dar un paso atr\u00e1s\u00bb, agreg\u00f3 la fuente.<\/p>\n<p>No obstante, Cruise y de Armas comparten un proyecto cinematogr\u00e1fico en desarrollo, Deeper, lo que los habr\u00eda llevado a manejar la separaci\u00f3n con madurez y evitar que lo personal afecte su trabajo conjunto. Seg\u00fan las fuentes, ambos mantienen un trato cordial y profesional.<\/p>\n","protected":false},"excerpt":{"rendered":"De acuerdo con fuentes cercanas citadas por Us Weekly, Ana de Armas fue quien decidi\u00f3 terminar la relaci\u00f3n,&hellip;\n","protected":false},"author":2,"featured_media":211558,"comment_status":"","ping_status":"","sticky":false,"template":"","format":"standard","meta":{"footnotes":""},"categories":[174],"tags":[10313,255,57170,146,147,25,24,2793,256,57171,23,10314,57172,57173],"class_list":{"0":"post-211557","1":"post","2":"type-post","3":"status-publish","4":"format-standard","5":"has-post-thumbnail","7":"category-famosos","8":"tag-ana-de-armas","9":"tag-celebrities","10":"tag-como-comenzo-la-relacion-de-tom-cruise-y-ana-de-armas","11":"tag-entertainment","12":"tag-entretenimiento","13":"tag-es","14":"tag-espana","15":"tag-espectaculos","16":"tag-famosos","17":"tag-motivos-ruptura-tom-cruise-ana-de-armas","18":"tag-spain","19":"tag-tom-cruise","20":"tag-tom-cruise-y-ana-de-armas","21":"tag-tom-cruise-y-ana-de-armas-ruptura"},"share_on_mastodon":{"url":"https:\/\/pubeurope.com\/@es\/115471036151361356","error":""},"_links":{"self":[{"href":"https:\/\/www.europesays.com\/es\/wp-json\/wp\/v2\/posts\/211557","targetHints":{"allow":["GET"]}}],"collection":[{"href":"https:\/\/www.europesays.com\/es\/wp-json\/wp\/v2\/posts"}],"about":[{"href":"https:\/\/www.europesays.com\/es\/wp-json\/wp\/v2\/types\/post"}],"author":[{"embeddable":true,"href":"https:\/\/www.europesays.com\/es\/wp-json\/wp\/v2\/users\/2"}],"replies":[{"embeddable":true,"href":"https:\/\/www.europesays.com\/es\/wp-json\/wp\/v2\/comments?post=211557"}],"version-history":[{"count":0,"href":"https:\/\/www.europesays.com\/es\/wp-json\/wp\/v2\/posts\/211557\/revisions"}],"wp:featuredmedia":[{"embeddable":true,"href":"https:\/\/www.europesays.com\/es\/wp-json\/wp\/v2\/media\/211558"}],"wp:attachment":[{"href":"https:\/\/www.europesays.com\/es\/wp-json\/wp\/v2\/media?parent=211557"}],"wp:term":[{"taxonomy":"category","embeddable":true,"href":"https:\/\/www.europesays.com\/es\/wp-json\/wp\/v2\/categories?post=211557"},{"taxonomy":"post_tag","embeddable":true,"href":"https:\/\/www.europesays.com\/es\/wp-json\/wp\/v2\/tags?post=211557"}],"curies":[{"name":"wp","href":"https:\/\/api.w.org\/{rel}","templated":true}]}}