{"id":211590,"date":"2025-10-31T22:28:12","date_gmt":"2025-10-31T22:28:12","guid":{"rendered":"https:\/\/www.europesays.com\/es\/211590\/"},"modified":"2025-10-31T22:28:12","modified_gmt":"2025-10-31T22:28:12","slug":"mago-de-oz-publica-el-relato-de-las-canciones-de-malicia-la-noche-de-las-brujas-el-cielo-tosia-tozudamente-sobre-la-piel-de-la-ciudad-de-valencia-mariskalrock-com","status":"publish","type":"post","link":"https:\/\/www.europesays.com\/es\/211590\/","title":{"rendered":"M\u00e4go de Oz publica el relato de las canciones de &quot;Malicia: La noche de las brujas&quot;: &quot;El cielo tos\u00eda tozudamente sobre la piel de la ciudad de Valencia&quot; &#8211; MariskalRock.com"},"content":{"rendered":"<ol>\n<li><a href=\"https:\/\/news.google.com\/rss\/articles\/CBMijwJBVV95cUxNczRSRUJ1NkpucXZoNjIzd05tZG0yaHlEVDR2czZPTFNqb2g1RkJQMVFoWkdrTHJOZ0pKaXhzRERtLTdVY2lrN0w4cHZpMlREZzVrZXg5NUlkaFFIWkJmemNObmJhLWNvMk5RMEt6T1NrUnBXSURfanVWNVBKVkwxbUc4bjY2S2xHMllMMF9yclJGcW0tcXBRMmhPaFhsNkFTVlRxZmpVVF9KTUh3WnRYMXpmZE8tV25PbVVlYmxZOFRXYzV2YWkwQnBRaDZSaXBhalZzdXpYNTltUHplNnJxeWh3TjM5YWt4aXZmaTl0RjlwTHFtTE5VUGhwQnFHWV96ZmVTemZTSXJ3RjRfc0o0?oc=5\" target=\"_blank\" rel=\"nofollow noopener\">M\u00e4go de Oz publica el relato de las canciones de \u00abMalicia: La noche de las brujas\u00bb: \u00abEl cielo tos\u00eda tozudamente sobre la piel de la ciudad de Valencia\u00bb<\/a>&nbsp;&nbsp;MariskalRock.com<\/li>\n<li><a href=\"https:\/\/news.google.com\/rss\/articles\/CBMihAFBVV95cUxNdkw2MUprR3NLRThSNm1ES3oyZVNVdmVOc0UtOG9TZVE3WVp1akRQRldYX2pZWkNPNFUtNjV5X2ZSdGxwQWtoR0dJcW5DZm5neWJkU0lHRjlLOWVWNG5CcWh6MjRCV3VYQjdUQXNuMjF0S3RoaDJkRThac1VHVEFSMHNQU0Q?oc=5\" target=\"_blank\" rel=\"nofollow noopener\">MAGO DE OZ anuncia presentaci\u00f3n en Madrid M\u00e1s fechas de DEEP PURPLE Single de IRON SAVIOR DARWIN estrenan v\u00eddeo<\/a>&nbsp;&nbsp;rafabasa.com<\/li>\n<li><a href=\"https:\/\/news.google.com\/rss\/articles\/CBMiowFBVV95cUxNSDU4R0tQU3IzcTEyd2JpWGJabUwxalBzNWZEbkVuV1JBWVFaOVJ6dERrRGZ6VDZiaWJRZEpTa3c2dWxKa2FoYnFQX0tsTXZWRDF3OW9JU3paakNoT3gxYlZPNU9ldnVQV2NuWENmM3VjUnZoR3J5TzlCa0JZS3FFSU9tdmx6Z0o1RkJoMjQ5U2hZZnpCcXdHQjVyaEF2Q05oaFFn?oc=5\" target=\"_blank\" rel=\"nofollow noopener\">Cr\u00edtica de M\u00e4go de Oz: Malicia, la noche de las brujas<\/a>&nbsp;&nbsp;MariskalRock.com<\/li>\n<li><a href=\"https:\/\/news.google.com\/rss\/articles\/CBMi3gFBVV95cUxPODNyOS1GZU96ckNQa1FuYWVSdUJLVTFJNWpFbkdxWVVNcGNHMlJGbHJCbUdKMzZlUmNKU0hyTmVVR3ZvUndXdloxUlp1VFJScWF1QWlkV1NoRWxjSTVKYXBxY1hMUjNjRDh4YXdkWThiZGltS1pFX1FDNUJ4Ul9Qc3NBQXFQSVJvU1I2ZzFTWXotRW5femRLX3BNb2N5dDhUcGtzLTRTd2VKd1NrYUdib3ZFZjVwMjl4SldzSWxueTEtMzBhVmFGOEo0b0pXMzdDVm9CbEpxeTBaMHVFTFE?oc=5\" target=\"_blank\" rel=\"nofollow noopener\">M\u00e4go de Oz anuncia concierto en el Palacio Vistalegre de Madrid para arrancar su gira \u00abLa noche de las brujas\u00bb<\/a>&nbsp;&nbsp;MariskalRock.com<\/li>\n<li><a href=\"https:\/\/news.google.com\/rss\/articles\/CBMipgFBVV95cUxPQ3hmdzhFNC1xelRvZy1ZWmU3dlhHM2Rlam5QNkVPaGI4WVZzNWVadG5IbmdTV3V0Z1I5SUxyVVNfVkk1R1JYZnoyajh0T2VmMEJhWWotWnFKNVRxcGlpcTVPTllVTWJWNl9UU01weU9qV25FTGxuN3h2RnNKOVJHNVdNSl92MGFiRjZPQWlTZFdmX3B1ajF6dUZFeFBKTndlci10WDF3?oc=5\" target=\"_blank\" rel=\"nofollow noopener\">M\u00c4GO DE OZ ESTRENA SU NUEVO SINGLE \u00abLA NOCHE CELTA\u00bb<\/a>&nbsp;&nbsp;Diario de un Rockero<\/li>\n<\/ol>\n","protected":false},"excerpt":{"rendered":"M\u00e4go de Oz publica el relato de las canciones de \u00abMalicia: La noche de las brujas\u00bb: \u00abEl cielo&hellip;\n","protected":false},"author":2,"featured_media":211591,"comment_status":"","ping_status":"","sticky":false,"template":"","format":"standard","meta":{"footnotes":""},"categories":[170],"tags":[146,147,25,24,4333,56451,4622,184,185,23],"class_list":{"0":"post-211590","1":"post","2":"type-post","3":"status-publish","4":"format-standard","5":"has-post-thumbnail","7":"category-musica","8":"tag-entertainment","9":"tag-entretenimiento","10":"tag-es","11":"tag-espana","12":"tag-mago-de-oz","13":"tag-malicia-la-noche-de-las-brujas","14":"tag-mr2022","15":"tag-music","16":"tag-musica","17":"tag-spain"},"share_on_mastodon":{"url":"https:\/\/pubeurope.com\/@es\/115471142690331346","error":""},"_links":{"self":[{"href":"https:\/\/www.europesays.com\/es\/wp-json\/wp\/v2\/posts\/211590","targetHints":{"allow":["GET"]}}],"collection":[{"href":"https:\/\/www.europesays.com\/es\/wp-json\/wp\/v2\/posts"}],"about":[{"href":"https:\/\/www.europesays.com\/es\/wp-json\/wp\/v2\/types\/post"}],"author":[{"embeddable":true,"href":"https:\/\/www.europesays.com\/es\/wp-json\/wp\/v2\/users\/2"}],"replies":[{"embeddable":true,"href":"https:\/\/www.europesays.com\/es\/wp-json\/wp\/v2\/comments?post=211590"}],"version-history":[{"count":0,"href":"https:\/\/www.europesays.com\/es\/wp-json\/wp\/v2\/posts\/211590\/revisions"}],"wp:featuredmedia":[{"embeddable":true,"href":"https:\/\/www.europesays.com\/es\/wp-json\/wp\/v2\/media\/211591"}],"wp:attachment":[{"href":"https:\/\/www.europesays.com\/es\/wp-json\/wp\/v2\/media?parent=211590"}],"wp:term":[{"taxonomy":"category","embeddable":true,"href":"https:\/\/www.europesays.com\/es\/wp-json\/wp\/v2\/categories?post=211590"},{"taxonomy":"post_tag","embeddable":true,"href":"https:\/\/www.europesays.com\/es\/wp-json\/wp\/v2\/tags?post=211590"}],"curies":[{"name":"wp","href":"https:\/\/api.w.org\/{rel}","templated":true}]}}