{"id":211603,"date":"2025-10-31T22:36:09","date_gmt":"2025-10-31T22:36:09","guid":{"rendered":"https:\/\/www.europesays.com\/es\/211603\/"},"modified":"2025-10-31T22:36:09","modified_gmt":"2025-10-31T22:36:09","slug":"salome-pradas-dice-que-informo-a-mazon-de-todo-lo-que-ocurria-en-el-cecopi-de-la-dana-incluida-la-alerta-a-los-moviles-la-voz-de-galicia","status":"publish","type":"post","link":"https:\/\/www.europesays.com\/es\/211603\/","title":{"rendered":"Salom\u00e9 Pradas dice que inform\u00f3 a Maz\u00f3n de todo lo que ocurr\u00eda en el Cecopi de la dana, incluida la alerta a los m\u00f3viles &#8211; La Voz de Galicia"},"content":{"rendered":"<ol>\n<li><a href=\"https:\/\/news.google.com\/rss\/articles\/CBMi8gFBVV95cUxPZHVzaUxka1JRUTVkZm4tWTVtQVVjcVF3a3lVN2s4dTljZnFjRHhOQndoUmxKT2JCUVgyd2d1RmdadmV6NlZETjk1X0Y1a0xMVGlVWDhfR0h3YjBnS0V0SllzcEZ5c1h3eXZGdlZscFFwd1JFY2N6YXJ5YV9BZHBTb3ZTSGd3Z0RCaHFqZFZlenV5N1ZVdjRyX2hjWklSWFVqbWVDN2tsUDhfTFRCejZzVlROdTc3alUwdHczYTJqYzF5T1ZYby13NFBBTVhXYVBYbEEwMnlqdHBUY3o5cjVPTmQybFVDM3k2R3o0UFlHZDNlZw?oc=5\" target=\"_blank\" rel=\"nofollow noopener\">Salom\u00e9 Pradas dice que inform\u00f3 a Maz\u00f3n de todo lo que ocurr\u00eda en el Cecopi de la dana, incluida la alerta a los m\u00f3viles<\/a>&nbsp;&nbsp;La Voz de Galicia<\/li>\n<li><a href=\"https:\/\/news.google.com\/rss\/articles\/CBMi6AFBVV95cUxObnNaWW9YVmpvcy12b29CNmpsSkpxX3NTdGJveHdkdkhNWFRfVzBWR2ZzdzRMaHdsbk5LOUlYT19JbmpDMk1VQTBRVFhET0Z1QlZoZU8yV0xISDRFWDFDa2hXM2Y1cndiOFNZN2h3YUdDaUtSU0JncEwwcHFmcTBfUm5SWTRXdUtmdU5wUW1kcThBMi11RHFkWHFReFhxanYyZW9ETk40T1VTX2t2UjVHZW5jZ2hsbWxTLUFoYXdCT2wydFREOUN2TTJnOExia1ppSjBhaS1NSFVCZUtqQzJEY2gwRndLZG5U?oc=5\" target=\"_blank\" rel=\"nofollow noopener\">Maz\u00f3n \u201ccancel\u00f3\u201d dos llamadas de Pradas cuando esta quer\u00eda informarle sobre el aviso Es-Alert<\/a>&nbsp;&nbsp;EL PA\u00cdS<\/li>\n<li><a href=\"https:\/\/news.google.com\/rss\/articles\/CBMiuAFBVV95cUxNazY4STVBQjhHME1YaFNLZTdQS3NVZjZwUHNzTWU4S0NQTWdsNmp3bmViaXBGTW9fZTBJS2QyY0p6Z3VpaExxWDBxOU9vQklVWjk1MDJqN0RDSE0zalA4QmFPeDhHYkczdk9SdFRKaW5lb3NKanVWZkZHeUJkT2s3Nk16dDBtRmlkVXpvNEFLYWF0dWZwaFBaUnBGMDRYTEVDTmtwXzVWMEtBOFczSDdPV21XZU03OElL0gG4AUFVX3lxTE44XzlNYlZNVEdQa3QwMkswdVJ2Y0RhZDQxbFJJWWtDc0YyMHV1NDRtVzFqSTVFd3ZIQklfc3h2QVhWOHBzb2hRZUktQmpKRU1CSTk5V0x0V2dUZm1kUVJTZE93aXpKa2w5NmJvTDNyRWdDQmluZkVKQVNwNTNmZmJaTDliY0xDNl84T20tOG5PS25NT2VGU21peklfWnJzWGs1bGQ5RkJMZXdiRmxNUGxPcElBci1MdUY?oc=5\" target=\"_blank\" rel=\"nofollow noopener\">Un nuevo v\u00eddeo del d\u00eda de la dana muestra a Pradas hablar del estado del Poyo y de alertar en redes a las 12.20<\/a>&nbsp;&nbsp;RTVE.es<\/li>\n<li><a href=\"https:\/\/news.google.com\/rss\/articles\/CBMixgFBVV95cUxOakhSUndfMDV2ZGRCckI2cW41OEpQNVNHTmdXNm9VSzctdVB3TWdQYWFJazhDbmRuSmlLNkdkOV9WeFR6a21NaGxFbFd0Wk15S1hUUzJxaTFwclhBeHJPS1I1Y2dWdGV3SUM3WmpqcG1YbW5PLTN3aThLYl9jZmNlaDR4Z1lUUlZob3A2dHY1M0FuR1ZUV3Rveml3VWpMTGtLNGxkUzd6alFGNU9ORzJhRVNrRDllQ0NDUkZvNW1RODZMLUVLaVHSAcsBQVVfeXFMT3NCbzF2ejdwTUpnXzN6RWVvQjJOaFQxMmV1b0pyb3I1SHdlYm5fYV91b0o0ZzBWcG1KdF9ZNV9ILXZZVVUtSUo0UHBMT19sZGY1emdpX3k1bmVxZlpBNi1wcWtjLXdjSzhaNWxsX3l4b0luVWJLUDkwS1I3b1FlbmdRdGNSRVItQTc5VzRkNGFWUVZxYlRUUk1oN3Izdkk5SHgwWTNGczVyWi1PTjhKTVFpYlVDdGhTRjFhRFBzajA3WmhXbDU4b3Q1M0k?oc=5\" target=\"_blank\" rel=\"nofollow noopener\">Pradas fue advertida a las 13:56 del caudal del Poyo: \u201cEsto es lo que nos est\u00e1 preocupando\u201d<\/a>&nbsp;&nbsp;La Vanguardia<\/li>\n<li><a href=\"https:\/\/news.google.com\/rss\/articles\/CBMivwFBVV95cUxQRXFDSWw0NU5pdUs2VEpuYWhlM2F1R3dUS3gzYzlmTURVM3VOcThZLW5BdGdTajhPVlB6QXN0U3VsUHREem1Wb3BlRGV4ZDB4MzhGbXY5aFVlV1lUY3Bnb1BENmxLWHVhVEJmaFF5WTBEbmxxd1k5QlhsMWphM193LUJLQ0FvRDhGS1gybTF3WkNGYTJ4QkdmU3R1ZWQ3anB1TmNxMnZuUVFoOW5ZdVA3OWEzbHMzeGtWNXV3aG1vWdIBxAFBVV95cUxQQlJDZ1NWZ2M5QkFhV0FGQU5XUmtqTVhhZTBGc2VXcE1jY3V3LW12WmhVbURIODhTMzhQa0Z5QklNU2JvNWIwa2hZSExjTzc3Y0ZZTG50WS1qWVlIVkExeUloQ0dHMkVnYlRtOWxJZU1rYUk5aVg2eDVLdkdIM0RqM2RTaGJJT0RjcEt5dGNKU2RGOXhKTTVlVGI3NFpleS04YWd0aDFRNFVWWlBUaFc4akFZd09nWUpGWXdoblBHd0dJU3VM?oc=5\" target=\"_blank\" rel=\"nofollow noopener\">Pradas habl\u00f3 cuatro veces con Maz\u00f3n cuando el Cecopi debat\u00eda el ES-Alert y \u00e9l com\u00eda en el Ventorro con Vilaplana<\/a>&nbsp;&nbsp;El Confidencial<\/li>\n<\/ol>\n","protected":false},"excerpt":{"rendered":"Salom\u00e9 Pradas dice que inform\u00f3 a Maz\u00f3n de todo lo que ocurr\u00eda en el Cecopi de la dana,&hellip;\n","protected":false},"author":2,"featured_media":211604,"comment_status":"","ping_status":"","sticky":false,"template":"","format":"standard","meta":{"footnotes":""},"categories":[8],"tags":[17,18,39023,25,24,13,14,11,19,20,9,10,15,16,23,12,21,22],"class_list":{"0":"post-211603","1":"post","2":"type-post","3":"status-publish","4":"format-standard","5":"has-post-thumbnail","7":"category-espana","8":"tag-breaking-news","9":"tag-breakingnews","10":"tag-dana-en-valencia","11":"tag-es","12":"tag-espana","13":"tag-featured-news","14":"tag-featurednews","15":"tag-headlines","16":"tag-latest-news","17":"tag-latestnews","18":"tag-news","19":"tag-noticias","20":"tag-noticias-destacadas","21":"tag-noticiasdestacadas","22":"tag-spain","23":"tag-titulares","24":"tag-ultimas-noticias","25":"tag-ultimasnoticias"},"share_on_mastodon":{"url":"","error":""},"_links":{"self":[{"href":"https:\/\/www.europesays.com\/es\/wp-json\/wp\/v2\/posts\/211603","targetHints":{"allow":["GET"]}}],"collection":[{"href":"https:\/\/www.europesays.com\/es\/wp-json\/wp\/v2\/posts"}],"about":[{"href":"https:\/\/www.europesays.com\/es\/wp-json\/wp\/v2\/types\/post"}],"author":[{"embeddable":true,"href":"https:\/\/www.europesays.com\/es\/wp-json\/wp\/v2\/users\/2"}],"replies":[{"embeddable":true,"href":"https:\/\/www.europesays.com\/es\/wp-json\/wp\/v2\/comments?post=211603"}],"version-history":[{"count":0,"href":"https:\/\/www.europesays.com\/es\/wp-json\/wp\/v2\/posts\/211603\/revisions"}],"wp:featuredmedia":[{"embeddable":true,"href":"https:\/\/www.europesays.com\/es\/wp-json\/wp\/v2\/media\/211604"}],"wp:attachment":[{"href":"https:\/\/www.europesays.com\/es\/wp-json\/wp\/v2\/media?parent=211603"}],"wp:term":[{"taxonomy":"category","embeddable":true,"href":"https:\/\/www.europesays.com\/es\/wp-json\/wp\/v2\/categories?post=211603"},{"taxonomy":"post_tag","embeddable":true,"href":"https:\/\/www.europesays.com\/es\/wp-json\/wp\/v2\/tags?post=211603"}],"curies":[{"name":"wp","href":"https:\/\/api.w.org\/{rel}","templated":true}]}}