{"id":211688,"date":"2025-10-31T23:52:07","date_gmt":"2025-10-31T23:52:07","guid":{"rendered":"https:\/\/www.europesays.com\/es\/211688\/"},"modified":"2025-10-31T23:52:07","modified_gmt":"2025-10-31T23:52:07","slug":"bidegorri-de-la-concha","status":"publish","type":"post","link":"https:\/\/www.europesays.com\/es\/211688\/","title":{"rendered":"Bidegorri de La Concha"},"content":{"rendered":"<p>\n        Hace un par de semanas que el <a href=\"https:\/\/www.noticiasdegipuzkoa.eus\/donostia\/2025\/09\/22\/peatones-ciclistas-tendran-circular-bidegorri-10113361.html\" title=\"bidegorri de La Concha\" target=\"_blank\" class=\"link copy\" rel=\"nofollow noopener\">bidegorri de La Concha<\/a> vuelve a estar cortado parcialmente para las ciclistas. Una vez m\u00e1s, las que vamos en bici nos encontramos con el mismo absurdo: <strong>o avanzas empujando la bicicleta como si fueras de paseo, o te arriesgas a circular por la carretera<\/strong>.\u00a0\n<\/p>\n<p>  <strong>\u00a1Env\u00eda tu carta!<\/strong><\/p>\n<p>Si quieres enviar tu Carta al Director, no puede exceder las 30 l\u00edneas y debe ir firmada. Debe adjuntarse fotocopia del DNI del remitente y n\u00famero de tel\u00e9fono. NOTICIAS DE GIPUZKOA se reserva el derecho de publicarlos, as\u00ed como el de resumirlos y extractarlos. La direcci\u00f3n de env\u00edo es\u00a0<a href=\"https:\/\/www.noticiasdegipuzkoa.eus\/cartas-al-director\/2025\/10\/31\/mailto:cartas@noticiasdegipuzkoa.eus\" target=\"_blank\" class=\"link copy\" rel=\"nofollow noopener\">cartas@noticiasdegipuzkoa.eus<\/a><\/p>\n<p class=\"article-body__text \">\n        Pero, cuidado, porque si eliges la segunda, no faltar\u00e1n los conductores que se creen guardias de tr\u00e1fico y <strong>te pitar\u00e1n indignados para mandarte al bidegorri<\/strong>\u2026 ese mismo que est\u00e1 cerrado, por si alguien no se ha enterado.\n<\/p>\n<p class=\"article-body__text \">\n        Para rematar, <strong>los municipales te multan si intentas pasar por el tramo cortado<\/strong>. \u00bfEn qu\u00e9 quedamos entonces? Se nos exige usar el bidegorri, pero se nos impide hacerlo. Y cuando buscamos una alternativa legal, se nos insulta desde los coches. Una vez m\u00e1s, queda claro que en esta ciudad ir en bici es una carrera de obst\u00e1culos.<\/p>\n","protected":false},"excerpt":{"rendered":"Hace un par de semanas que el bidegorri de La Concha vuelve a estar cortado parcialmente para las&hellip;\n","protected":false},"author":2,"featured_media":211689,"comment_status":"","ping_status":"","sticky":false,"template":"","format":"standard","meta":{"footnotes":""},"categories":[273],"tags":[57194,313,18810,312,168,25,24,23,167],"class_list":{"0":"post-211688","1":"post","2":"type-post","3":"status-publish","4":"format-standard","5":"has-post-thumbnail","7":"category-ciclismo","8":"tag-bidegorri","9":"tag-ciclismo","10":"tag-concha","11":"tag-cycling","12":"tag-deportes","13":"tag-es","14":"tag-espana","15":"tag-spain","16":"tag-sports"},"share_on_mastodon":{"url":"https:\/\/pubeurope.com\/@es\/115471472602839068","error":""},"_links":{"self":[{"href":"https:\/\/www.europesays.com\/es\/wp-json\/wp\/v2\/posts\/211688","targetHints":{"allow":["GET"]}}],"collection":[{"href":"https:\/\/www.europesays.com\/es\/wp-json\/wp\/v2\/posts"}],"about":[{"href":"https:\/\/www.europesays.com\/es\/wp-json\/wp\/v2\/types\/post"}],"author":[{"embeddable":true,"href":"https:\/\/www.europesays.com\/es\/wp-json\/wp\/v2\/users\/2"}],"replies":[{"embeddable":true,"href":"https:\/\/www.europesays.com\/es\/wp-json\/wp\/v2\/comments?post=211688"}],"version-history":[{"count":0,"href":"https:\/\/www.europesays.com\/es\/wp-json\/wp\/v2\/posts\/211688\/revisions"}],"wp:featuredmedia":[{"embeddable":true,"href":"https:\/\/www.europesays.com\/es\/wp-json\/wp\/v2\/media\/211689"}],"wp:attachment":[{"href":"https:\/\/www.europesays.com\/es\/wp-json\/wp\/v2\/media?parent=211688"}],"wp:term":[{"taxonomy":"category","embeddable":true,"href":"https:\/\/www.europesays.com\/es\/wp-json\/wp\/v2\/categories?post=211688"},{"taxonomy":"post_tag","embeddable":true,"href":"https:\/\/www.europesays.com\/es\/wp-json\/wp\/v2\/tags?post=211688"}],"curies":[{"name":"wp","href":"https:\/\/api.w.org\/{rel}","templated":true}]}}