{"id":211704,"date":"2025-11-01T00:03:18","date_gmt":"2025-11-01T00:03:18","guid":{"rendered":"https:\/\/www.europesays.com\/es\/211704\/"},"modified":"2025-11-01T00:03:18","modified_gmt":"2025-11-01T00:03:18","slug":"descubren-por-que-las-vacunas-son-menos-eficaces-en-personas-mayores","status":"publish","type":"post","link":"https:\/\/www.europesays.com\/es\/211704\/","title":{"rendered":"Descubren por qu\u00e9 las vacunas son menos eficaces en personas mayores"},"content":{"rendered":"<p> A medida que envejecemos, nuestro sistema inmunitario no responde ante las vacunas de la misma forma. Un nuevo\u00a0<a href=\"https:\/\/www.nature.com\/articles\/s41586-025-09686-5\" target=\"_blank\" rel=\"noreferrer noopener nofollow\">estudio publicado<\/a>\u00a0en\u00a0Nature\u00a0ha identificado los mecanismos celulares que explican por qu\u00e9 los\u00a0<strong>mayores de 65 a\u00f1os desarrollan una respuesta m\u00e1s d\u00e9bil<\/strong>\u00a0tras la vacunaci\u00f3n y ofrece pistas para mejorar su eficacia.<\/p>\n<p>En la investigaci\u00f3n m\u00e1s amplia de este tipo, los cient\u00edficos analizaron\u00a0<strong>c\u00f3mo cambian las c\u00e9lulas T<\/strong>\u00a0\u2014las encargadas de coordinar la respuesta inmunitaria\u2014 a lo largo del envejecimiento. El trabajo muestra que estas c\u00e9lulas experimentan transformaciones profundas y espec\u00edficas que forman parte del envejecimiento saludable, es decir, no son consecuencia de enfermedades cr\u00f3nicas o inflamaci\u00f3n.<\/p>\n<p>\u00abNos sorprendi\u00f3 comprobar que la inflamaci\u00f3n no determina el envejecimiento saludable, parece ser un proceso independiente de la edad de una persona\u00bb, explica\u00a0<strong>Claire Gustafson<\/strong>, doctora e investigadora del Allen Institute y una de las autoras principales. \u00abEsto significa que el sistema inmunitario cambia con la edad de forma natural, y no necesariamente por estar enfermos\u00bb.<\/p>\n<p>Estas modificaciones afectan directamente a la eficacia de vacunas como la de la\u00a0<strong>gripe o los refuerzos contra la covid-19<\/strong>. En concreto, los investigadores observaron que las c\u00e9lulas T de memoria de las personas mayores adoptan un estado denominado \u00abTh2-like\u00bb, que altera su expresi\u00f3n gen\u00e9tica y limita la capacidad de las c\u00e9lulas B para generar anticuerpos potentes. As\u00ed, aunque la vacuna contenga los ant\u00edgenos adecuados, el cuerpo\u00a0<strong>responde de forma menos eficaz<\/strong>.<\/p>\n<p>Vacunas personalizadas<\/p>\n<p>Los resultados podr\u00edan impulsar una nueva generaci\u00f3n de vacunas personalizadas seg\u00fan el perfil inmunitario de cada individuo. \u00abAhora que entendemos c\u00f3mo se deterioran las c\u00e9lulas T con la edad, podemos redise\u00f1ar las vacunas para compensar esos cambios\u00bb, se\u00f1alan los autores. Incluso se plantea el uso de herramientas como\u00a0<strong>CRISPR<\/strong>\u00a0para reprogramar las c\u00e9lulas T antes de la vacunaci\u00f3n, de manera similar a las terapias\u00a0<strong>CAR-T<\/strong>\u00a0empleadas en c\u00e1ncer.<\/p>\n<p>El estudio, realizado en colaboraci\u00f3n con el\u00a0<strong>Benaroya Research Institute<\/strong>, sigui\u00f3 a 96 adultos sanos de entre 25 y 65 a\u00f1os durante m\u00e1s de dos a\u00f1os. Mediante t\u00e9cnicas avanzadas de secuenciaci\u00f3n de ARN unicelular, prote\u00f3mica y citometr\u00eda de flujo, los investigadores elaboraron el\u00a0<strong>Human Immune Health Atlas<\/strong>, un mapa detallado de 71 tipos celulares del sistema inmunitario y c\u00f3mo evolucionan a lo largo de la vida. El recurso analiza m\u00e1s de 16 millones de c\u00e9lulas inmunes y constituye la base de datos m\u00e1s completa sobre inmunidad humana y envejecimiento.<\/p>\n<p>\u00abLa colaboraci\u00f3n entre instituciones y participantes ha sido clave para avanzar en la comprensi\u00f3n del sistema inmunitario\u00bb, destaca\u00a0<strong>Jane Buckner<\/strong>, presidenta del Benaroya Research Institute. \u00abEste trabajo ofrece una hoja de ruta para estudiar c\u00f3mo la funci\u00f3n inmunitaria se deteriora con la edad y c\u00f3mo podr\u00edamos revertirlo\u00bb.<\/p>\n<p>Estos hallazgos no solo ayudan a mejorar las vacunas, sino que tambi\u00e9n ofrecen nuevas v\u00edas para restaurar las funciones del sistema inmunitario en personas mayores y prevenir enfermedades relacionadas con la edad.<\/p>\n","protected":false},"excerpt":{"rendered":"A medida que envejecemos, nuestro sistema inmunitario no responde ante las vacunas de la misma forma. Un nuevo\u00a0estudio&hellip;\n","protected":false},"author":2,"featured_media":211705,"comment_status":"","ping_status":"","sticky":false,"template":"","format":"standard","meta":{"footnotes":""},"categories":[92],"tags":[12902,25,24,165,166,7552,23,1454],"class_list":{"0":"post-211704","1":"post","2":"type-post","3":"status-publish","4":"format-standard","5":"has-post-thumbnail","7":"category-salud","8":"tag-agencia-sinc","9":"tag-es","10":"tag-espana","11":"tag-health","12":"tag-salud","13":"tag-sistema-inmunitario","14":"tag-spain","15":"tag-vacunas"},"share_on_mastodon":{"url":"https:\/\/pubeurope.com\/@es\/115471516014856957","error":""},"_links":{"self":[{"href":"https:\/\/www.europesays.com\/es\/wp-json\/wp\/v2\/posts\/211704","targetHints":{"allow":["GET"]}}],"collection":[{"href":"https:\/\/www.europesays.com\/es\/wp-json\/wp\/v2\/posts"}],"about":[{"href":"https:\/\/www.europesays.com\/es\/wp-json\/wp\/v2\/types\/post"}],"author":[{"embeddable":true,"href":"https:\/\/www.europesays.com\/es\/wp-json\/wp\/v2\/users\/2"}],"replies":[{"embeddable":true,"href":"https:\/\/www.europesays.com\/es\/wp-json\/wp\/v2\/comments?post=211704"}],"version-history":[{"count":0,"href":"https:\/\/www.europesays.com\/es\/wp-json\/wp\/v2\/posts\/211704\/revisions"}],"wp:featuredmedia":[{"embeddable":true,"href":"https:\/\/www.europesays.com\/es\/wp-json\/wp\/v2\/media\/211705"}],"wp:attachment":[{"href":"https:\/\/www.europesays.com\/es\/wp-json\/wp\/v2\/media?parent=211704"}],"wp:term":[{"taxonomy":"category","embeddable":true,"href":"https:\/\/www.europesays.com\/es\/wp-json\/wp\/v2\/categories?post=211704"},{"taxonomy":"post_tag","embeddable":true,"href":"https:\/\/www.europesays.com\/es\/wp-json\/wp\/v2\/tags?post=211704"}],"curies":[{"name":"wp","href":"https:\/\/api.w.org\/{rel}","templated":true}]}}