{"id":211777,"date":"2025-11-01T01:06:09","date_gmt":"2025-11-01T01:06:09","guid":{"rendered":"https:\/\/www.europesays.com\/es\/211777\/"},"modified":"2025-11-01T01:06:09","modified_gmt":"2025-11-01T01:06:09","slug":"victor-alvarez-y-su-huella-en-la-fotografia-publicitaria-y-periodistica-un-lente-que-capto-la-moda-la-gastronomia-y-el-turismo-en-ecuador-gente-entretenimiento","status":"publish","type":"post","link":"https:\/\/www.europesays.com\/es\/211777\/","title":{"rendered":"V\u00edctor \u00c1lvarez y su huella en la fotograf\u00eda publicitaria y period\u00edstica: un lente que capt\u00f3 la moda, la gastronom\u00eda y el turismo en Ecuador | Gente | Entretenimiento"},"content":{"rendered":"<p class=\"prose-text\">El fot\u00f3grafo <b>V\u00edctor \u00c1lvarez Rodr\u00edguez, colaborador de varias agencias de publicidad y durante casi 20 a\u00f1os de Diario EL UNIVERSO,<\/b> falleci\u00f3 en Guayaquil el mi\u00e9rcoles 29 de octubre a los 62 a\u00f1os, dejando una colecci\u00f3n de doce libros sobre cocina y turismo. <\/p>\n<p class=\"prose-text\">Se aficion\u00f3 a la fotograf\u00eda en su adolescencia, documentando sus paseos de los fines de semana, ahorrando para comprar y revelar las pel\u00edculas.<b> A los 19 a\u00f1os ya estaba trabajando en un estudio fotogr\u00e1fico en el que a veces ve\u00eda a las celebridades de la televisi\u00f3n. <\/b>Pero no fotografiaba, sino que estaba en la atenci\u00f3n al cliente.<\/p>\n<p><img decoding=\"async\" class=\"h-auto m-0\"   src=\"https:\/\/www.europesays.com\/es\/wp-content\/uploads\/2025\/11\/Y5JNPOKRGZHONN633EIOX426BA.jpeg\" alt=\"\" style=\"width:100%;height:100%;object-fit:cover;object-position:center;position:absolute;top:0;left:0\"\/><img decoding=\"async\" class=\"h-auto m-0\"   src=\"https:\/\/www.europesays.com\/es\/wp-content\/uploads\/2025\/11\/Y5JNPOKRGZHONN633EIOX426BA.jpeg\" alt=\"\" style=\"width:100%;height:100%;object-fit:cover;object-position:center;position:absolute;top:0;left:0\"\/>El fot\u00f3grafo guayaquile\u00f1o V\u00edctor \u00c1lvarez Rodr\u00edguez, colaborador de Diario EL UNIVERSO y el suplemento La Revista. <strong class=\"text-grey-700\">Foto: Cortes\u00eda<\/strong><\/p>\n<p class=\"prose-text\">Sin embargo, un giro en el negocio llev\u00f3 a su jefe a capacitarse en fotograf\u00eda publicitaria, y V\u00edctor fue parte de ese crecimiento. As\u00ed <b>adquiri\u00f3 habilidad para armar escenas, en especial las de la mesa; la fotograf\u00eda de cocina fue una de sus especialidades<\/b> y <a href=\"http:\/\/www.larevista.ec\/gastronomia\/la-cocina-de-patricia\/camarones-compartidos\" target=\"_self\" rel=\"nofollow noopener\" title=\"http:\/\/www.larevista.ec\/gastronomia\/la-cocina-de-patricia\/camarones-compartidos\">siempre prefiri\u00f3 preparar los platos para las producciones. <\/a><\/p>\n<p class=\"prose-text\"><b>Entr\u00f3 en el a\u00f1o 2000 a EL UNIVERSO para trabajar en el \u00e1rea de revistas; <\/b>hizo portadas, perfiles, fotonovelas, producciones en estudio y tambi\u00e9n fuera de la ciudad; viaj\u00f3 por todo el Ecuador buscando el escenario perfecto. <\/p>\n<p class=\"prose-text\">En este Diario estuvo hasta 2019, a\u00f1o en que se dedic\u00f3 a idear su emprendimiento, que deb\u00eda estar ligado a la cocina. As\u00ed, <b>abri\u00f3 el restaurante ComiVar, en el norte de la ciudad. <\/b><\/p>\n<p class=\"prose-text\">Sus compa\u00f1eros de d\u00e9cadas hablan de la experiencia de haberlo conocido.<\/p>\n<p class=\"prose-text\">\u201cSiempre recordar\u00e9 a V\u00edctor como un gran compa\u00f1ero, un caballero y un artista de la fotograf\u00eda de la cual <b>me ense\u00f1\u00f3 mucho de este arte\u201d, menciona Francisco Verni,<\/b> su amigo y fot\u00f3grafo de este Diario, y con quien labor\u00f3 durante 16 a\u00f1os. <\/p>\n<p class=\"prose-text\">El fot\u00f3grafo ecuatoriano <b>Jorge Pe\u00f1afiel destaca varias de las cualidades de su amigo. \u201cV\u00edctor, buen compa\u00f1ero, con car\u00e1cter, excelente fot\u00f3grafo <\/b>con mucho talento; cuando algo no le gustaba te lo dec\u00eda de una, no con rodeos. Ten\u00eda algunas frases que siempre repet\u00eda\u201d.<\/p>\n<p class=\"prose-text\">\u201c\u00c9l era una persona superhumilde, bondadosa, capaz de dejar de comer para darte a ti. Del grupo de compa\u00f1eros de EL UNIVERSO, \u00e9l era quien cocinaba y lo hac\u00eda superbi\u00e9n. Era muy unido a su familia, a sus padres, a sus hermanos. A \u00e9l le encantaba la Navidad. Era un fot\u00f3grafo excelente, uno de los mejores de la fotograf\u00eda publicitaria.<b> Conoc\u00ed varios de los libros que \u00e9l hizo de fotograf\u00eda\u201d, indica el reportero gr\u00e1fico Mart\u00edn Herrera.<\/b><\/p>\n<p class=\"prose-text\"><b>Cecilia Z\u00fa\u00f1iga, periodista de este Diario, comparti\u00f3 con V\u00edctor en distintas coberturas. <\/b>\u201cTen\u00eda un buen ojo para la fotograf\u00eda, en especial para las que abordaban temas de moda, de gastronom\u00eda, de turismo, de belleza. Le gustaba que sus fotos salieran perfectas, con el mensaje, la intenci\u00f3n y el concepto que quer\u00eda demostrar. Hoy, el pa\u00eds y Guayaquil pierde a un gran lente de la fotograf\u00eda, una persona excepcional que trabaj\u00f3 por muchos a\u00f1os capturando las mejores postales, sonrisas y la esencia de las personas y de la vida\u201d. Agrega que lo recuerda como una gran persona, a la que le gustaba tambi\u00e9n el mundo gastron\u00f3mico. \u201cTen\u00eda una buena saz\u00f3n. Le gustaba experimentar y crear en la cocina\u201d.<\/p>\n<p class=\"prose-text\">\u201cEra un gran profesional que le gustaba todo a su ritmo y manera, porque era perfeccionista y le gustaba que todo salga bien. Cuando almorz\u00e1bamos juntos, mientras trabajamos en el Diario, <b>siempre compartimos an\u00e9cdotas que nos hac\u00edan re\u00edr y volv\u00edan m\u00e1s amena la jornada\u201d, se\u00f1ala la comunicadora Patricia Baja\u00f1a.<\/b><\/p>\n<p>\u201cCreaba los escenarios, los ambientes, era muy buen productor\u201d<\/p>\n<p class=\"prose-text\">Hace casi 24 a\u00f1os, <b>el fotoperiodista Carlos Barros conoci\u00f3 a quien tiempo despu\u00e9s se volvi\u00f3 su amigo. \u201cCuando llegu\u00e9, \u00e9l ten\u00eda meses trabajando en el Diario antes que yo.<\/b> \u00c9l lleg\u00f3 para hacer fotos para La Revista, de moda, las fotos de la portada. Era uno de los mejores fot\u00f3grafos en esa l\u00ednea, \u00e9l tambi\u00e9n produc\u00eda muy bien, creaba los escenarios, creaba los ambientes, era muy buen productor. Les facilitaba siempre el trabajo a todos. Era una gran persona, y era dif\u00edcil para \u00e9l decir que no. Le gustaba ayudar a los otros, ense\u00f1ar, no era ego\u00edsta con nadie. Vivi\u00f3 como \u00e9l quer\u00eda, un gran decorador, excelente cocinero y un gran amigo\u201d.<\/p>\n<p class=\"prose-text\">\u201cGeneroso, detallista y gran amigo. V\u00edctor ten\u00eda una personalidad divertida, siempre te recib\u00eda con una sonrisa, no se complicaba por nada, siempre buscaba la forma de resolver. No era solamente un gran compa\u00f1ero y fot\u00f3grafo, era un amigo que brindaba su apoyo a todos, daba buenos consejos y siempre ten\u00eda una frase acertada. <b>Era el mejor anfitri\u00f3n y cocinaba delicioso\u201d, dice Stephanie G\u00f3mez, editora de La Revista y Entretenimiento<\/b> de este Diario. <\/p>\n<p class=\"prose-text\"><b>Mafer Maldonado, quien trabaj\u00f3 de cerca con \u00e9l como productora de La Revista, lo recuerda as\u00ed: \u201cV\u00edctor y yo fuimos compa\u00f1eros por quince a\u00f1os, todas las semanas era una nueva aventura. <\/b>Siempre fue un hombre trabajador, atento al detalle, creativo y buen compa\u00f1ero. Aprend\u00ed mucho de \u00e9l, compartimos muchas producciones, viajes y momentos que los llevo conmigo como la mejor etapa de mi vida\u201d.<\/p>\n<p class=\"prose-text\">\u201cTrabajar con V\u00edctor era parte de la experiencia de hacer revistas en EL UNIVERSO. Era calmado y observador. <b>Conversaba con el entrevistado, ten\u00eda paciencia, lo esperaba hasta que se sintiera en confianza, especialmente si era un ni\u00f1o\u00bb,<\/b> recuerda la periodista de revistas Dayse Villegas. \u201cMe acompa\u00f1\u00f3 en cientos de producciones para el suplemento infantil Mi Mundo, hizo manualidades, compuso escenas con disfraces y juguetes. Que estuviera a cargo de la fotograf\u00eda te daba confianza, era muy atento a los detalles\u00bb.<b> (I)<\/b><\/p>\n","protected":false},"excerpt":{"rendered":"El fot\u00f3grafo V\u00edctor \u00c1lvarez Rodr\u00edguez, colaborador de varias agencias de publicidad y durante casi 20 a\u00f1os de Diario&hellip;\n","protected":false},"author":2,"featured_media":211778,"comment_status":"","ping_status":"","sticky":false,"template":"","format":"standard","meta":{"footnotes":""},"categories":[173],"tags":[229,233,231,230,232,234,146,147,25,24,23],"class_list":{"0":"post-211777","1":"post","2":"type-post","3":"status-publish","4":"format-standard","5":"has-post-thumbnail","7":"category-arte-y-diseno","8":"tag-arte","9":"tag-arte-y-diseno","10":"tag-arts","11":"tag-arts-and-design","12":"tag-design","13":"tag-diseno","14":"tag-entertainment","15":"tag-entretenimiento","16":"tag-es","17":"tag-espana","18":"tag-spain"},"share_on_mastodon":{"url":"https:\/\/pubeurope.com\/@es\/115471763975639729","error":""},"_links":{"self":[{"href":"https:\/\/www.europesays.com\/es\/wp-json\/wp\/v2\/posts\/211777","targetHints":{"allow":["GET"]}}],"collection":[{"href":"https:\/\/www.europesays.com\/es\/wp-json\/wp\/v2\/posts"}],"about":[{"href":"https:\/\/www.europesays.com\/es\/wp-json\/wp\/v2\/types\/post"}],"author":[{"embeddable":true,"href":"https:\/\/www.europesays.com\/es\/wp-json\/wp\/v2\/users\/2"}],"replies":[{"embeddable":true,"href":"https:\/\/www.europesays.com\/es\/wp-json\/wp\/v2\/comments?post=211777"}],"version-history":[{"count":0,"href":"https:\/\/www.europesays.com\/es\/wp-json\/wp\/v2\/posts\/211777\/revisions"}],"wp:featuredmedia":[{"embeddable":true,"href":"https:\/\/www.europesays.com\/es\/wp-json\/wp\/v2\/media\/211778"}],"wp:attachment":[{"href":"https:\/\/www.europesays.com\/es\/wp-json\/wp\/v2\/media?parent=211777"}],"wp:term":[{"taxonomy":"category","embeddable":true,"href":"https:\/\/www.europesays.com\/es\/wp-json\/wp\/v2\/categories?post=211777"},{"taxonomy":"post_tag","embeddable":true,"href":"https:\/\/www.europesays.com\/es\/wp-json\/wp\/v2\/tags?post=211777"}],"curies":[{"name":"wp","href":"https:\/\/api.w.org\/{rel}","templated":true}]}}