{"id":211800,"date":"2025-11-01T01:27:13","date_gmt":"2025-11-01T01:27:13","guid":{"rendered":"https:\/\/www.europesays.com\/es\/211800\/"},"modified":"2025-11-01T01:27:13","modified_gmt":"2025-11-01T01:27:13","slug":"no-queria-perdonar-ni-un-duro","status":"publish","type":"post","link":"https:\/\/www.europesays.com\/es\/211800\/","title":{"rendered":"No quer\u00eda perdonar ni un duro"},"content":{"rendered":"<p class=\"ft-text\"><strong>Roque Mesa es un &#8216;box to box&#8217;<\/strong>. El jugador canario, que se encuentra sin equipo a sus 35 a\u00f1os, es tendencia en redes sociales por su entrevista en el p\u00f3dcast &#8216;Offsiders&#8217;, donde explic\u00f3 c\u00f3mo fich\u00f3 por el Sevilla y su salida del club, sin perdonar ni un euro del contrato.<\/p>\n<p class=\"ft-text\">Hasta llegar a la \u00e9lite del f\u00fatbol espa\u00f1ol, Roque Mesa tuvo que sudar de lo lindo, pero en Las Palmas encontr\u00f3 su mejor versi\u00f3n, lo que le permiti\u00f3 fichar por el Swansea. \u00ab<strong>Firm\u00f3 un contrato espectacular que me cambia la vida<\/strong>\u00ab, reconoci\u00f3.<\/p>\n<p class=\"ft-text\">La experiencia en el f\u00fatbol ingl\u00e9s dur\u00f3 unos meses, ya que no se acab\u00f3 de adaptar, especialmente con los jugadores: \u00abIntentaba asociarme con alg\u00fan compa\u00f1ero y no me la devolv\u00edan\u00bb. En enero, el Betis llam\u00f3 a su puerta, pero no le pagaban la totalidad del contrato: \u00ab<strong>Me pagaban un 60-70% del contrato y no iba a perdonar un euro<\/strong>\u00ab.<\/p>\n<p class=\"ft-text\">En cambio, <strong>el Sevilla se hizo con los servicios del futbolista mediante una cesi\u00f3n con opci\u00f3n de compra de 10 millones<\/strong>, que se hizo efectiva al final de la temporada por cuatro temporadas m\u00e1s.<\/p>\n<p class=\"ft-text\">La negociaci\u00f3n no fue nada sencilla, ya que no quer\u00eda renunciar a su sueldo: \u00ab<strong>Caparr\u00f3s me dice que me quiere firmar, pero le digo que hay un problema; mi contrato.<\/strong> Yo ten\u00eda firmado dos a\u00f1os m\u00e1s en el\u00a0Swansea\u00a0y le dije que, o me pagaban lo mismo, o me quedaba en Inglaterra, que iba a ganar lo mismo aunque descendiese\u00bb.<\/p>\n<p><img decoding=\"async\" src=\"https:\/\/www.europesays.com\/es\/wp-content\/uploads\/2025\/11\/234d9510-d138-4cbf-937c-65d3cd436527_alta-libre-aspect-ratio_default_0.jpg\" width=\"1200\" height=\"678\" alt=\"Roque Mesa, en un partido con el Sevilla\" class=\"ft-helper-img-rd\" loading=\"lazy\" hasdataaida=\"true\"\/><\/p>\n<p class=\"ft-helper-fontColor-quaternary ft-helper-fontSize-body-S ft-helper-spacer-t-xxs\">Roque Mesa, en un partido con el Sevilla  \/ EFE<\/p>\n<p>La llegada de Monchi, clave<\/p>\n<p class=\"ft-text\">Con la llegada de Monchi, Roque Mesa se qued\u00f3 en un segundo plano, ya que no contaba en los planes de la direcci\u00f3n deportiva. \u00ab<strong>Empezaron con las presiones de siempre, entrenando apartado y tal<\/strong>. Les dije que, o pagaban, o me quedaba. Yo quer\u00eda estar all\u00ed, ellos eran los que no quer\u00edan que estuviese\u00bb, coment\u00f3.<\/p>\n<p class=\"ft-text\">Finalmente, el canario decidi\u00f3 marcharse cedido al Legan\u00e9s, un equipo que \u00abno jugaba a nada\u00bb. Desde su llegada, era consciente de que \u00abla decisi\u00f3n no era la mejor, pero, claro, <strong>no quer\u00eda perder ni un duro y el Legan\u00e9s era el \u00fanico equipo que me lo ofrec\u00eda<\/strong>\u00ab.<\/p>\n<p class=\"ft-text\">Despu\u00e9s de la cesi\u00f3n, el Sevilla le rescindi\u00f3 el contrato el \u00faltimo d\u00eda del mercado, pagando toda la indemnizaci\u00f3n, y firm\u00f3 por tres a\u00f1os con el Valladolid. Las declaraciones del futbolista no han pasado desapercibidas en redes<strong> y ya se ha convertido en el &#8216;rey&#8217; de los contratos<\/strong>.<\/p>\n","protected":false},"excerpt":{"rendered":"Roque Mesa es un &#8216;box to box&#8217;. El jugador canario, que se encuentra sin equipo a sus 35&hellip;\n","protected":false},"author":2,"featured_media":211801,"comment_status":"","ping_status":"","sticky":false,"template":"","format":"standard","meta":{"footnotes":""},"categories":[268],"tags":[25168,1165,168,25,24,280,282,2570,27714,5330,2186,1171,281,23,167,4406],"class_list":{"0":"post-211800","1":"post","2":"type-post","3":"status-publish","4":"format-standard","5":"has-post-thumbnail","7":"category-futbol","8":"tag-cd-leganes","9":"tag-contratos","10":"tag-deportes","11":"tag-es","12":"tag-espana","13":"tag-football","14":"tag-futbol","15":"tag-mesa","16":"tag-queria","17":"tag-rey","18":"tag-roque","19":"tag-sevilla","20":"tag-soccer","21":"tag-spain","22":"tag-sports","23":"tag-ud-las-palmas"},"share_on_mastodon":{"url":"https:\/\/pubeurope.com\/@es\/115471846448802028","error":""},"_links":{"self":[{"href":"https:\/\/www.europesays.com\/es\/wp-json\/wp\/v2\/posts\/211800","targetHints":{"allow":["GET"]}}],"collection":[{"href":"https:\/\/www.europesays.com\/es\/wp-json\/wp\/v2\/posts"}],"about":[{"href":"https:\/\/www.europesays.com\/es\/wp-json\/wp\/v2\/types\/post"}],"author":[{"embeddable":true,"href":"https:\/\/www.europesays.com\/es\/wp-json\/wp\/v2\/users\/2"}],"replies":[{"embeddable":true,"href":"https:\/\/www.europesays.com\/es\/wp-json\/wp\/v2\/comments?post=211800"}],"version-history":[{"count":0,"href":"https:\/\/www.europesays.com\/es\/wp-json\/wp\/v2\/posts\/211800\/revisions"}],"wp:featuredmedia":[{"embeddable":true,"href":"https:\/\/www.europesays.com\/es\/wp-json\/wp\/v2\/media\/211801"}],"wp:attachment":[{"href":"https:\/\/www.europesays.com\/es\/wp-json\/wp\/v2\/media?parent=211800"}],"wp:term":[{"taxonomy":"category","embeddable":true,"href":"https:\/\/www.europesays.com\/es\/wp-json\/wp\/v2\/categories?post=211800"},{"taxonomy":"post_tag","embeddable":true,"href":"https:\/\/www.europesays.com\/es\/wp-json\/wp\/v2\/tags?post=211800"}],"curies":[{"name":"wp","href":"https:\/\/api.w.org\/{rel}","templated":true}]}}