{"id":211810,"date":"2025-11-01T01:34:07","date_gmt":"2025-11-01T01:34:07","guid":{"rendered":"https:\/\/www.europesays.com\/es\/211810\/"},"modified":"2025-11-01T01:34:07","modified_gmt":"2025-11-01T01:34:07","slug":"golazo-del-cadiz-en-su-primer-dia-de-cotizacion-en-el-nasdaq-expansion","status":"publish","type":"post","link":"https:\/\/www.europesays.com\/es\/211810\/","title":{"rendered":"Golazo del C\u00e1diz en su primer d\u00eda de cotizaci\u00f3n en el Nasdaq &#8211; Expansi\u00f3n"},"content":{"rendered":"<ol>\n<li><a href=\"https:\/\/news.google.com\/rss\/articles\/CBMigAFBVV95cUxOV2tqY3NsNVd1Ymp2dUhuaUlqVUc0ZXYtU0lBQm1md0l1aWJDZUQ0a2xQWXhWYUNHbWhpS19GMzdrTTJJYVBCd0FaWldTUGtMOC1jT2JILThIeDhlLUNDQUc5SWcydTNIZVhHUVUwRF8wUVBfZE1Kc2VHMWVXQVNIdtIBgAFBVV95cUxOS0xWS0haQmYwbE1JN24wZzR1cktHajJWTkRQTklCSVBGOXcycVFqSU9ObGF4R2QyNVNuNEhKcU9KWkp6aF8wT0NURDF0akZPU0hMVDZ2QzZISWpYUXRoT0tMbkt0X3NOZnBhNTQ4TmVzdi04WExtQ3JPX2VoaDI2ag?oc=5\" target=\"_blank\" rel=\"nofollow noopener\">Golazo del C\u00e1diz en su primer d\u00eda de cotizaci\u00f3n en el Nasdaq<\/a>&nbsp;&nbsp;Expansi\u00f3n<\/li>\n<li><a href=\"https:\/\/news.google.com\/rss\/articles\/CBMi1AFBVV95cUxQT2UxTWhGYVIyUVQ4NDBJYXVFc1J4bVNnZGYycFd2Ny1Jb3Zpck0wZlpkYXVaMUxwTFN6Wjd5R0JYTXBteU5HNHNybGFpNVdKMks5SHlCUzJiTEpGTWRYN3UtOGxtSTV0QmVBYVhCMl9tNEc3Zzlyb0VrRkZsNGZvOFh1eFVlT3NjS1JnTkM5aVBjdGMwd2VrSnlRU3g3TU1vM1NpMmVaSlhWQ3ZlSmFFVmZmMmRKa3NNWjQ4bnJaV1NBWERGT3ZjbThPYVZVYXdwazlqbNIBvwFBVV95cUxNMEJXRW9UR3JOZ2lWRFB4LVRlMHdvbUZtWW41WEw2T1NNSUJoVEs4dy1sUFpZWVBQNWtxWjdvX3JVX2llQnRvVUY0cldreXRzaFg3S1ZRMzFJWXlpRGE4VWROa2dTTXQ4TXZUZXJ4TDBaRTdRZjUzR1BhMzB6ZGF2MnZGTVZ6WTJxdk5XTWxZMXVDMzZBSEU1R0s0T2g1Wm1sNV9ab29XRVpxck11dDdvbEVvbm4wdHJFbHdVSXRHVQ?oc=5\" target=\"_blank\" rel=\"nofollow noopener\">Wall Street se viste hoy de amarillo: el C\u00e1diz CF ya cotiza en el Nasdaq y se dispara en sus primeros movimientos<\/a>&nbsp;&nbsp;El Economista<\/li>\n<li><a href=\"https:\/\/news.google.com\/rss\/articles\/CBMihwFBVV95cUxOeFZPRDRMZ3FuMEtoOGJHVW9QS2RSMmNMQmpOc2QxaS1UallwN3R5VldvYUZlMVdzVzRuT0lFd0NJdVVGSHZvTEpadDVUbkRoRjUwbnBJc0FxRWMwZ1dGc2NXNjMyR3pueVhFV1B6d2pqOWQ0VldCRXFJOXp6U0FmT3Z4TXN6bGM?oc=5\" target=\"_blank\" rel=\"nofollow noopener\">Carta del presidente: Nomadar cotizar\u00e1 en Nasdaq<\/a>&nbsp;&nbsp;C\u00e1diz CF<\/li>\n<li><a href=\"https:\/\/news.google.com\/rss\/articles\/CBMivwFBVV95cUxQSHYyZEZPUDRVcVBscmpHMG0wdFJ6OTJSbUdhSHh3dnFoZ3FhdXN2RE82SmQwaS1MZ3lqSXdQdW9WdVRmZVZjWXJfVEMwLU9OMmRwdUlZTXNRejh1VDgzckFoZUNBRUZhUlBQZDVMVkZ4NXhqUE5abHNLTHhwVWdPRGIzaHdhdlJfRDJsd1pKRVNleW9HckdBc01kMFNLLS1wOEVFNnpWRWF1ZUt2MkZVTVZCUTh4bnZzVjdCTTBSY9IBxAFBVV95cUxQRXVlSWNhOEhJZWZ2N3ZLMDdyX1MyWVRZeDExYl8yb2xub3FfQjZvYzBPZHZCSjQ0NnluQmRYSFR6NmgxeXY1RDd6a3dTN2cxdTB6WjhjNG4yVXNTdTA2YU9Sem1aQmdhSGxQTnlHTlk0ZGc1RUVMRXpXUWR0SUJ5bjFaZ3pMZlZRbU9NWFlYWHlaNVM3MzBhYW5jWEVXbTNkQms3Vmc5ZG9DV3J1WVcyaEd3UVVNX2tod0Y3ZGhEdWtya01k?oc=5\" target=\"_blank\" rel=\"nofollow noopener\">El C\u00e1diz CF debuta en Wall Street a trav\u00e9s de su filial tecnol\u00f3gica Nomadar<\/a>&nbsp;&nbsp;El Confidencial<\/li>\n<li><a href=\"https:\/\/news.google.com\/rss\/articles\/CBMiqgFBVV95cUxPdnEtUUtsbjN1SUIyQm9YaXNpRlVxSmVxVTlZUlp0VVJmYVJ0Zm5HQzBoc0xnZEUtV1paTFF3NUt0aW1zVElkUFlVekJHSjVqNUV2alk3NV9MdW8zajNjTXRsMUNpajVWcmhqN3hLM3lqREN6ZDdPVWpnM0tsNnBacEJvMTJMRTdEd3VCV1JWQmxyN1dQVGNIT2FsVmFnb3p1blptREJqdGc1QdIBrwFBVV95cUxOeUJxRjZJamxJWTlodVhXdFpnbU1qcURDeV94Ump2dU9WaTlnQi1fOGNfbmFNQnBvRVdVMWJnbjM3R0ZpRTZZUkh0dTBFU1hHaG83VWF5RElxek5haVZpZXRGR3RFMTk1WEp5VURGdVh6U1VwaUc1TnFtUGdkZGlkcm8wamt6Z1RpVUVvQklOcWl6ejlLRmsyNlNhSk85MVl3ZDktazR3aHRQUFRYUWhR?oc=5\" target=\"_blank\" rel=\"nofollow noopener\">El C\u00e1diz hace realidad su sue\u00f1o de cotizar en la Bolsa de Nueva York<\/a>&nbsp;&nbsp;Diario de C\u00e1diz<\/li>\n<\/ol>\n","protected":false},"excerpt":{"rendered":"Golazo del C\u00e1diz en su primer d\u00eda de cotizaci\u00f3n en el Nasdaq&nbsp;&nbsp;Expansi\u00f3n Wall Street se viste hoy de&hellip;\n","protected":false},"author":2,"featured_media":211811,"comment_status":"","ping_status":"","sticky":false,"template":"","format":"standard","meta":{"footnotes":""},"categories":[93],"tags":[22336,168,25,24,114,23,167],"class_list":{"0":"post-211810","1":"post","2":"type-post","3":"status-publish","4":"format-standard","5":"has-post-thumbnail","7":"category-deportes","8":"tag-cadiz-cf","9":"tag-deportes","10":"tag-es","11":"tag-espana","12":"tag-mercados","13":"tag-spain","14":"tag-sports"},"share_on_mastodon":{"url":"https:\/\/pubeurope.com\/@es\/115471873712876293","error":""},"_links":{"self":[{"href":"https:\/\/www.europesays.com\/es\/wp-json\/wp\/v2\/posts\/211810","targetHints":{"allow":["GET"]}}],"collection":[{"href":"https:\/\/www.europesays.com\/es\/wp-json\/wp\/v2\/posts"}],"about":[{"href":"https:\/\/www.europesays.com\/es\/wp-json\/wp\/v2\/types\/post"}],"author":[{"embeddable":true,"href":"https:\/\/www.europesays.com\/es\/wp-json\/wp\/v2\/users\/2"}],"replies":[{"embeddable":true,"href":"https:\/\/www.europesays.com\/es\/wp-json\/wp\/v2\/comments?post=211810"}],"version-history":[{"count":0,"href":"https:\/\/www.europesays.com\/es\/wp-json\/wp\/v2\/posts\/211810\/revisions"}],"wp:featuredmedia":[{"embeddable":true,"href":"https:\/\/www.europesays.com\/es\/wp-json\/wp\/v2\/media\/211811"}],"wp:attachment":[{"href":"https:\/\/www.europesays.com\/es\/wp-json\/wp\/v2\/media?parent=211810"}],"wp:term":[{"taxonomy":"category","embeddable":true,"href":"https:\/\/www.europesays.com\/es\/wp-json\/wp\/v2\/categories?post=211810"},{"taxonomy":"post_tag","embeddable":true,"href":"https:\/\/www.europesays.com\/es\/wp-json\/wp\/v2\/tags?post=211810"}],"curies":[{"name":"wp","href":"https:\/\/api.w.org\/{rel}","templated":true}]}}